{"id":9964,"date":"2021-08-03T09:14:50","date_gmt":"2021-08-03T07:14:50","guid":{"rendered":"https:\/\/taiyo.fi\/?p=9964"},"modified":"2021-08-11T12:51:05","modified_gmt":"2021-08-11T10:51:05","slug":"taiyon-toimisto-aukeaa-9-8-artsus-office-will-open-on-the-9th-of-august","status":"publish","type":"post","link":"https:\/\/taiyo.fi\/sv\/2021\/08\/03\/taiyon-toimisto-aukeaa-9-8-artsus-office-will-open-on-the-9th-of-august\/","title":{"rendered":"TaiYo:n toimisto aukeaa 9.8. &#8211; Student Union office will open on the 9th of August"},"content":{"rendered":"<p class=\"wp-block-paragraph\">TaiYo:n toimisto (Nervanderinkatu 13, 4. krs) aukeaa kes\u00e4tauon j\u00e4lkeen j\u00e4lleen maanantaina 9.8. ja palvelee ma-ti &amp; to klo 12-14 ja ke klo 13-17. Yliopiston opintotietoj\u00e4rjestelm\u00e4n vaihdoksen vuoksi uusien lukuvuositarrojen jako opiskelijakortteihin aloitetaan niin ik\u00e4\u00e4n maanantaina 9.8. <\/p>\n\n\n\n<p class=\"wp-block-paragraph\">16.8. l\u00e4htien toimistolla on laajennetut aukioloajat, ja nelj\u00e4n viikon ajan eli 11.9. asti se palvelee ma-ti ja to-pe klo 11-14 sek\u00e4 ke klo 11-17. Toimiston lis\u00e4ksi TaiYo:lla on ajalla 19.8.-2.9. k\u00e4yt\u00f6ss\u00e4 ylim\u00e4\u00e4r\u00e4iset lukuvuositarrojen jakelupisteet Kuvataideakatemian ja Teatterikorkeakoulun tiloissa S\u00f6rn\u00e4isiss\u00e4. N\u00e4iden aukioloajoista tiedotetaan my\u00f6hemmin.<\/p>\n\n\n\n<p class=\"wp-block-paragraph\">Pyyd\u00e4mme huomioimaan kiristyneen koronatilanteen toimistolla asioidessa ja k\u00e4ytt\u00e4m\u00e4\u00e4n kasvomaskia sek\u00e4 pit\u00e4m\u00e4\u00e4n huolta turvav\u00e4leist\u00e4 ja hyv\u00e4st\u00e4 k\u00e4sihygieniasta.<\/p>\n\n\n\n<p class=\"wp-block-paragraph\"><\/p>\n\n\n\n<p class=\"has-medium-font-size wp-block-paragraph\"><strong>KonSts kansli \u00f6ppnar 9.8.<\/strong><\/p>\n\n\n\n<p class=\"wp-block-paragraph\">KonSts kansli (Nervandersgatan 13, 4 v\u00e5n.) \u00f6ppnar igen efter sommaren p\u00e5 m\u00e5ndagen 9.8. och har  \u00f6ppet m\u00e5-ti &amp; to kl. 12-14 och on kl. 13-17.  P\u00e5 grund av nya studief\u00f6rvaltningssystemet Peppi b\u00f6rjar ocks\u00e5 utdelning av l\u00e4s\u00e5rsdekaler m\u00e5 9.8.<\/p>\n\n\n\n<p class=\"wp-block-paragraph\">Fr\u00e5n 16.8. ska kansliet ha l\u00e4ngre \u00f6ppettider: m\u00e5-ti &amp; to-fr kl. 11-14 och on kl. 11-17. Under perioden 19.8-2.9 finns det ocks\u00e5 separata utdelningspunkter f\u00f6r l\u00e4s\u00e5rsdekaler p\u00e5 Bildkonstakademin och Teaterh\u00f6gskolan.<\/p>\n\n\n\n<p class=\"wp-block-paragraph\">Kom ih\u00e5g att anv\u00e4nda en munskydd, h\u00e5lla avst\u00e5nd och vara noga med handhygien. Tack!<\/p>\n\n\n\n<p class=\"wp-block-paragraph\"><\/p>\n\n\n\n<p class=\"has-medium-font-size wp-block-paragraph\"><strong>ArtSU&#8217;s office will open on the 9th of August<\/strong><\/p>\n\n\n\n<p class=\"wp-block-paragraph\">ArtSU\u2019s office (Nervanderinkatu 13, 4th floor) is again open after the summer and is open from 9 Aug on Mon-Tue &amp; Thu-Fri at 12-14 and on Wed at 13-17. Due to the new student information system the handing of new term stickers begins also on the 9 Aug.<\/p>\n\n\n\n<p class=\"wp-block-paragraph\">From 16 Aug the office will have longer opening hours and will be open on Mon-Tue &amp; Thu-Fri at 11-14 and on Wed at 11-17.  From 19 August to 2 September there will also be additional service points at the Academy of Fine Arts and Theatre Academy for handing out term stickers.<\/p>\n\n\n\n<p class=\"wp-block-paragraph\">Please take care of safe distances and good hand hygiene and use a face mask when visiting ArtSU&#8217;s office.  <\/p>","protected":false},"excerpt":{"rendered":"<p>TaiYo:n toimisto (Nervanderinkatu 13, 4. krs) aukeaa kes\u00e4tauon j\u00e4lkeen j\u00e4lleen maanantaina 9.8. ja palvelee ma-ti &amp; to klo 12-14 ja ke klo [&hellip;]<\/p>\n","protected":false},"author":13,"featured_media":5106,"comment_status":"closed","ping_status":"open","sticky":false,"template":"","format":"standard","meta":{"_coblocks_attr":"","_coblocks_dimensions":"","_coblocks_responsive_height":"","_coblocks_accordion_ie_support":"","_crdt_document":"","advanced_seo_description":"","jetpack_seo_html_title":"","jetpack_seo_noindex":false,"_jetpack_memberships_contains_paid_content":false,"footnotes":"","jetpack_publicize_message":"","jetpack_publicize_feature_enabled":true,"jetpack_social_post_already_shared":true,"jetpack_social_options":{"image_generator_settings":{"template":"highway","default_image_id":0,"font":"","enabled":false},"version":2},"_wpas_customize_per_network":false},"categories":[1],"tags":[143981783],"class_list":["post-9964","post","type-post","status-publish","format-standard","has-post-thumbnail","hentry","category-taiyo","tag-featured"],"jetpack_publicize_connections":[],"jetpack_featured_media_url":"https:\/\/i0.wp.com\/taiyo.fi\/wp-content\/uploads\/2018\/04\/uusitapetti4.jpg?fit=1890%2C894&ssl=1","jetpack_sharing_enabled":true,"jetpack_shortlink":"https:\/\/wp.me\/p2w00X-2AI","jetpack_likes_enabled":true,"amp_enabled":true,"_links":{"self":[{"href":"https:\/\/taiyo.fi\/sv\/wp-json\/wp\/v2\/posts\/9964","targetHints":{"allow":["GET"]}}],"collection":[{"href":"https:\/\/taiyo.fi\/sv\/wp-json\/wp\/v2\/posts"}],"about":[{"href":"https:\/\/taiyo.fi\/sv\/wp-json\/wp\/v2\/types\/post"}],"author":[{"embeddable":true,"href":"https:\/\/taiyo.fi\/sv\/wp-json\/wp\/v2\/users\/13"}],"replies":[{"embeddable":true,"href":"https:\/\/taiyo.fi\/sv\/wp-json\/wp\/v2\/comments?post=9964"}],"version-history":[{"count":10,"href":"https:\/\/taiyo.fi\/sv\/wp-json\/wp\/v2\/posts\/9964\/revisions"}],"predecessor-version":[{"id":9992,"href":"https:\/\/taiyo.fi\/sv\/wp-json\/wp\/v2\/posts\/9964\/revisions\/9992"}],"wp:featuredmedia":[{"embeddable":true,"href":"https:\/\/taiyo.fi\/sv\/wp-json\/wp\/v2\/media\/5106"}],"wp:attachment":[{"href":"https:\/\/taiyo.fi\/sv\/wp-json\/wp\/v2\/media?parent=9964"}],"wp:term":[{"taxonomy":"category","embeddable":true,"href":"https:\/\/taiyo.fi\/sv\/wp-json\/wp\/v2\/categories?post=9964"},{"taxonomy":"post_tag","embeddable":true,"href":"https:\/\/taiyo.fi\/sv\/wp-json\/wp\/v2\/tags?post=9964"}],"curies":[{"name":"wp","href":"https:\/\/api.w.org\/{rel}","templated":true}]}}