{"id":7464,"date":"2020-04-21T16:42:37","date_gmt":"2020-04-21T14:42:37","guid":{"rendered":"https:\/\/taiyo.fi\/?p=7464"},"modified":"2020-04-27T18:43:17","modified_gmt":"2020-04-27T16:43:17","slug":"taideyliopiston-ylioppilaskunta-lakittaa-havis-amandan-virtuaalitodellisuudessa","status":"publish","type":"post","link":"https:\/\/taiyo.fi\/sv\/2020\/04\/21\/taideyliopiston-ylioppilaskunta-lakittaa-havis-amandan-virtuaalitodellisuudessa\/","title":{"rendered":"Taideyliopiston ylioppilaskunta lakittaa Havis Amandan virtuaalitodellisuudessa &#8211; University of the Arts Student Union to crown Havis Amanda in virtual reality"},"content":{"rendered":"<p class=\"wp-block-paragraph\"><em>Tiedote \u2013 julkaisuvapaa heti<\/em><br><em>P\u00e5 svenska nedan \u2013 In English below<\/em><\/p>\n\n\n\n<p class=\"wp-block-paragraph\">T\u00e4n\u00e4 vappuna perinteisest\u00e4 Havis Amandan lakituksesta vastaava Taideyliopiston ylioppilaskunta (TaiYo) toteuttaa lakituksen kokonaan virtuaalisesti. Koronavirusepidemian my\u00f6t\u00e4 perinteinen lakitus Kauppatorilla ei t\u00e4ll\u00e4 kertaa ole mahdollinen, mutta ylioppilaskunta haluaa silti olla tuomassa iloa ihmisten vappuun toteuttamalla lakituksen vaihtoehtoisella tavalla, jota kaikkien on mahdollista seurata turvallisesti omalta kotisohvaltaan.<\/p>\n\n\n\n<p class=\"wp-block-paragraph\">Yhteisty\u00f6ss\u00e4 Helsingin kaupungin ja VR-studio Zoanin kanssa toteutettava virtuaalilakitus tarjoaa mahdollisuuden kokea perinteinen tapahtuma aivan uudella ja ainutlaatuisella tavalla. Lakitus tarjoaa my\u00f6s katsojille mahdollisuuden vuorovaikutukseen, reagointiin ja t\u00e4n\u00e4 kev\u00e4\u00e4n\u00e4 paljon kaivattuun yhteis\u00f6llisyyteen virtuaalitodellisuudessa. Mantan lakitus on katsottavissa mm. osoitteessa <a href=\"http:\/\/www.burst.fi\">www.burst.fi<\/a> vappuaattona 30.4. klo 17.45 alkaen, ja se on samalla osa Helsingin kaupungin laajempaa vappuaaton ohjelmaa. Helsingin kaupunki julkistaa et\u00e4vapun ohjelman kokonaisuudessaan my\u00f6hemmin t\u00e4ll\u00e4 viikolla.&nbsp;<\/p>\n\n\n\n<p class=\"wp-block-paragraph\">\u201dHavis Amandan lakitus on yksi Helsingin rakkaimpia vappuperinteit\u00e4, jota t\u00e4n\u00e4 vuonna ei voida koronaepidemian takia j\u00e4rjest\u00e4\u00e4 perinteisess\u00e4 muodossa. On ollut hienoa n\u00e4hd\u00e4, kuinka Taideyliopiston ylioppilaskunta on l\u00e4htenyt innovatiivisesti toteuttamaan lakitusta uudella tavalla yhdess\u00e4 kaupungin ja Zoanin kanssa. Toivon, ett\u00e4 Mantan lakitus toimii t\u00e4n\u00e4kin vuonna vapun avaajana ja tuo iloa et\u00e4vapun viettoon\u201d, toteaa Helsingin pormestari <strong>Jan Vapaavuori<\/strong>.<\/p>\n\n\n\n<p class=\"wp-block-paragraph\">Omien perinteidens\u00e4 ja arvojensa mukaisesti Taideyliopiston ylioppilaskunta haluaa my\u00f6s nostaa tapahtumassa esiin t\u00e4rkein\u00e4 pit\u00e4mi\u00e4\u00e4n yhteiskunnallisia kysymyksi\u00e4 ja k\u00e4sitell\u00e4 niit\u00e4 taiteen keinoin. Lakitukseen johdatteleekin samassa virtuaaliymp\u00e4rist\u00f6ss\u00e4 toteutettu lyhyt poikkitaiteellinen performanssi, jossa kuullaan ilmastokriisist\u00e4 innoituksensa saanut monikielinen ylistys luonnolle. Performanssin taiteellisesta suunnittelusta ja toteutuksesta vastaa Taideyliopiston opiskelijoista koostuva ty\u00f6ryhm\u00e4, jonka j\u00e4senet on lueteltu tarkemmin alla.<\/p>\n\n\n\n<p class=\"wp-block-paragraph\">Virtuaalisen Mantan lakituksen my\u00f6t\u00e4 Taideyliopiston ylioppilaskunta haluaa my\u00f6s muistuttaa kaikkia turvallisesta vapun vietosta poikkeusolosuhteissa. \u201cMantan lakituksen teemoilla ja ohjelmalla haluamme nostaa esiin taiteen voimaa, luonnon kauneutta ja planeettaamme edelleen uhkaavan ilmastokriisin vakavuutta. Lakituksen uudella toteutustavalla haluamme kuitenkin my\u00f6s muistuttaa, ettei kokoontuminen ole viel\u00e4 turvallista ja poikkeusoloissa rakkaatkin perinteet on osattava ajatella uusiksi. Toivomme, ett\u00e4 Helsingin keskustaan ja Ullanlinnanm\u00e4elle vaeltamisen sijaan kaikki seuraavat Mantan lakitusta ja kohottavat maljat t\u00e4ll\u00e4 kertaa kotonaan\u201d, vetoaa Taideyliopiston ylioppilaskunnan puheenjohtaja <strong>Sofia Charifi<\/strong>.<\/p>\n\n\n\n<p class=\"wp-block-paragraph\"><strong>Ty\u00f6ryhm\u00e4<\/strong><\/p>\n\n\n\n<ul class=\"wp-block-list\"><li>Musiikki &#8211; Aukusti Arjas (sis. remixit VILD\u00c1n kappaleista <em>Sk\u00e1llov\u00e1rri<\/em>, <em>Beaivvi m\u00e1n\u00e1t<\/em> och <em>Vildaluodda<\/em>)<\/li><li>Esiintyj\u00e4t &#8211; Matleena Kohonen, Saara Lampela, Eugenie van der Meulen, Sara-Maria Pirhonen<\/li><li>Taiteellinen suunnittelu &#8211; Sofia Charifi (taiteellinen vastaava), Terhi Hartikainen, Veera Isotalo, Eeva Rajakangas, Oskari Ruuska, Maria Valkeavuolle sek\u00e4 esiintyj\u00e4t<\/li><li>Tuotanto &#8211; Sini Kaartinen, Ville Sinnem\u00e4ki<\/li><\/ul>\n\n\n\n<p class=\"wp-block-paragraph\"><strong>Mera information<\/strong><\/p>\n\n\n\n<ul class=\"wp-block-list\"><li>Puheenjohtaja Sofia Charifi (erityisesti lakituksen teemat ja taiteellinen sis\u00e4lt\u00f6): puh. 050 4040 513, sofia.charifi@uniarts.fi<\/li><li>Varapuheenjohtaja Sini Kaartinen (erityisesti lakituksen k\u00e4yt\u00e4nn\u00f6n j\u00e4rjestelyt): puh. 044 5431 461, sini.kaartinen@uniarts.fi<\/li><\/ul>\n\n\n\n<p class=\"wp-block-paragraph\"><strong>Tapahtuma Facebookissa:<\/strong> <a href=\"http:\/\/www.facebook.com\/events\/515855342652856\">www.facebook.com\/events\/515855342652856<\/a><\/p>\n\n\n\n<p class=\"wp-block-paragraph\"><em>P\u00e4\u00e4kaupunkiseudun ylioppilaskunnat (AYY, HYY, SHS ja TaiYo) lakittavat Havis Amandan patsaan vappuaattona vuorovuosin. Lakitusperinne vakiintui nykyiseen muotoonsa vuonna 1951, mutta ep\u00e4virallisesti Mantaa on lakitettu l\u00e4hteest\u00e4 riippuen jo noin sadan vuoden ajan. Viel\u00e4 1970-luvulla Manta lakitettiin puolen y\u00f6n aikaan kuun vaihtuessa.<\/em><\/p>\n\n\n\n<p class=\"wp-block-paragraph\"><em>Taideyliopiston ylioppilaskunta (TaiYo) on Taideyliopiston opiskelijoiden yhteis\u00f6 sek\u00e4 etu- ja palveluj\u00e4rjest\u00f6, jonka j\u00e4seni\u00e4 ovat kaikki n. 1800 Taideyliopiston perustutkinto-opiskelijaa. Ylioppilaskunta syntyi Taideyliopiston perustamisen my\u00f6t\u00e4 1.1.2013, kun Kuvataideakatemian, Sibelius-Akatemian ja Teatterikorkeakoulun ylioppilaskunnat yhdistyiv\u00e4t.<\/em><\/p>\n\n\n\n<h2 class=\"wp-block-heading\"><strong>Konstuniversitetets studentk\u00e5r s\u00e4tter studentm\u00f6ssa p\u00e5 Havis Amanda virtuellt<\/strong><\/h2>\n\n\n\n<p class=\"wp-block-paragraph\">Konstuniversitetets studentk\u00e5r (KonSt), som i \u00e5r ansvarar f\u00f6r traditionen att s\u00e4tta studentm\u00f6ssan p\u00e5 Havis Amanda, kommer att f\u00f6rverkliga m\u00f6ssp\u00e5l\u00e4ggningen helt virtuellt. I och med coronaepidemin \u00e4r den sedvanliga m\u00f6ssp\u00e5l\u00e4ggningen p\u00e5 Salutorget inte m\u00f6jlig i \u00e5r. Studentk\u00e5ren vill dock bringa gl\u00e4dje till folket p\u00e5 valborg genom att f\u00f6rverkliga m\u00f6ssp\u00e5l\u00e4ggningen p\u00e5 ett alternativt s\u00e4tt, som alla har m\u00f6jlighet att f\u00f6lja med tryggt fr\u00e5n den egna soffan.<\/p>\n\n\n\n<p class=\"wp-block-paragraph\">Den virtuella m\u00f6ssp\u00e5l\u00e4ggningen, som f\u00f6rverkligas i samarbete med Helsingfors stad och VR-studion Zoan, erbjuder m\u00f6jligheten att uppleva det traditionella evenemanget p\u00e5 ett nytt och enast\u00e5ende s\u00e4tt. Tittarna har ocks\u00e5 m\u00f6jlighet att interagera, reagera och uppleva mycket efterl\u00e4ngtade gemenskaplighet virtuellt. Havis Amandas m\u00f6ssp\u00e5l\u00e4ggning kan ses till exempel p\u00e5 adressen <a href=\"http:\/\/www.burst.fi\">www.burst.fi<\/a> p\u00e5 valborgsm\u00e4ssoafton 30.4 fr\u00e5n och med kl. 17.45, och den \u00e4r samtidigt en del av Helsingfors stads program f\u00f6r valborgsm\u00e4ssoafton. Helsingfors stad publicerar hela programmet f\u00f6r Vappen hemma senare i veckan.<\/p>\n\n\n\n<p class=\"wp-block-paragraph\">\u201dM\u00f6ssp\u00e5l\u00e4ggningen av Havis Amanda, som \u00e4r en av de mest k\u00e4ra valborgstraditioner i Helsingfors, kan i \u00e5r inte f\u00f6rverkligas i sin traditionella form p.g.a. coronaepidemin. Det har varit fint att se hur Konstuniversitetets studentk\u00e5r innovativt har g\u00e5tt med i att f\u00f6rverkliga evenemanget p\u00e5 ett nytt s\u00e4tt tillsammans med Helsingfors stad och Zoan. Jag hoppas att m\u00f6ssp\u00e5l\u00e4ggningen av Havis Amanda \u00e4ven i \u00e5r fungerar som start f\u00f6r vappen, och att den bringar gl\u00e4dje till allas firande av Vappen hemma\u201d, s\u00e4ger Helsingfors borgm\u00e4stare <strong>Jan Vapaavuori<\/strong>.<\/p>\n\n\n\n<p class=\"wp-block-paragraph\">I enlighet med sina traditioner och v\u00e4rden vill Konstuniversitetets studentk\u00e5r \u00e4ven f\u00f6ra fram viktiga samh\u00e4lleliga fr\u00e5gor i evenemanget och behandla dem med konstens medel. En kort tv\u00e4rkonstn\u00e4rlig performans med en flerspr\u00e5kig lovs\u00e5ng till naturen, inspirerad av klimatkrisen, genomf\u00f6rs i samma virtuella omgivning och leder till m\u00f6ssp\u00e5l\u00e4ggningen. En arbetsgrupp som best\u00e5r av studerande fr\u00e5n Konstuniversitetet (se nedan) ansvarar f\u00f6r performansens konstn\u00e4rliga planering och implementering.<\/p>\n\n\n\n<p class=\"wp-block-paragraph\">Med den virtuella m\u00f6ssp\u00e5l\u00e4ggningen vill Konstuniversitetets studentk\u00e5r \u00e4ven p\u00e5minna alla om tryggt valborgsfirande i undantagsf\u00f6rh\u00e5llanden. \u201dMed m\u00f6ssp\u00e5l\u00e4ggningens teman och program vill vi framh\u00e4va konstens kraft, naturens sk\u00f6nhet och allvaret i den klimatkris som forts\u00e4ttningsvis hotar v\u00e5r planet. Med det nya s\u00e4ttet att f\u00f6rverkliga m\u00f6ssp\u00e5l\u00e4ggningen vill vi \u00e4ven p\u00e5minna att det inte \u00e4nnu \u00e4r tryggt att samlas, och i undantagstider m\u00e5ste \u00e4ven de mest k\u00e4ra traditioner t\u00e4nkas om. Vi hoppas att alla, ist\u00e4llet f\u00f6r att f\u00e4rdas till centrum och Ulrikasborgsbacken, f\u00f6ljer med m\u00f6ssp\u00e5l\u00e4ggningen och sk\u00e5lar hemma den h\u00e4r g\u00e5ngen\u201d, v\u00e4djar ordf\u00f6rande f\u00f6r Konstuniversitetets studentk\u00e5r <strong>Sofia Charifi<\/strong>.<\/p>\n\n\n\n<p class=\"wp-block-paragraph\"><strong>Arbetsgruppen<\/strong><\/p>\n\n\n\n<ul class=\"wp-block-list\"><li>Musik &#8211; Aukusti Arjas (inkl. remix av VILD\u00c1s musikstycken <em>Sk\u00e1llov\u00e1rri<\/em>, <em>Beaivvi m\u00e1n\u00e1t<\/em> och <em>Vildaluodda<\/em>)<\/li><li>Upptr\u00e4dande &#8211; Matleena Kohonen, Saara Lampela, Eugenie van der Meulen och Sara-Maria Pirhonen<\/li><li>Konstn\u00e4rlig planering &#8211; Sofia Charifi (konstn\u00e4rlig ledare), Terhi Hartikainen, Veera Isotalo, Eeva Rajakangas, Oskari Ruuska och Maria Valkeavuolle samt upptr\u00e4dande<\/li><li>Produktion &#8211; Sini Kaartinen och Ville Sinnem\u00e4ki<\/li><\/ul>\n\n\n\n<p class=\"wp-block-paragraph\"><strong>Ytterligare information<\/strong><\/p>\n\n\n\n<ul class=\"wp-block-list\"><li>Ordf\u00f6rande Sofia Charifi (konstn\u00e4rligt inneh\u00e5ll):<br>tfn 050 4040 513, sofia.charifi@uniarts.fi<\/li><li>Viceordf\u00f6rande Sini Kaartinen (praktiska arrangemang):<br>tfn 044 5431 461, sini.kaartinen@uniarts.fi<\/li><\/ul>\n\n\n\n<p class=\"wp-block-paragraph\"><strong>Evenemang p\u00e5 Facebook:<\/strong> <a href=\"http:\/\/www.facebook.com\/events\/515855342652856\">www.facebook.com\/events\/515855342652856<\/a><\/p>\n\n\n\n<p class=\"wp-block-paragraph\"><em>Huvudstadsregionens studentk\u00e5rer (AUS, HUS, SHS och KonSt) turas varje \u00e5r om att s\u00e4tta studentm\u00f6ssa p\u00e5 statyn Havis Amanda p\u00e5 valborgsm\u00e4ssoafton. M\u00f6ssp\u00e5l\u00e4ggningstraditionen fick sin nuvarande form \u00e5r 1951, men Havis Amanda har, beroende p\u00e5 k\u00e4lla, f\u00e5tt studentm\u00f6ssa inofficiellt redan i ca. hundra \u00e5r. \u00c4nnu p\u00e5 1970-talet fick Havis Amanda sin studentm\u00f6ssa vid midnatt p\u00e5 valborgsm\u00e4ssoafton.<\/em><\/p>\n\n\n\n<p class=\"wp-block-paragraph\"><em>Konstuniversitetets studentk\u00e5r (KonSt) \u00e4r en sammanslutning f\u00f6r Konstuniversitetets studerande, samt en intresse- och tj\u00e4nsteorganisation f\u00f6r Konstuniversitetets alla ca. 1800 grundexamensstuderande. Studentk\u00e5ren bildades d\u00e5 Konstuniversitetet grundades 1.1.2013 och Bildkonstakademins-, Sibelius-Akademins- och Teaterh\u00f6gskolans studentk\u00e5rer f\u00f6renades.<\/em><\/p>\n\n\n\n<h2 class=\"wp-block-heading\"><strong>University of the Arts Student Union to crown Havis Amanda in virtual reality<\/strong><strong><\/strong><\/h2>\n\n\n\n<p class=\"wp-block-paragraph\">On this Vappu, the University of the Arts Student Union (ArtSU), responsible for the traditional Crowning of Havis Amanda, will arrange the ceremony entirely in a virtual environment. The traditional crowning ceremony on the Market Square is not possible this time due to the coronavirus, but the Student Union will still want bring joy to everyone\u2019s Vappu celebrations by organising it in an alternative way, allowing everyone to follow it safely from their homes.<\/p>\n\n\n\n<p class=\"wp-block-paragraph\">Conducted in cooperation with the City of Helsinki and VR studio Zoan, the virtual crowning ceremony offers an opportunity to experience the traditional event in a wholly new and unique manner. The event also offers viewers the opportunity to interact, react and experience much-needed communality in virtual reality. The crowning ceremony can be viewed e.g. at <a href=\"http:\/\/www.burst.fi\">www.burst.fi<\/a> on May Day Eve, April 30, at 5.45 pm, and it is a part of the larger Vappu programme offered by the City of Helsinki. The City of Helsinki will publish the Vappu at Home programme in its entirety later this week.<\/p>\n\n\n\n<p class=\"wp-block-paragraph\">\u201dThe Crowning of Havis Amanda is one of Helsinki\u2019s most beloved Vappu traditions, which this year can\u2019t be organised as usual due to the coronavirus epidemic. It has been great to witness the creative approach with which the ArtSU Student Union, together with the city and Zoan, have been organising a new crowning ceremony. My hope is that, like always, the Crowning of Manta could mark the beginning of Vappu, while also bringing joy to the Vappu at Home celebrations,\u201d says <strong>Jan Vapaavuori<\/strong>, Mayor of Helsinki.<\/p>\n\n\n\n<p class=\"wp-block-paragraph\">In accordance with its traditions and values, the ArtSU wants to use the event as a platform to raise awareness about important social questions and to process them through art. In the same virtual environment, the ceremony then starts with a short interdisciplinary performance, which features a multi-lingual ode to nature, inspired by the climate crisis. A crew of the University of the Arts Helsinki students (see details below) is responsible for the artistic planning and execution of the performance.<\/p>\n\n\n\n<p class=\"wp-block-paragraph\">With the help of the virtual crowning ceremony, the University of the Arts Student Union would like to remind everyone to celebrate Vappu safely in the current exceptional circumstances. \u201cWith the themes and programme of the event we want to promote the power of art, the beauty of nature, and the severity of the climate crisis that is still threatening our planet. By organising the ceremony differently, we would like to remind everyone, however, that it is still not safe to assemble, and in exceptional circumstances, we must approach even the dearest traditions from a different perspective. We hope that instead of flocking to the city centre or Ullanlinnanm\u00e4ki, everybody would watch the ceremony and toast their glasses in their homes\u201d, says <strong>Sofia Charifi<\/strong>, the Chairperson of the Student Union.<\/p>\n\n\n\n<p class=\"wp-block-paragraph\"><strong>Crew<\/strong><\/p>\n\n\n\n<ul class=\"wp-block-list\"><li>Music &#8211; Aukusti Arjas (incl. remixes of tracks <em>Sk\u00e1llov\u00e1rri<\/em>, <em>Beaivvi m\u00e1n\u00e1t<\/em> and <em>Vildaluodda<\/em> by VILD\u00c1)<\/li><li>Performers &#8211; Matleena Kohonen, Saara Lampela, Eugenie van der Meulen, Sara-Maria Pirhonen<\/li><li>Artistic planning &#8211; Sofia Charifi (artistic execution), Terhi Hartikainen, Veera Isotalo, Eeva Rajakangas, Oskari Ruuska, Maria Valkeavuolle and perfeormers<\/li><li>Production &#8211; Sini Kaartinen, Ville Sinnem\u00e4ki<\/li><\/ul>\n\n\n\n<p class=\"wp-block-paragraph\"><strong>Additional information<\/strong><\/p>\n\n\n\n<ul class=\"wp-block-list\"><li>Chairperson Sofia Charifi (artistic content):<br>tel. 050 4040 513, sofia.charifi@uniarts.fi<\/li><li>Vice Chairperson Sini Kaartinen (production):<br>tel. 044 5431 461, sini.kaartinen@uniarts.fi<\/li><\/ul>\n\n\n\n<p class=\"wp-block-paragraph\"><strong>Event on Facebook:<\/strong> <a href=\"http:\/\/www.facebook.com\/events\/515855342652856\">www.facebook.com\/events\/515855342652856<\/a><\/p>\n\n\n\n<p class=\"wp-block-paragraph\"><em>Havis Amanda receives her cap every year on May Day Eve, with the student unions of the Capital Region (AYY, HYY, SHS and ArtSU) alternating in charge of it. The crowning tradition has continued in its current form since 1951, but, depending on the source, Manta has been receiving her cap unofficially for about 100 years. As recently as the 1970s, Manta was crowned at midnight just as the month was changing.<\/em><\/p>\n\n\n\n<p class=\"wp-block-paragraph\"><em>The University of the Arts Student Union (ArtSU) is the community and interest and service organisation for all the about 1,800 students at Uniarts Helsinki. The University of the Arts Student Union was established on 1 January 2013 when the Student Unions of the Academy of Fine Arts, Sibelius Academy and Theatre Academy merged together.<\/em><em><\/em><\/p>","protected":false},"excerpt":{"rendered":"<p>Tiedote \u2013 julkaisuvapaa hetiP\u00e5 svenska nedan \u2013 In English below T\u00e4n\u00e4 vappuna perinteisest\u00e4 Havis Amandan lakituksesta vastaava Taideyliopiston ylioppilaskunta (TaiYo) toteuttaa lakituksen [&hellip;]<\/p>\n","protected":false},"author":13,"featured_media":7153,"comment_status":"closed","ping_status":"open","sticky":false,"template":"","format":"standard","meta":{"_coblocks_attr":"","_coblocks_dimensions":"","_coblocks_responsive_height":"","_coblocks_accordion_ie_support":"","_crdt_document":"","advanced_seo_description":"","jetpack_seo_html_title":"","jetpack_seo_noindex":false,"_jetpack_memberships_contains_paid_content":false,"footnotes":"","jetpack_publicize_message":"","jetpack_publicize_feature_enabled":true,"jetpack_social_post_already_shared":true,"jetpack_social_options":{"image_generator_settings":{"template":"highway","default_image_id":0,"font":"","enabled":false},"version":2},"_wpas_customize_per_network":false},"categories":[1],"tags":[143981783],"class_list":["post-7464","post","type-post","status-publish","format-standard","has-post-thumbnail","hentry","category-taiyo","tag-featured"],"jetpack_publicize_connections":[],"jetpack_featured_media_url":"https:\/\/i0.wp.com\/taiyo.fi\/wp-content\/uploads\/2020\/02\/Mantan-lakitus.jpg?fit=4466%2C2345&ssl=1","jetpack_sharing_enabled":true,"jetpack_shortlink":"https:\/\/wp.me\/p2w00X-1Wo","jetpack_likes_enabled":true,"amp_enabled":true,"_links":{"self":[{"href":"https:\/\/taiyo.fi\/sv\/wp-json\/wp\/v2\/posts\/7464","targetHints":{"allow":["GET"]}}],"collection":[{"href":"https:\/\/taiyo.fi\/sv\/wp-json\/wp\/v2\/posts"}],"about":[{"href":"https:\/\/taiyo.fi\/sv\/wp-json\/wp\/v2\/types\/post"}],"author":[{"embeddable":true,"href":"https:\/\/taiyo.fi\/sv\/wp-json\/wp\/v2\/users\/13"}],"replies":[{"embeddable":true,"href":"https:\/\/taiyo.fi\/sv\/wp-json\/wp\/v2\/comments?post=7464"}],"version-history":[{"count":6,"href":"https:\/\/taiyo.fi\/sv\/wp-json\/wp\/v2\/posts\/7464\/revisions"}],"predecessor-version":[{"id":7523,"href":"https:\/\/taiyo.fi\/sv\/wp-json\/wp\/v2\/posts\/7464\/revisions\/7523"}],"wp:featuredmedia":[{"embeddable":true,"href":"https:\/\/taiyo.fi\/sv\/wp-json\/wp\/v2\/media\/7153"}],"wp:attachment":[{"href":"https:\/\/taiyo.fi\/sv\/wp-json\/wp\/v2\/media?parent=7464"}],"wp:term":[{"taxonomy":"category","embeddable":true,"href":"https:\/\/taiyo.fi\/sv\/wp-json\/wp\/v2\/categories?post=7464"},{"taxonomy":"post_tag","embeddable":true,"href":"https:\/\/taiyo.fi\/sv\/wp-json\/wp\/v2\/tags?post=7464"}],"curies":[{"name":"wp","href":"https:\/\/api.w.org\/{rel}","templated":true}]}}