{"id":7078,"date":"2020-01-15T17:44:00","date_gmt":"2020-01-15T15:44:00","guid":{"rendered":"https:\/\/taiyo.fi\/?p=7078"},"modified":"2020-01-16T04:48:16","modified_gmt":"2020-01-16T02:48:16","slug":"taiyon-hallitus-jakoi-vastuualueet-vuodelle-2020-artsus-executive-board-organized-for-2020","status":"publish","type":"post","link":"https:\/\/taiyo.fi\/sv\/2020\/01\/15\/taiyon-hallitus-jakoi-vastuualueet-vuodelle-2020-artsus-executive-board-organized-for-2020\/","title":{"rendered":"TaiYo:n hallitus jakoi vastuualueet vuodelle 2020 &#8211; ArtSU&#8217;s Executive Board organized for 2020"},"content":{"rendered":"<p class=\"wp-block-paragraph\">Ylioppilaskunnan vuoden 2020 hallitus piti ensimm\u00e4isen kokouksensa 12.1.2020 ja p\u00e4\u00e4tti keskin\u00e4isest\u00e4 ty\u00f6njaostaan seuraavasti:<\/p>\n\n\n\n<ul class=\"wp-block-list\"><li>Sofia Charifi: hallituksen\npuheenjohtaja<\/li><li>Veera Isotalo: varapj., koulutuspolitiikka,\nkaupunkiasiat, tuutorointi<\/li><li>Sini Kaartinen: varapj., taide-\nja kulttuuripolitikka, tapahtumat, tuutorointi<\/li><li>Terhi Hartikainen: koulutuspolitiikka,\nty\u00f6el\u00e4m\u00e4<\/li><li>Eugenie van der Meulen: sosiaalipolitiikka,\nviestint\u00e4<\/li><li>Oskari Ruuska: kansainv\u00e4liset\nasiat, tapahtumat<\/li><li>Maria Valkeavuolle: taide-\nja kulttuuripolitikka, Vapaan taiteen tila<\/li><\/ul>\n\n\n\n<p class=\"wp-block-paragraph\">Hallituksen j\u00e4senten yhteystiedot l\u00f6ytyv\u00e4t\u00a0<a href=\"https:\/\/taiyo.fi\/sv\/ylioppilaskunta\/hallitus\/\">Styrelsen<\/a>-sivulta. Mik\u00e4li sinulla on kysytt\u00e4v\u00e4\u00e4 tai tiedotettavaa ylioppilaskunnan suuntaan, ota rohkeasti yhteytt\u00e4 kyseisest\u00e4 aihealueesta vastaavaan hallituksen j\u00e4seneen! Kaikissa asioissa voit toki olla yhteydess\u00e4 my\u00f6s ylioppilaskunnan toimistoon ja ty\u00f6ntekij\u00f6ihin, joiden yhteystiedot l\u00f6ytyv\u00e4t <a href=\"https:\/\/taiyo.fi\/sv\/ylioppilaskunta\/yhteystiedot\/\">Kontakt<\/a>-sivulta.<\/p>\n\n\n\n<h3 class=\"wp-block-heading\"><strong>KonSts styrelse konstituerade sig<\/strong><\/h3>\n\n\n\n<p class=\"wp-block-paragraph\">Konstuniversitetets\nStudentk\u00e5rs styrelse f\u00f6r 2020 konstituerade sig i sitt f\u00f6rsta m\u00f6te den 12.1.2020.\nAnsvarsomr\u00e5dena f\u00f6r styrelsemedlemmarna \u00e4r f\u00f6ljande:<\/p>\n\n\n\n<ul class=\"wp-block-list\"><li>Sofia Charifi:\nstyrelseordf\u00f6rande<\/li><li>Veera Isotalo: vice ordf\u00f6rande, utbildningspolitik, stadsfr\u00e5gor, tutorering<\/li><li>Sini Kaartinen: vice ordf\u00f6rande, konst- och kulturpolitik, evenemang, tutorering<\/li><li>Terhi Hartikainen: utbildningspolitik, arbetslivet<\/li><li>Eugenie van der Meulen: socialpolitik, kommunikation<\/li><li>Oskari Ruuska: internationella\n\u00e4renden, evenemang<\/li><li>Maria Valkeavuolle: konst- och kulturpolitik, Rummet f\u00f6r fri konst<\/li><\/ul>\n\n\n\n<p class=\"wp-block-paragraph\">Styrelsens kontaktuppgifter finns p\u00e5 KonSts webbsida <a href=\"https:\/\/taiyo.fi\/sv\/ylioppilaskunta\/hallitus\/\">www.taiyo.fi\/ylioppilaskunta\/hallitus<\/a>.<\/p>\n\n\n\n<h3 class=\"wp-block-heading\"><strong>ArtSU&#8217;s Executive Board\norganized for 2020<\/strong><\/h3>\n\n\n\n<p class=\"wp-block-paragraph\">ArtSU\u2019s Executive Board 2020 was organized in the board\u2019s first meeting on\n12 Jan. The board members will take care of the following fields of\nresponsibility:<\/p>\n\n\n\n<ul class=\"wp-block-list\"><li>Sofia Charifi: Chair of the Board<\/li><li>Veera Isotalo: vice Chair, educational politics, city politics, tutoring<\/li><li>Sini Kaartinen: vice Chair, cultural politics, events, tutoring<\/li><li>Terhi Hartikainen: educational politics, working life<\/li><li>Eugenie van der Meulen: social politics, communication<\/li><li>Oskari Ruuska: international affairs, events<\/li><li>Maria Valkeavuolle: cultural politics, Space for Free Arts<\/li><\/ul>\n\n\n\n<p class=\"wp-block-paragraph\">You can find the board\u2019s contact information on ArtSU\u2019s website at <a href=\"https:\/\/taiyo.fi\/sv\/ylioppilaskunta\/hallitus\/\">www.taiyo.fi\/ylioppilaskunta\/hallitus<\/a>.<\/p>","protected":false},"excerpt":{"rendered":"<p>Ylioppilaskunnan vuoden 2020 hallitus piti ensimm\u00e4isen kokouksensa 12.1.2020 ja p\u00e4\u00e4tti keskin\u00e4isest\u00e4 ty\u00f6njaostaan seuraavasti: Sofia Charifi: hallituksen puheenjohtaja Veera Isotalo: varapj., koulutuspolitiikka, kaupunkiasiat, [&hellip;]<\/p>\n","protected":false},"author":13,"featured_media":6378,"comment_status":"closed","ping_status":"open","sticky":false,"template":"","format":"standard","meta":{"_coblocks_attr":"","_coblocks_dimensions":"","_coblocks_responsive_height":"","_coblocks_accordion_ie_support":"","_crdt_document":"","advanced_seo_description":"","jetpack_seo_html_title":"","jetpack_seo_noindex":false,"_jetpack_memberships_contains_paid_content":false,"footnotes":"","jetpack_publicize_message":"","jetpack_publicize_feature_enabled":true,"jetpack_social_post_already_shared":true,"jetpack_social_options":{"image_generator_settings":{"template":"highway","default_image_id":0,"font":"","enabled":false},"version":2},"_wpas_customize_per_network":false},"categories":[1],"tags":[143981783],"class_list":["post-7078","post","type-post","status-publish","format-standard","has-post-thumbnail","hentry","category-taiyo","tag-featured"],"jetpack_publicize_connections":[],"jetpack_featured_media_url":"https:\/\/i0.wp.com\/taiyo.fi\/wp-content\/uploads\/2019\/08\/TaiYo-cover.jpg?fit=2560%2C975&ssl=1","jetpack_sharing_enabled":true,"jetpack_shortlink":"https:\/\/wp.me\/p2w00X-1Qa","jetpack_likes_enabled":true,"amp_enabled":true,"_links":{"self":[{"href":"https:\/\/taiyo.fi\/sv\/wp-json\/wp\/v2\/posts\/7078","targetHints":{"allow":["GET"]}}],"collection":[{"href":"https:\/\/taiyo.fi\/sv\/wp-json\/wp\/v2\/posts"}],"about":[{"href":"https:\/\/taiyo.fi\/sv\/wp-json\/wp\/v2\/types\/post"}],"author":[{"embeddable":true,"href":"https:\/\/taiyo.fi\/sv\/wp-json\/wp\/v2\/users\/13"}],"replies":[{"embeddable":true,"href":"https:\/\/taiyo.fi\/sv\/wp-json\/wp\/v2\/comments?post=7078"}],"version-history":[{"count":1,"href":"https:\/\/taiyo.fi\/sv\/wp-json\/wp\/v2\/posts\/7078\/revisions"}],"predecessor-version":[{"id":7079,"href":"https:\/\/taiyo.fi\/sv\/wp-json\/wp\/v2\/posts\/7078\/revisions\/7079"}],"wp:featuredmedia":[{"embeddable":true,"href":"https:\/\/taiyo.fi\/sv\/wp-json\/wp\/v2\/media\/6378"}],"wp:attachment":[{"href":"https:\/\/taiyo.fi\/sv\/wp-json\/wp\/v2\/media?parent=7078"}],"wp:term":[{"taxonomy":"category","embeddable":true,"href":"https:\/\/taiyo.fi\/sv\/wp-json\/wp\/v2\/categories?post=7078"},{"taxonomy":"post_tag","embeddable":true,"href":"https:\/\/taiyo.fi\/sv\/wp-json\/wp\/v2\/tags?post=7078"}],"curies":[{"name":"wp","href":"https:\/\/api.w.org\/{rel}","templated":true}]}}