{"id":6807,"date":"2019-10-30T18:31:06","date_gmt":"2019-10-30T16:31:06","guid":{"rendered":"https:\/\/taiyo.fi\/?p=6807"},"modified":"2019-10-30T18:31:06","modified_gmt":"2019-10-30T16:31:06","slug":"taiyon-edustajistovaalien-aanestys-alkaa-muista-aanestaa-voting-begins-in-artsus-council-elections-dont-forget-to-vote","status":"publish","type":"post","link":"https:\/\/taiyo.fi\/sv\/2019\/10\/30\/taiyon-edustajistovaalien-aanestys-alkaa-muista-aanestaa-voting-begins-in-artsus-council-elections-dont-forget-to-vote\/","title":{"rendered":"TaiYo:n edustajistovaalien \u00e4\u00e4nestys alkaa \u2013 muista \u00e4\u00e4nest\u00e4\u00e4! Voting begins in ArtSU\u2019s Council elections \u2013 don\u2019t forget to vote!"},"content":{"rendered":"<p class=\"wp-block-paragraph\">Taideyliopiston\nylioppilaskunnan edustajistovaalien \u00e4\u00e4nestys k\u00e4ynnistyy ennakko\u00e4\u00e4nestyksell\u00e4\ntorstaina 31.10. Ennakko\u00e4\u00e4nestysp\u00e4iv\u00e4n\u00e4 Kuvataideakatemian opiskelijat voivat\n\u00e4\u00e4nest\u00e4\u00e4 Elim\u00e4enkadun aulassa, Sibelius-Akatemian opiskelijat N-talolla,\nTeatterikorkeakoulun opiskelijat Valo- ja \u00e4\u00e4nisuunnittelun laitoksella ja\nSibelius-Akatemian Kuopion opiskelijat Kuopion yksik\u00f6ss\u00e4. Kaikki \u00e4\u00e4nestyspisteet\novat avoinna klo 11-16.<\/p>\n\n\n\n<p class=\"wp-block-paragraph\">Varsinaiset\nvaalip\u00e4iv\u00e4t ovat tiistai 5.11. ja keskiviikko 6.11. T\u00e4ll\u00f6in Kuvataideakatemian\nopiskelijat voivat \u00e4\u00e4nest\u00e4\u00e4 kumpanakin p\u00e4iv\u00e4n\u00e4 Elim\u00e4enkadun aulassa, Sibelius-Akatemian\nopiskelijat tiistaina R-talon aulassa ja keskiviikkona M-talon aulassa sek\u00e4\nTeatterikorkeakoulun opiskelijat kumpanakin p\u00e4iv\u00e4n\u00e4 TeaKin torilla. Tiistaina\n5.11. kaikki \u00e4\u00e4nestyspisteet ovat avoinna klo 11-16 ja keskiviikkona 6.11.\npidemm\u00e4n kaavan mukaan klo 11-18, ja vaalitulosta j\u00e4nnitet\u00e4\u00e4n\nvaalivalvojaisissa TeaKin Bunkkerissa 6.11. klo 19 alkaen.<\/p>\n\n\n\n<p class=\"wp-block-paragraph\">Edustajistovaaleissa on \u00e4\u00e4nioikeus kaikilla Taideyliopistoon l\u00e4sn\u00e4olevaksi ilmoittautuneilla Taideyliopiston ylioppilaskunnan j\u00e4senill\u00e4. Kukin voi \u00e4\u00e4nest\u00e4\u00e4 vain oman akatemiansa \u00e4\u00e4nestyspisteell\u00e4 \u2013 muistathan ottaa henkil\u00f6llisyystodistuksen tai opiskelijakortin mukaan, kun menet \u00e4\u00e4nest\u00e4m\u00e4\u00e4n! Lis\u00e4tietoa \u00e4\u00e4nest\u00e4misest\u00e4 ja \u00e4\u00e4nestyspaikoista l\u00f6yd\u00e4t osoitteesta <a href=\"https:\/\/taiyo.fi\/sv\/edustajistovaalit\/nain-aanestat-vaaleissa\/\">www.taiyo.fi\/edustajistovaalit\/nain-aanestat-vaaleissa<\/a>.<\/p>\n\n\n\n<p class=\"wp-block-paragraph\">Edustajistovaaleissa on ehdolla yhteens\u00e4 23 henkil\u00f6\u00e4, ja ehdokkaiden joukossa on opiskelijoita kaikista kolmesta akatemiasta ja 14 eri koulutusohjelmasta. Tarkka lista ehdokkaista \u00e4\u00e4nestysnumeroineen l\u00f6ytyy osoitteesta <a href=\"https:\/\/taiyo.fi\/sv\/edustajistovaalit\/ehdokkaat\/\">www.taiyo.fi\/edustajistovaalit\/ehdokkaat<\/a>, ja l\u00e4hes kaikkien ehdokkaiden esittelyihin ja mielipiteisiin voi k\u00e4yd\u00e4 tutustumassa ylioppilaskuntien yhteisess\u00e4 vaalikoneessa osoitteessa <a href=\"https:\/\/apps.myzef.com\/resources\/syl\/c3jb5l\/index.html\">https:\/\/apps.myzef.com\/resources\/syl\/c3jb5l\/index.html<\/a>.<\/p>\n\n\n\n<p class=\"wp-block-paragraph\">Vaaleissa valitaan ylioppilaskunnan edustajistoon 15 j\u00e4sent\u00e4 2 vuoden toimikaudeksi. Edustajisto k\u00e4ytt\u00e4\u00e4 TaiYo:n ylint\u00e4 p\u00e4\u00e4t\u00f6svaltaa, joten muista \u00e4\u00e4nest\u00e4\u00e4 omaa suosikkiehdokastasi! Lis\u00e4tietoja edustajistosta ja yleinen ajankohtaispaketti vaaleista l\u00f6ytyy TaiYo:n vaalisivuilta <a href=\"https:\/\/taiyo.fi\/sv\/edustajistovaalit\/\">www.taiyo.fi\/edustajistovaalit<\/a>.<\/p>\n\n\n\n<p class=\"wp-block-paragraph\">Edustajistovaalien Facebook-tapahtuma:\u00a0<a href=\"http:\/\/www.facebook.com\/events\/2535737733173707\">www.facebook.com\/events\/2535737733173707<\/a><\/p>\n\n\n\n<p class=\"wp-block-paragraph\">P.S. Ylioppilaskunnan toimisto on suljettu edustajistovaalip\u00e4ivin\u00e4 31.10. ja 5.-6.11. Toimisto on auki normaalisti pe 1.11. ja ma 4.11. sek\u00e4 j\u00e4lleen 7.11. alkaen. N\u00e4hd\u00e4\u00e4n \u00e4\u00e4nestyspisteill\u00e4!<\/p>\n\n\n\n<h3 class=\"wp-block-heading\"><strong>Nu b\u00f6rjar r\u00f6stningen i KonSts delegationsval \u2013 kom ih\u00e5g att r\u00f6sta!<\/strong><\/h3>\n\n\n\n<p class=\"wp-block-paragraph\">R\u00f6stningen i Konstuniversitetets\nstudentk\u00e5rs delegationsval inleds med f\u00f6rhandsr\u00f6stning torsdag 31.10. P\u00e5\nf\u00f6rhandsr\u00f6stningsdagen kan studenterna vid Bildkonstakademin r\u00f6sta i hallen i Elim\u00e4gatan,\nstudenterna vid Sibelius-Akademin kan r\u00f6sta i N-huset, studenterna vid\nTeaterh\u00f6gskolan kan r\u00f6sta p\u00e5 Institutionen f\u00f6r ljud- och ljusdesign och\nSibelius-Akademins studerande i Kuopio kan r\u00f6sta i enheten i Kuopio. Alla\nvallokaler \u00e4r \u00f6ppna kl. 11-16.<\/p>\n\n\n\n<p class=\"wp-block-paragraph\">De egentliga valdagarna \u00e4r tisdag 5.11\noch onsdag 6.11. D\u00e5 kan studenterna vid Bildkonstakademin b\u00e5da dagarna r\u00f6sta i hallen\ni Elim\u00e4gatan, studenterna vid Sibelius-Akademin tisdag 5.11 i hallen i R-huset\noch onsdag 8.11 i hallen i M-huset. Studenterna vid Teaterh\u00f6gskolan kan b\u00e5da\ndagarna r\u00f6sta p\u00e5 TeaKs torg. Tisdagen 5.11 \u00e4r vallokalerna \u00f6ppna kl. 11-16 och\nonsdagen 6.11 \u00e4r vallokalerna \u00f6ppna fr\u00e5n kl. 11 fram till kl. 18. Onsdag 6.11\nkan man v\u00e4nta in valresultatet p\u00e5 valvakan i TeaKs Bunker fr\u00e5n kl. 19.<\/p>\n\n\n\n<p class=\"wp-block-paragraph\">R\u00f6stber\u00e4ttigade i delegationsvalet \u00e4r alla n\u00e4rvaroanm\u00e4lda medlemmar av Konstuniversitetets studentk\u00e5r. Man kan r\u00f6sta enbart i den egna akademins vallokal &#8211; kom ih\u00e5g att ta med identitetsbevis eller studentkort d\u00e5 du g\u00e5r f\u00f6r att r\u00f6sta! Mera information om r\u00f6stningen och vallokalerna hittar du p\u00e5 adressen <a href=\"https:\/\/taiyo.fi\/sv\/edustajistovaalit\/konsts-delegationsval\/\">www.taiyo.fi\/edustajistovaalit\/konsts-delegationsval<\/a>.<\/p>\n\n\n\n<p class=\"wp-block-paragraph\">Sammanlagt 23 personer kandiderar i delegationsvalet, inklusive studerande fr\u00e5n alla tre akatemier och 14 utbildningsprogram. En lista \u00f6ver kandidaterna med kandidatnummer finns p\u00e5 adressen <a href=\"https:\/\/taiyo.fi\/sv\/edustajistovaalit\/ehdokkaat\/\">www.taiyo.fi\/edustajistovaalit\/ehdokkaat<\/a>. Du kan bekanta dig med n\u00e4stan alla av dem och med deras \u00e5sikter p\u00e5 studentk\u00e5rernas gemensamma valkompass som finns p\u00e5 adressen <a href=\"https:\/\/apps.myzef.com\/resources\/syl\/c3jb5l\/index.html\">https:\/\/apps.myzef.com\/resources\/syl\/c3jb5l\/index.html<\/a>.<\/p>\n\n\n\n<p class=\"wp-block-paragraph\">I valet v\u00e4ljas 15 delegationsmedlemmar f\u00f6r en mandatperiod p\u00e5 tv\u00e5 \u00e5r. Delegationen har den h\u00f6gsta beslutande makten i studentk\u00e5ren, s\u00e5 kom ih\u00e5g att g\u00e5 och r\u00f6sta p\u00e5 din favorit! Mera information om delegationen och aktuell information om valet finns p\u00e5 KonSts valsidor <a href=\"https:\/\/taiyo.fi\/sv\/edustajistovaalit\/\">www.taiyo.fi\/edustajistovaalit<\/a>.<\/p>\n\n\n\n<p class=\"wp-block-paragraph\">Delegationsvalets Facebook-evenemang: <a href=\"http:\/\/www.facebook.com\/events\/2535737733173707\">www.facebook.com\/events\/2535737733173707<\/a><\/p>\n\n\n\n<p class=\"wp-block-paragraph\">P.S. Studentk\u00e5rens kansli \u00e4r st\u00e4ngt p\u00e5 valdagarna 31.10 och 5-6.11. Kansliet h\u00e5ller \u00f6ppet som vanligt fre 1.11 och m\u00e5 4.11 samt fr\u00e5n to 7.11 fram\u00e5t. Vi ses i vallokalerna!<\/p>\n\n\n\n<h3 class=\"wp-block-heading\"><strong>Voting begins in ArtSU\u2019s Council elections \u2013 don\u2019t forget to vote!<\/strong><\/h3>\n\n\n\n<p class=\"wp-block-paragraph\">Voting in University of the Arts\nStudent Union\u2019s Representative Council elections begins with advance voting on\nThursday 31 October. On advance voting day, students of Academy of Fine Arts\ncan vote in the entrance hall of Elim\u00e4enkatu, students of Sibelius Academy can\nvote in N-house, students of Theatre Academy can vote in the Light and Sound\nDesign department and students of Sibelius Academy\u2019s Kuopio unit can vote in\ntheir own unit. All voting venues are open from 11am to 4pm.<\/p>\n\n\n\n<p class=\"wp-block-paragraph\">The official voting days are Tuesday\n5 November and Wednesday 6 November. On the official voting days, students of\nAcademy of Fine Arts can vote in the entrance hall of Elim\u00e4enkatu on both days,\nstudents of Sibelius Academy can vote in the entrance hall of R-building on Tue\n5 Nov and in the entrance hall of M-building on Wed 6 Nov, and students of\nTheatre Academy can vote in the entrance hall of Theatre Academy on both days.\nAll voting venues are open from 11am to 4pm on Tue 5 Nov and from 11am to 6pm\non Wed 6 Nov. On Wednesday 6 November, the election results will be announced\nin the Election watch at Theatre Academy\u2019s Bunkkeri from 7pm on.<\/p>\n\n\n\n<p class=\"wp-block-paragraph\">All members of University of the Arts Student Union who are registered as present students in the University of the Arts can vote in the Council elections. You can only vote in the voting venue of your own academy \u2013 remember to take your student card or official ID with you when coming to vote! More info on voting and voting venues can be found at <a href=\"https:\/\/taiyo.fi\/sv\/edustajistovaalit\/artsus-council-elections\/\">www.taiyo.fi\/edustajistovaalit\/artsus-council-elections<\/a>.<\/p>\n\n\n\n<p class=\"wp-block-paragraph\">In the election, a total of 23 candidates are running for Council, including students from all three academies and a total of 14 study programs. The full list of candidates and their voting numbers can be found at <a href=\"https:\/\/taiyo.fi\/sv\/edustajistovaalit\/ehdokkaat\/\">www.taiyo.fi\/edustajistovaalit\/ehdokkaat<\/a>, and you can read the presentations and opinions of almost all candidates in the Finnish student unions\u2019 common voting aid application at <a href=\"https:\/\/apps.myzef.com\/resources\/syl\/c3jb5l\/index.html\">https:\/\/apps.myzef.com\/resources\/syl\/c3jb5l\/index.html<\/a>.<\/p>\n\n\n\n<p class=\"wp-block-paragraph\">In the election, 15 members will be elected to ArtSU\u2019s Representative Council for a two-year period. The Council is the highest decision-making body of the Student Union, so remember to vote for your favorite candidate! More info on the Council and general information on the elections can be found on ArtSU\u2019s election website <a href=\"https:\/\/taiyo.fi\/sv\/edustajistovaalit\/\">www.taiyo.fi\/edustajistovaalit<\/a>.<\/p>\n\n\n\n<p class=\"wp-block-paragraph\">Facebook event for Council elections: <a href=\"http:\/\/www.facebook.com\/events\/2535737733173707\">www.facebook.com\/events\/2535737733173707<\/a><\/p>\n\n\n\n<p class=\"wp-block-paragraph\">P.S. The Student Union office is\nclosed on the election days 31 Oct and 5-6 Nov. The office is open normally on\nFri 1 Nov and Mon 4 Nov, as well as from Thu 7 Nov on. See you at the voting venues!<\/p>","protected":false},"excerpt":{"rendered":"<p>Taideyliopiston ylioppilaskunnan edustajistovaalien \u00e4\u00e4nestys k\u00e4ynnistyy ennakko\u00e4\u00e4nestyksell\u00e4 torstaina 31.10. Ennakko\u00e4\u00e4nestysp\u00e4iv\u00e4n\u00e4 Kuvataideakatemian opiskelijat voivat \u00e4\u00e4nest\u00e4\u00e4 Elim\u00e4enkadun aulassa, Sibelius-Akatemian opiskelijat N-talolla, Teatterikorkeakoulun opiskelijat Valo- ja [&hellip;]<\/p>\n","protected":false},"author":13,"featured_media":6739,"comment_status":"closed","ping_status":"open","sticky":false,"template":"","format":"standard","meta":{"_coblocks_attr":"","_coblocks_dimensions":"","_coblocks_responsive_height":"","_coblocks_accordion_ie_support":"","_crdt_document":"","advanced_seo_description":"","jetpack_seo_html_title":"","jetpack_seo_noindex":false,"_jetpack_memberships_contains_paid_content":false,"footnotes":"","jetpack_publicize_message":"","jetpack_publicize_feature_enabled":true,"jetpack_social_post_already_shared":true,"jetpack_social_options":{"image_generator_settings":{"template":"highway","default_image_id":0,"font":"","enabled":false},"version":2},"_wpas_customize_per_network":false},"categories":[1],"tags":[143981783],"class_list":["post-6807","post","type-post","status-publish","format-standard","has-post-thumbnail","hentry","category-taiyo","tag-featured"],"jetpack_publicize_connections":[],"jetpack_featured_media_url":"https:\/\/i0.wp.com\/taiyo.fi\/wp-content\/uploads\/2019\/10\/aanesta_fullScreen_1366x768_FI.jpg?fit=1366%2C768&ssl=1","jetpack_sharing_enabled":true,"jetpack_shortlink":"https:\/\/wp.me\/p2w00X-1LN","jetpack_likes_enabled":true,"amp_enabled":true,"_links":{"self":[{"href":"https:\/\/taiyo.fi\/sv\/wp-json\/wp\/v2\/posts\/6807","targetHints":{"allow":["GET"]}}],"collection":[{"href":"https:\/\/taiyo.fi\/sv\/wp-json\/wp\/v2\/posts"}],"about":[{"href":"https:\/\/taiyo.fi\/sv\/wp-json\/wp\/v2\/types\/post"}],"author":[{"embeddable":true,"href":"https:\/\/taiyo.fi\/sv\/wp-json\/wp\/v2\/users\/13"}],"replies":[{"embeddable":true,"href":"https:\/\/taiyo.fi\/sv\/wp-json\/wp\/v2\/comments?post=6807"}],"version-history":[{"count":1,"href":"https:\/\/taiyo.fi\/sv\/wp-json\/wp\/v2\/posts\/6807\/revisions"}],"predecessor-version":[{"id":6808,"href":"https:\/\/taiyo.fi\/sv\/wp-json\/wp\/v2\/posts\/6807\/revisions\/6808"}],"wp:featuredmedia":[{"embeddable":true,"href":"https:\/\/taiyo.fi\/sv\/wp-json\/wp\/v2\/media\/6739"}],"wp:attachment":[{"href":"https:\/\/taiyo.fi\/sv\/wp-json\/wp\/v2\/media?parent=6807"}],"wp:term":[{"taxonomy":"category","embeddable":true,"href":"https:\/\/taiyo.fi\/sv\/wp-json\/wp\/v2\/categories?post=6807"},{"taxonomy":"post_tag","embeddable":true,"href":"https:\/\/taiyo.fi\/sv\/wp-json\/wp\/v2\/tags?post=6807"}],"curies":[{"name":"wp","href":"https:\/\/api.w.org\/{rel}","templated":true}]}}