{"id":6128,"date":"2019-05-21T12:26:14","date_gmt":"2019-05-21T10:26:14","guid":{"rendered":"https:\/\/taiyo.fi\/?p=6128"},"modified":"2019-06-06T10:41:14","modified_gmt":"2019-06-06T08:41:14","slug":"tervetuloa-taiyon-terassikahveille-29-5-welcome-to-artsus-terrace-cafe-on-29-may","status":"publish","type":"post","link":"https:\/\/taiyo.fi\/sv\/2019\/05\/21\/tervetuloa-taiyon-terassikahveille-29-5-welcome-to-artsus-terrace-cafe-on-29-may\/","title":{"rendered":"Tervetuloa TaiYo:n terassikahveille 29.5. &#8211; Welcome to ArtSU\u2019s Terrace Caf\u00e9 on 29 May"},"content":{"rendered":"<p class=\"wp-block-paragraph\">Kes\u00e4n l\u00e4hestyess\u00e4 ja s\u00e4iden l\u00e4mmetess\u00e4 on aika kokoontua viett\u00e4m\u00e4\u00e4n aikaa TaiYo:n toimiston vieress\u00e4 sijaitsevalle komealle kattoterassille. Tervetuloa siis juhlimaan kev\u00e4tlukukauden p\u00e4\u00e4t\u00f6st\u00e4 TaiYo:n terassikahveille Sibelius-Akatemian N-talon 4. kerroksen terassille (Nervanderinkatu 13) keskiviikkona 29.5. klo 16-18! Tarjolla on pient\u00e4 sy\u00f6t\u00e4v\u00e4\u00e4 ja juotavaa, mutta my\u00f6s omia ev\u00e4it\u00e4 voi halutessaan ottaa mukaan. Tule yksin tai kavereiden kanssa, hetkeksi ihailemaan n\u00e4kymi\u00e4 tai pidemm\u00e4ksi aikaa hengaamaan yhdess\u00e4 muiden taideopiskelijoiden kanssa! Sateen sattuessa tapahtuma j\u00e4rjestet\u00e4\u00e4n TaiYo:n toimistolla samassa osoitteessa. Tervetuloa mukaan!<\/p>\n\n\n\n<p class=\"wp-block-paragraph\">Facebook: <a href=\"http:\/\/www.facebook.com\/events\/301223170789560\">www.facebook.com\/events\/301223170789560<\/a><\/p>\n\n\n\n<h4 class=\"wp-block-heading\"><strong>V\u00e4lkommen\ntill KonSts Terrasskaf\u00e9 29.5<\/strong><\/h4>\n\n\n\n<p class=\"wp-block-paragraph\">N\u00e4r sommaren n\u00e4rmar sig och v\u00e4dret blir b\u00e4ttre, \u00e4r det dags att samlas p\u00e5 terrassen. V\u00e4lkommen att fira slutet av terminen till KonSts Terrasskaf\u00e9 onsdagen 29.5 kl. 16-18 p\u00e5 terrassen vid Sibelius-Akademins N-hus (Nervandersgatan 13, 4 v\u00e5n.)! Studentk\u00e5ren bjuder p\u00e5 n\u00e5nting att \u00e4ta och dricka, men du kan ocks\u00e5 ta med dina egna saker. Alla \u00e4r v\u00e4lkomna att antingen titta in snabbt eller stanna l\u00e4ngre om man vill. Om det regnar, \u00e4ger evenemanget rum i KonSts kansli p\u00e5 samma adressen. V\u00e4lkommen med!<\/p>\n\n\n\n<p class=\"wp-block-paragraph\">Facebook: <a href=\"http:\/\/www.facebook.com\/events\/301223170789560\">www.facebook.com\/events\/301223170789560<\/a><\/p>\n\n\n\n<h4 class=\"wp-block-heading\"><strong>Welcome to ArtSU\u2019s Terrace Caf\u00e9 on 29 May<\/strong><\/h4>\n\n\n\n<p class=\"wp-block-paragraph\">As summer gets closer and the weather warmer, it is time to gather to the terrace next to ArtSU\u2019s office for some relaxed time with fellow students. Welcome to celebrate the end of the semester to ArtSU\u2019s Terrace Caf\u00e9 on 29 May from 4pm to 6pm on the 4th floor terrace of Sibelius Academy\u2019s N-house (Nervanderinkatu 13)! We offer a little something to eat and drink, but you can also bring your own snacks if you want. You are welcome to just pop in and admire the view, or to stay longer and hang out with other Uniarts students. In case of rain, the event will be moved to ArtSU\u2019s office at the same address. Come and join us!<\/p>\n\n\n\n<p class=\"wp-block-paragraph\">Facebook: <a href=\"http:\/\/www.facebook.com\/events\/301223170789560\">www.facebook.com\/events\/301223170789560<\/a><\/p>","protected":false},"excerpt":{"rendered":"<p>Kes\u00e4n l\u00e4hestyess\u00e4 ja s\u00e4iden l\u00e4mmetess\u00e4 on aika kokoontua viett\u00e4m\u00e4\u00e4n aikaa TaiYo:n toimiston vieress\u00e4 sijaitsevalle komealle kattoterassille. Tervetuloa siis juhlimaan kev\u00e4tlukukauden p\u00e4\u00e4t\u00f6st\u00e4 TaiYo:n [&hellip;]<\/p>\n","protected":false},"author":13,"featured_media":6129,"comment_status":"closed","ping_status":"open","sticky":false,"template":"","format":"standard","meta":{"_coblocks_attr":"","_coblocks_dimensions":"","_coblocks_responsive_height":"","_coblocks_accordion_ie_support":"","_crdt_document":"","advanced_seo_description":"","jetpack_seo_html_title":"","jetpack_seo_noindex":false,"_jetpack_memberships_contains_paid_content":false,"footnotes":"","jetpack_publicize_message":"","jetpack_publicize_feature_enabled":true,"jetpack_social_post_already_shared":true,"jetpack_social_options":{"image_generator_settings":{"template":"highway","default_image_id":0,"font":"","enabled":false},"version":2},"_wpas_customize_per_network":false},"categories":[1],"tags":[],"class_list":["post-6128","post","type-post","status-publish","format-standard","has-post-thumbnail","hentry","category-taiyo"],"jetpack_publicize_connections":[],"jetpack_featured_media_url":"https:\/\/i0.wp.com\/taiyo.fi\/wp-content\/uploads\/2019\/05\/Terassimike-tupla.jpg?fit=1209%2C450&ssl=1","jetpack_sharing_enabled":true,"jetpack_shortlink":"https:\/\/wp.me\/p2w00X-1AQ","jetpack_likes_enabled":true,"amp_enabled":true,"_links":{"self":[{"href":"https:\/\/taiyo.fi\/sv\/wp-json\/wp\/v2\/posts\/6128","targetHints":{"allow":["GET"]}}],"collection":[{"href":"https:\/\/taiyo.fi\/sv\/wp-json\/wp\/v2\/posts"}],"about":[{"href":"https:\/\/taiyo.fi\/sv\/wp-json\/wp\/v2\/types\/post"}],"author":[{"embeddable":true,"href":"https:\/\/taiyo.fi\/sv\/wp-json\/wp\/v2\/users\/13"}],"replies":[{"embeddable":true,"href":"https:\/\/taiyo.fi\/sv\/wp-json\/wp\/v2\/comments?post=6128"}],"version-history":[{"count":1,"href":"https:\/\/taiyo.fi\/sv\/wp-json\/wp\/v2\/posts\/6128\/revisions"}],"predecessor-version":[{"id":6130,"href":"https:\/\/taiyo.fi\/sv\/wp-json\/wp\/v2\/posts\/6128\/revisions\/6130"}],"wp:featuredmedia":[{"embeddable":true,"href":"https:\/\/taiyo.fi\/sv\/wp-json\/wp\/v2\/media\/6129"}],"wp:attachment":[{"href":"https:\/\/taiyo.fi\/sv\/wp-json\/wp\/v2\/media?parent=6128"}],"wp:term":[{"taxonomy":"category","embeddable":true,"href":"https:\/\/taiyo.fi\/sv\/wp-json\/wp\/v2\/categories?post=6128"},{"taxonomy":"post_tag","embeddable":true,"href":"https:\/\/taiyo.fi\/sv\/wp-json\/wp\/v2\/tags?post=6128"}],"curies":[{"name":"wp","href":"https:\/\/api.w.org\/{rel}","templated":true}]}}