{"id":1716,"date":"2013-11-21T20:37:00","date_gmt":"2013-11-21T18:37:00","guid":{"rendered":"http:\/\/taiyo.fi\/?p=1716"},"modified":"2013-11-21T20:37:00","modified_gmt":"2013-11-21T18:37:00","slug":"taiyon-pj-annika-kempe-ehdolla-syln-hallitukseen-2014","status":"publish","type":"post","link":"https:\/\/taiyo.fi\/sv\/2013\/11\/21\/taiyon-pj-annika-kempe-ehdolla-syln-hallitukseen-2014\/","title":{"rendered":"TaiYo:n pj Annika Kempe ehdolla SYL:n hallitukseen 2014"},"content":{"rendered":"<p><strong>TaiYo esitt\u00e4\u00e4 Annika Kempe\u00e4 SYL:n hallitukseen vuodelle 2014<\/strong><br \/>\n<strong> KonSt f\u00f6resl\u00e5r Annika Kempe till FSF:s styrelse f\u00f6r 2014<\/strong><\/p>\n<p>Taideyliopiston ylioppilaskunta esitt\u00e4\u00e4 Annika Kempe\u00e4 Suomen ylioppilaskuntien liiton hallitukseen vuodelle 2014. Kempe on 23-vuotias musiikin ylioppilas. Ylioppilaskunnassa h\u00e4n on toiminut kuluvana vuonna TaiYo:n historian ensimm\u00e4isen\u00e4 hallituksen puheenjohtajana ja viime vuonna Sibelius-Akatemian ylioppilaskunnan hallituksen j\u00e4senen\u00e4. H\u00e4n on my\u00f6s toiminut aktiivisesti Taideyliopiston ja Sibelius-Akatemian hallinnossa sek\u00e4 omassa ainej\u00e4rjest\u00f6ss\u00e4\u00e4n.<\/p>\n<p>Uuden ylioppilaskunnan ensimm\u00e4isen\u00e4 puheenjohtajana Kempe on vaikuttanut vahvasti sek\u00e4 yliopiston ett\u00e4 ylioppilaskunnan rakentumiseen. Jatkuvassa muutoksessa el\u00e4v\u00e4 yhteis\u00f6 on vaatinut nopeaa ja joustavaa reagointia sek\u00e4 kyky\u00e4 asettua kaikkien osapuolien asemaan.<\/p>\n<p>Kempe n\u00e4kee t\u00e4rke\u00e4n\u00e4, ett\u00e4 p\u00e4\u00e4t\u00f6ksi\u00e4 tehdess\u00e4 osataan katsoa tarpeeksi pitk\u00e4lle eteenp\u00e4in ja uudistaa omaa ja organisaation ajattelua. &#8221;Haluan olla mukana tekem\u00e4ss\u00e4 SYL:sta 2014 yhteiskunnallisen keskustelun uudistajan, joka ei politiikan dinosaurusten mukana jumitu vanhoihin silkkoisiin fraaseihin vaan tekee tulevaisuutta. Tehokas viestint\u00e4 ulosp\u00e4in mutta my\u00f6s SYL:n ja j\u00e4senj\u00e4rjest\u00f6jen v\u00e4lill\u00e4 on avain vaikuttavuuteen, jota tarvitaan erityisesti t\u00e4hd\u00e4tt\u00e4ess\u00e4 vuoden 2015 vaaleihin&#8221;, h\u00e4n linjaa.<\/p>\n<p>&#8221;Studenternas uppeh\u00e4lle \u00e4r inte n\u00e5got\u00a0 att spela med l\u00e4ngre. S\u00e4rskilt de som har barn beh\u00f6ver flera m\u00f6jligheter att kombinera studier, jobb och familj. I dagens l\u00e4ge \u00e4r det f\u00f6r sv\u00e5rt&#8221;, konstaterar Kempe.<\/p>\n<p>&#8221;Valitsemalla Annika Kempen hallitukseen SYL saa tekij\u00e4n, joka on menestyksekk\u00e4\u00e4sti luotsannut uuden ylioppilaskunnan l\u00e4pi ensimm\u00e4isen vuoden haasteiden. H\u00e4n on tiimipelaaja, joka hallitsee suvereenisti pitk\u00e4n t\u00e4ht\u00e4imen kehitt\u00e4misty\u00f6n muttei pelk\u00e4\u00e4 samalla tarttua toimeen k\u00e4yt\u00e4nn\u00f6n tasolla&#8221;, toteaa TaiYo:n p\u00e4\u00e4sihteeri Ville Sinnem\u00e4ki.<\/p>\n<p><a href=\"http:\/\/www.facebook.com\/Annikasyliin\" rel=\"nofollow\">http:\/\/www.facebook.com\/Annikasyliin<\/a><\/p>\n<p><strong>Lis\u00e4tiedot<br \/>\n<\/strong><em>Annika Kempe<\/em><br \/>\ntaiyo-pj (at) uniarts.fi<br \/>\n040 710 4297<\/p>\n<p><strong>Neuvottelijat<br \/>\n<\/strong><em>Ville Sinnem\u00e4ki<\/em><br \/>\ntaiyo-paasihteeri (at) uniarts.fi<br \/>\n040 710 4296<br \/>\n<em>Tuomas Saloniemi<\/em><br \/>\nsaloniemi (at) gmail.com<br \/>\n050 413 6134<\/p>","protected":false},"excerpt":{"rendered":"<p>TaiYo esitt\u00e4\u00e4 Annika Kempe\u00e4 SYL:n hallitukseen vuodelle 2014 KonSt f\u00f6resl\u00e5r Annika Kempe till FSF:s styrelse f\u00f6r 2014 Taideyliopiston ylioppilaskunta esitt\u00e4\u00e4 Annika Kempe\u00e4 [&hellip;]<\/p>\n","protected":false},"author":13,"featured_media":1723,"comment_status":"closed","ping_status":"open","sticky":false,"template":"","format":"standard","meta":{"_coblocks_attr":"","_coblocks_dimensions":"","_coblocks_responsive_height":"","_coblocks_accordion_ie_support":"","_crdt_document":"","advanced_seo_description":"","jetpack_seo_html_title":"","jetpack_seo_noindex":false,"_jetpack_memberships_contains_paid_content":false,"footnotes":"","jetpack_publicize_message":"","jetpack_publicize_feature_enabled":true,"jetpack_social_post_already_shared":false,"jetpack_social_options":{"image_generator_settings":{"template":"highway","default_image_id":0,"font":"","enabled":false},"version":2},"_wpas_customize_per_network":false},"categories":[1],"tags":[],"class_list":["post-1716","post","type-post","status-publish","format-standard","has-post-thumbnail","hentry","category-taiyo"],"jetpack_publicize_connections":[],"jetpack_featured_media_url":"https:\/\/i0.wp.com\/taiyo.fi\/wp-content\/uploads\/2013\/11\/annikabanneri.jpg?fit=851%2C315&ssl=1","jetpack_sharing_enabled":true,"jetpack_shortlink":"https:\/\/wp.me\/p2w00X-rG","jetpack_likes_enabled":true,"amp_enabled":true,"_links":{"self":[{"href":"https:\/\/taiyo.fi\/sv\/wp-json\/wp\/v2\/posts\/1716","targetHints":{"allow":["GET"]}}],"collection":[{"href":"https:\/\/taiyo.fi\/sv\/wp-json\/wp\/v2\/posts"}],"about":[{"href":"https:\/\/taiyo.fi\/sv\/wp-json\/wp\/v2\/types\/post"}],"author":[{"embeddable":true,"href":"https:\/\/taiyo.fi\/sv\/wp-json\/wp\/v2\/users\/13"}],"replies":[{"embeddable":true,"href":"https:\/\/taiyo.fi\/sv\/wp-json\/wp\/v2\/comments?post=1716"}],"version-history":[{"count":6,"href":"https:\/\/taiyo.fi\/sv\/wp-json\/wp\/v2\/posts\/1716\/revisions"}],"predecessor-version":[{"id":1722,"href":"https:\/\/taiyo.fi\/sv\/wp-json\/wp\/v2\/posts\/1716\/revisions\/1722"}],"wp:featuredmedia":[{"embeddable":true,"href":"https:\/\/taiyo.fi\/sv\/wp-json\/wp\/v2\/media\/1723"}],"wp:attachment":[{"href":"https:\/\/taiyo.fi\/sv\/wp-json\/wp\/v2\/media?parent=1716"}],"wp:term":[{"taxonomy":"category","embeddable":true,"href":"https:\/\/taiyo.fi\/sv\/wp-json\/wp\/v2\/categories?post=1716"},{"taxonomy":"post_tag","embeddable":true,"href":"https:\/\/taiyo.fi\/sv\/wp-json\/wp\/v2\/tags?post=1716"}],"curies":[{"name":"wp","href":"https:\/\/api.w.org\/{rel}","templated":true}]}}