{"id":16177,"date":"2026-03-25T11:36:50","date_gmt":"2026-03-25T09:36:50","guid":{"rendered":"https:\/\/taiyo.fi\/?p=16177"},"modified":"2026-03-25T11:48:08","modified_gmt":"2026-03-25T09:48:08","slug":"hae-juontajaksi-lukuvuoden-2026-2027-avajaisiin","status":"publish","type":"post","link":"https:\/\/taiyo.fi\/sv\/2026\/03\/25\/hae-juontajaksi-lukuvuoden-2026-2027-avajaisiin\/","title":{"rendered":"Ans\u00f6k om att bli konferencier f\u00f6r l\u00e4s\u00e5rets 2026-2027 \u00f6ppningsceremoni!"},"content":{"rendered":"<div data-olk-copy-source=\"MessageBody\">TaiYo s\u00f6ker tre konferencierer till Konstuniversitetets \u00f6ppningsceremoni f\u00f6r l\u00e4s\u00e5ret. Vid \u00f6ppningsceremonin har det traditionellt funnits tre konferencierer som representerat universitetets tre olika akademier och tre spr\u00e5k; finska, svenska och engelska.<\/div>\n<div><\/div>\n<div>Konferencierernas viktiga uppgift \u00e4r att g\u00f6ra evenemanget lagom avslappnat och l\u00e4ttillg\u00e4ngligt f\u00f6r alla medlemmar i gemenskapen. Vi \u00f6nskar att s\u00f6kande har f\u00f6rm\u00e5ga att kasta sig in i uppgiften samt entusiasm och engagemang.<\/div>\n<div><\/div>\n<div>Konferencierernas arbetsuppgifter inkluderar:<\/div>\n<ul data-editing-info=\"{&quot;applyListStyleFromLevel&quot;:true}\">\n<li>\n<div role=\"presentation\">Gemensamma m\u00f6ten med universitetets evenemangsansvariga<\/div>\n<\/li>\n<li>\n<div role=\"presentation\">att skriva konferenciermanus<\/div>\n<\/li>\n<li>\n<div role=\"presentation\">Genrep f\u00f6r evenemanget<\/div>\n<\/li>\n<li>\n<div role=\"presentation\">val av kostym fr\u00e5n Teaks kostymf\u00f6rr\u00e5d, samt<\/div>\n<\/li>\n<li>\n<div role=\"presentation\">att leda evenemanget den <b>10.9.2026 <\/b>p\u00e5 S\u00f6rn\u00e4s campus p\u00e5 Myllytori.<\/div>\n<\/li>\n<\/ul>\n<div><\/div>\n<div>Varje konferencier f\u00e5r ett arvode p\u00e5 400 euro.<\/div>\n<div><\/div>\n<div><b>Ans\u00f6kningsinstruktioner<\/b><\/div>\n<div><\/div>\n<div>Man ans\u00f6ker om att bli konferencier f\u00f6r l\u00e4s\u00e5rs\u00f6ppningen med en skriftlig ans\u00f6kan, en video och en intervju.<\/div>\n<div><\/div>\n<div><b>Instruktioner f\u00f6r den skriftlig ans\u00f6kan<\/b><\/div>\n<div><\/div>\n<div>Skriv en \u00f6ppen ans\u00f6kan (ca en halv A4-sida) d\u00e4r du presenterar dig sj\u00e4lv, ber\u00e4ttar varf\u00f6r du s\u00f6ker uppdraget som konferencier och vilken eventuell kompetens eller erfarenhet du har som kan vara nyttig i uppgiften. N\u00e4mn ocks\u00e5 p\u00e5 vilka spr\u00e5k du kan konferenciera och vad du studerar. Bifoga \u00e4ven dina kontaktuppgifter och vilka intervjutider som passar dig i samma PDF-fil. Ans\u00f6kan kan skrivas p\u00e5 ett spr\u00e5k.<\/div>\n<div><\/div>\n<div><b>Instruktioner f\u00f6r videon<\/b><\/div>\n<div><\/div>\n<div>Spela in en kort video p\u00e5 ca 1 minut d\u00e4r du kort presenterar dig sj\u00e4lv. Videon kan med f\u00f6rdel spelas in med till exempel en mobiltelefon eller datorns kamera. Inkludera alla de spr\u00e5k (finska, svenska, engelska) som du \u00e4r beredd att anv\u00e4nda som konferencier vid l\u00e4s\u00e5rs\u00f6ppningen.<\/div>\n<div><\/div>\n<div><strong>Skicka din ans\u00f6kan till TaiYos generalsekreterare Jane K\u00e4rn\u00e4 (taiyo-paasihteeri@uniarts.fi) senast 22.4. kl. 23:59.<\/strong> Om det genom den \u00f6ppna ans\u00f6kan inte finns representanter fr\u00e5n alla akademier eller spr\u00e5kkunniga, f\u00f6rbeh\u00e5ller sig studentk\u00e5ren r\u00e4tten att v\u00e4lja konferencierer \u00e4ven utanf\u00f6r ans\u00f6kningarna.<\/div>\n<div><\/div>\n<div><b>Intervju<\/b><\/div>\n<div><\/div>\n<div>Intervjuerna ordnas<\/div>\n<ul data-editing-info=\"{&quot;applyListStyleFromLevel&quot;:true}\">\n<li>\n<div role=\"presentation\">8.5 kl. 8:00\u20139:45 och\/eller<\/div>\n<\/li>\n<li>\n<div role=\"presentation\">12.5. kl. 15:15\u201317:15.<\/div>\n<\/li>\n<\/ul>\n<div>Meddela i din ans\u00f6kan vilka intervjutider som passar dig. Om ingen av tiderna passar, f\u00f6resl\u00e5 g\u00e4rna flera korta alternativa tider. F\u00f6rbered dig p\u00e5 att framf\u00f6ra ett konferencierinslag (ca 1\u20131,5 min) d\u00e4r du kort talar om gemenskapens betydelse vid universitetet och presenterar en valfri (\u00e4ven fiktiv) upptr\u00e4dande artist. Om du s\u00f6ker p\u00e5 fler \u00e4n ett spr\u00e5k, framf\u00f6r inslaget p\u00e5 alla de spr\u00e5k du \u00e4r beredd att anv\u00e4nda vid l\u00e4s\u00e5rs\u00f6ppningen. Intervjun tar ca 5 minuter.<\/div>","protected":false},"excerpt":{"rendered":"<p>TaiYo etsii kolmea juontajaa Taideyliopiston lukuvuoden avajaisiin. Lukuvuoden avajaisissa on perinteisesti ollut kolme juontajaa, jotka ovat edustaneet yliopiston kolmea eri akatemiaa ja [&hellip;]<\/p>\n","protected":false},"author":13,"featured_media":16175,"comment_status":"closed","ping_status":"open","sticky":true,"template":"","format":"standard","meta":{"_coblocks_attr":"","_coblocks_dimensions":"","_coblocks_responsive_height":"","_coblocks_accordion_ie_support":"","_crdt_document":"","advanced_seo_description":"","jetpack_seo_html_title":"","jetpack_seo_noindex":false,"_jetpack_memberships_contains_paid_content":false,"footnotes":"","jetpack_publicize_message":"","jetpack_publicize_feature_enabled":true,"jetpack_social_post_already_shared":true,"jetpack_social_options":{"image_generator_settings":{"template":"highway","default_image_id":0,"font":"","enabled":false},"version":2},"_wpas_customize_per_network":false},"categories":[1],"tags":[],"class_list":["post-16177","post","type-post","status-publish","format-standard","has-post-thumbnail","hentry","category-taiyo"],"jetpack_publicize_connections":[],"jetpack_featured_media_url":"https:\/\/i0.wp.com\/taiyo.fi\/wp-content\/uploads\/2026\/03\/artikkelikuva-20.png?fit=1640%2C924&ssl=1","jetpack_sharing_enabled":true,"jetpack_shortlink":"https:\/\/wp.me\/p2w00X-4cV","jetpack_likes_enabled":true,"amp_enabled":true,"_links":{"self":[{"href":"https:\/\/taiyo.fi\/sv\/wp-json\/wp\/v2\/posts\/16177","targetHints":{"allow":["GET"]}}],"collection":[{"href":"https:\/\/taiyo.fi\/sv\/wp-json\/wp\/v2\/posts"}],"about":[{"href":"https:\/\/taiyo.fi\/sv\/wp-json\/wp\/v2\/types\/post"}],"author":[{"embeddable":true,"href":"https:\/\/taiyo.fi\/sv\/wp-json\/wp\/v2\/users\/13"}],"replies":[{"embeddable":true,"href":"https:\/\/taiyo.fi\/sv\/wp-json\/wp\/v2\/comments?post=16177"}],"version-history":[{"count":3,"href":"https:\/\/taiyo.fi\/sv\/wp-json\/wp\/v2\/posts\/16177\/revisions"}],"predecessor-version":[{"id":16180,"href":"https:\/\/taiyo.fi\/sv\/wp-json\/wp\/v2\/posts\/16177\/revisions\/16180"}],"wp:featuredmedia":[{"embeddable":true,"href":"https:\/\/taiyo.fi\/sv\/wp-json\/wp\/v2\/media\/16175"}],"wp:attachment":[{"href":"https:\/\/taiyo.fi\/sv\/wp-json\/wp\/v2\/media?parent=16177"}],"wp:term":[{"taxonomy":"category","embeddable":true,"href":"https:\/\/taiyo.fi\/sv\/wp-json\/wp\/v2\/categories?post=16177"},{"taxonomy":"post_tag","embeddable":true,"href":"https:\/\/taiyo.fi\/sv\/wp-json\/wp\/v2\/tags?post=16177"}],"curies":[{"name":"wp","href":"https:\/\/api.w.org\/{rel}","templated":true}]}}