{"id":16111,"date":"2026-03-05T13:42:25","date_gmt":"2026-03-05T11:42:25","guid":{"rendered":"https:\/\/taiyo.fi\/?p=16111"},"modified":"2026-03-05T13:49:40","modified_gmt":"2026-03-05T11:49:40","slug":"hallituslaisen-ensimmainen-seminaarireissu-kokousviineria-ja-kiusallisia-hiljaisuuksia-vai-tarkeaa-jarjestaytymistyota-tiloissa-kuin-tiloissa","status":"publish","type":"post","link":"https:\/\/taiyo.fi\/sv\/2026\/03\/05\/hallituslaisen-ensimmainen-seminaarireissu-kokousviineria-ja-kiusallisia-hiljaisuuksia-vai-tarkeaa-jarjestaytymistyota-tiloissa-kuin-tiloissa\/","title":{"rendered":"En f\u00f6rtroendevalds f\u00f6rsta seminarieresa: m\u00f6tesbulla och besv\u00e4rande tystnader eller betydelsefullt organiseringsarbete i alla slags lokaler?"},"content":{"rendered":"<p><em><span class=\"TextRun SCXW19606502 BCX8\" lang=\"FI-FI\" xml:lang=\"FI-FI\" data-contrast=\"none\"><span class=\"NormalTextRun SpellingErrorV2Themed SCXW19606502 BCX8\">TaiYos<\/span><span class=\"NormalTextRun SCXW19606502 BCX8\">\u00a0styrelse och generalsekreterare var med p\u00e5 Finlands studentk\u00e5rers f\u00f6rbunds \u00f6ppningsseminarium i Jyv\u00e4skyl\u00e4 i b\u00f6rjan av februari. I bloggen ber\u00e4ttar styrelsemedlemTea Sir\u00e9n om sina tankar och observationer fr\u00e5n seminarieresan.<\/span><\/span><span class=\"TextRun SCXW19606502 BCX8\" lang=\"FI-FI\" xml:lang=\"FI-FI\" data-contrast=\"none\"><span class=\"NormalTextRun SCXW19606502 BCX8\">\u00a0<\/span><\/span><\/em><\/p>\n<p><span data-contrast=\"none\">Med n\u00e4stan hela styrelsen samlad, gav vi oss iv\u00e4g redan klockan sju p\u00e5 morgonen fr\u00e5n Helsingfors, f\u00e4rdandes med statens j\u00e4rnv\u00e4gar mot Jyv\u00e4skyl\u00e4, s\u00f6rplande p\u00e5 stationskaffe och tuggande p\u00e5 triangelbr\u00f6d i en l\u00e4tt nerv\u00f6s och sm\u00e5tt hysterisk st\u00e4mning. M\u00e5let var Finlands studentk\u00e5rers f\u00f6rbunds, eller mer bekant FSFs, \u00f6ppningsseminarium. Men vad \u00e4r egentligen FSF? N\u00e5, innan jag blev styrelsemedlem var det \u00e4ven f\u00f6r mig lite h\u00f6ljt i dunkel, men nu kan jag med ganska stadig r\u00f6st s\u00e4ga att det handlar om den nationella takorganisationen f\u00f6r universitetsstudenternas intressebevakning. Den samlar alla studentk\u00e5rer i Finland f\u00f6r att komma \u00f6verens om gemensamma riktlinjer f\u00f6r p\u00e5verkansarbetet och skapa n\u00e4tverk som ger kollektiv styrka \u00f6ver stads- och universitetsgr\u00e4nser. SYL bedriver intressebevakning \u00e5ret runt (och ibland s\u00e4kert dygnet runt) genom att tr\u00e4ffa politiker och f\u00f6rklara varf\u00f6r studenternas r\u00e4ttigheter ocks\u00e5 i forts\u00e4ttningen b\u00f6r tryggas i Finland.<\/span><span data-ccp-props=\"{}\">\u00a0<\/span><span data-ccp-props=\"{}\">\u00a0<\/span><\/p>\n<p><span data-contrast=\"none\">Minuakin j\u00e4nnitti, vaikka olen jonkin osan el\u00e4m\u00e4st\u00e4ni viett\u00e4nytkin erilaisissa\u00a0minglailu- eli verkostoitumistilaisuuksissa toisen ty\u00f6ni puolesta. Olin aikaisemmin kuullut, ett\u00e4 mojova osa Suomen eturivin poliitikoista ja muista valtaapit\u00e4vist\u00e4 on ponnistanut &#8221;alalle\u201d nimenomaan ylioppilaskuntien ja erityisesti\u00a0SYLin\u00a0tuomien mahdollisuuksien kautta. Ja nyt oltiin oman p\u00e4\u00e4sihteerimme Janen toimesta saatu ohje, ett\u00e4 pit\u00e4\u00e4 ihan oikeasti jutella muiden kanssa, vaikkakin on todettava, etteiv\u00e4t\u00a0taiyolaiset\u00a0tyypillisesti olekaan avausseminaarissa olleet solmiot ojossa ja ice\u00a0breakerit\u00a0valmiiksi mietittyn\u00e4, vaan olemme liikkuneet enemm\u00e4n yhten\u00e4isen\u00e4 ja toisiinsa tukeutuvana organismina. Mit\u00e4 jos juttelen vahingossa tulevalle presidentille? Onneksi hallitustoveri Mathiaksella sent\u00e4\u00e4n oli puvun takki p\u00e4\u00e4ll\u00e4!\u00a0<\/span><span data-ccp-props=\"{}\">\u00a0<\/span><\/p>\n<p><span data-contrast=\"none\">F\u00f6rutom det d\u00e4r tillst\u00e5ndet som liknar ren och sk\u00e4r bluffsyndrom m\u00e5ste jag erk\u00e4nna att jag ocks\u00e5 hann t\u00e4nka att vi kanske skulle sitta under lysr\u00f6r och \u00e4ta torr bulla medan vi drack svagt kaffe. Skulle det h\u00e4r allts\u00e5 bli tv\u00e5 av mitt livs torraste och mest obekv\u00e4ma dagar? Ganska snabbt efter att vi kommit fram stod det klart att det p\u00e5 \u00f6ppningsseminariet fanns helt vanliga m\u00e4nniskor, precis som vi, s\u00e5 ingen fara! Och tr\u00e5kigt blev det verkligen inte, f\u00f6r vi fick en ordentlig genomg\u00e5ng av den senaste gemensamma uppfattningen om hur l\u00e4get ser ut inom det samh\u00e4lleliga p\u00e5verkansarbetet ur studenternas intressebevakningsperspektiv. Det fanns mycket att prata om och f\u00f6rundras \u00f6ver tillsammans med b\u00e5de konst- och vetenskapsstuderande \u2013 p\u00e5 s\u00e4tt och vis var vi alla i genomsnitt lika f\u00f6rvirrade, och i genomsnitt lite klokare n\u00e4r vi gick d\u00e4rifr\u00e5n. Och framf\u00f6r allt: vi var inte ensamma med v\u00e5ra bekymmer!\u00a0\u00a0<\/span><span data-ccp-props=\"{}\">\u00a0<\/span><\/p>\n<p><span data-contrast=\"none\">I diskussionerna och anf\u00f6randena om FSFs riksdagsvalsprogram var det en l\u00e4ttnad att h\u00f6ra att ocks\u00e5 andra studentk\u00e5rer delar de bekymmer som TaiYo har lyft fram, bland annat kring terminsavgifterna f\u00f6r studerande fr\u00e5n l\u00e4nder utanf\u00f6r EU, studenternas f\u00f6rs\u00f6rjning och bristen p\u00e5 bost\u00e4der med studerandev\u00e4nligt pris.\u00a0<\/span><span data-ccp-props=\"{}\">\u00a0<\/span><\/p>\n<p><span data-contrast=\"none\">Vi deltog i flera olika workshoppar under seminariet, d\u00e4r mer specifika teman stod i fokus; allt fr\u00e5n klimatdiplomati och terapigaranti till fackf\u00f6rbundens st\u00f6d f\u00f6r internationella studerande och tillg\u00e4ngligheten vid studentevenemang. Dessutom fick vi h\u00f6ra ett expertanf\u00f6rande om flerspr\u00e5kighet i organisationer och hur det h\u00e4nger ihop med upplevelsen av delaktighet och med maktut\u00f6vning. M\u00e5nga teman som ber\u00f6r studerande vid Konstuniversitetet, med andra ord.<\/span><span data-ccp-props=\"{}\">\u00a0<\/span><\/p>\n<p><span data-contrast=\"none\">Anf\u00f6randena var verkligen intressanta, och s\u00e4rskilt Taru Tujunens l\u00e4ges\u00f6versikt \u00f6ver det politiska f\u00e4ltet var fullmatad med substans. Tujunen \u00e4r en rutinerad styrelseproffs, en politikveteran med bakgrund i Samlingspartiet och dessutom en FSF\u2011alumn, som numera arbetar bland annat f\u00f6r Sitra. Det bj\u00f6ds p\u00e5 rena godbitar f\u00f6r politikn\u00f6rdar, medan de som \u00e4r mindre bekanta med det finl\u00e4ndska parlamentariska systemets krumbukter \u2013 eller som har hunnit gl\u00f6mma en del sedan samh\u00e4llsl\u00e4rans lektioner \u2013 fick konkret och tydligt paketerad information om hur val faktiskt g\u00e5r till och n\u00e4r riksdagsvalsp\u00e5verkan i praktiken sker. Jag visste till exempel inte att det, efter att partiernas valprogram spikats och valkampanjerna och regeringsf\u00f6rhandlingarna dragit ig\u00e5ng, \u00e4r mycket sv\u00e5rt att l\u00e4ngre p\u00e5verka de stora besluten. Det betyder att det viktiga arbetet inf\u00f6r n\u00e4sta regeringsperiods regeringsprogram g\u00f6rs just nu!<\/span><span data-ccp-props=\"{}\">\u00a0<\/span><\/p>\n<p><span data-contrast=\"none\">Ut\u00f6ver sitt eget p\u00e5verkansarbete st\u00f6der FSF ocks\u00e5 studentk\u00e5rerna, som TaiYo, i deras intressebevakning och i arbetet inf\u00f6r riksdagsvalen. Vi l\u00e4rde oss att det \u00e4r viktigt att kunna presentera s\u00e5 konkreta l\u00f6sningsf\u00f6rslag som m\u00f6jligt, g\u00e4rna med tydliga motiveringar, n\u00e4r man talar med politiker. Det k\u00e4nns ibland r\u00e4tt stramt, s\u00e4rskilt i situationer d\u00e4r de nuvarande beslutsfattarnas \u00e5tstramningslinje har lett till m\u00e4nskligt lidande och oro \u00f6ver f\u00f6rs\u00f6rjningen.<\/span><span data-ccp-props=\"{}\">\u00a0<\/span><\/p>\n<p><span data-contrast=\"none\">Det \u00e4r ett fint privilegium att kunna s\u00e4ga att vi \u00e4r den enda studentk\u00e5ren i Finland som uteslutande representerar konststudenter, men det inneb\u00e4r ocks\u00e5 ett stort ansvar. I praktiken betyder det att vi, ut\u00f6ver de allm\u00e4nna fr\u00e5gor som ber\u00f6r alla studerande, s\u00e4rskilt lyfter fram kulturpolitiska fr\u00e5gor i v\u00e5rt p\u00e5verkansarbete. \u00c4ven om det k\u00e4nns fullst\u00e4ndigt sj\u00e4lvklart f\u00f6r oss, m\u00e5ste vi g\u00e5ng p\u00e5 g\u00e5ng f\u00f6rklara f\u00f6r beslutsfattare och v\u00e4ljare varf\u00f6r kulturen \u00e4r ett helt centralt och livsviktigt element i ett civiliserat samh\u00e4lle.\u00a0<\/span><a href=\"https:\/\/kulttuurijataide.fi\/puolustuslinja-korvien-valissa-uusi-kirja-kertoo-kulttuurin-roolista-osana-suomalaista-kokonaisturvallisuuden-mallia\/\"><span data-contrast=\"none\">Utan kultur finns det ingenting att f\u00f6rsvara,<\/span><\/a><span data-contrast=\"none\">hur patriotiskt det \u00e4n m\u00e5 l\u00e5ta.\u00a0\u00a0<\/span><span data-ccp-props=\"{}\">\u00a0<\/span><\/p>\n<p><span data-contrast=\"none\">Seminarieresan bestod f\u00f6rst\u00e5s inte enbart av arbete och h\u00e5rda fakta: vi fick njuta av en hotellnatt och en gemensam vegansk middag, och kv\u00e4llen fortsatte sedan med efterfest p\u00e5 nattklubben Freetime. I stadens nattliga puls fortsatte vi obarmh\u00e4rtigt v\u00e5ra diskussioner om studenternas intressebevakning och n\u00e4tverkandet. Ur en tids- och rumskonststuderandes perspektiv \u00e4r det faktiskt fascinerande att fundera \u00f6ver i vilka rum (och vid vilka tidpunkter) det politiska arbetet egentligen sker; \u00f6ver ett wienerbr\u00f6d i aulan i Jyv\u00e4skyl\u00e4 universitets C\u2011byggnad, ritad av landets fr\u00e4msta arkitekt, eller klockan fyra p\u00e5 morgonen (eller okej, \u00e4rligt talat sis\u00e5d\u00e4r klockan ett) i garderobsk\u00f6n efter karaoke? I dessa s\u00e5 kallade okonventionella situationer uppst\u00e5r ofta b\u00f6rjan till stora nya id\u00e9er, och vi l\u00e4r k\u00e4nna varandra som m\u00e4nniskor, inte bara som representanter f\u00f6r mer eller mindre anonyma organisationer eller underavdelningar. Alla s\u00e5dana m\u00f6ten k\u00e4nns ov\u00e4rderliga i en tid d\u00e5 de allm\u00e4nna utvecklingsriktningarna ob\u00f6nh\u00f6rligen driver oss l\u00e4ngre ifr\u00e5n varandra.\u00a0\u00a0<\/span><span data-ccp-props=\"{}\">\u00a0<\/span><\/p>\n<p>&nbsp;<\/p>\n<p><em>Tea Sir\u00e9n<\/em><br \/>\n<em>Styrelsemedlem<\/em><\/p>","protected":false},"excerpt":{"rendered":"<p>TaiYon\u00a0hallitus ja p\u00e4\u00e4sihteeri osallistuivat Suomen ylioppilaskuntien liiton avausseminaariin Jyv\u00e4skyl\u00e4ss\u00e4 helmikuun alussa. Blogissa hallituksen j\u00e4sen Tea Sir\u00e9n kertoo ajatuksiaan ja havaintojaan seminaarireissusta.\u00a0 L\u00e4hdimme [&hellip;]<\/p>\n","protected":false},"author":13,"featured_media":16113,"comment_status":"closed","ping_status":"open","sticky":true,"template":"","format":"standard","meta":{"_coblocks_attr":"","_coblocks_dimensions":"","_coblocks_responsive_height":"","_coblocks_accordion_ie_support":"","_crdt_document":"","advanced_seo_description":"","jetpack_seo_html_title":"","jetpack_seo_noindex":false,"_jetpack_memberships_contains_paid_content":false,"footnotes":"","jetpack_publicize_message":"","jetpack_publicize_feature_enabled":true,"jetpack_social_post_already_shared":true,"jetpack_social_options":{"image_generator_settings":{"template":"highway","default_image_id":0,"font":"","enabled":false},"version":2},"_wpas_customize_per_network":false},"categories":[1],"tags":[],"class_list":["post-16111","post","type-post","status-publish","format-standard","has-post-thumbnail","hentry","category-taiyo"],"jetpack_publicize_connections":[],"jetpack_featured_media_url":"https:\/\/i0.wp.com\/taiyo.fi\/wp-content\/uploads\/2026\/03\/artikkelikuva-19.png?fit=1640%2C924&ssl=1","jetpack_sharing_enabled":true,"jetpack_shortlink":"https:\/\/wp.me\/p2w00X-4bR","jetpack_likes_enabled":true,"amp_enabled":true,"_links":{"self":[{"href":"https:\/\/taiyo.fi\/sv\/wp-json\/wp\/v2\/posts\/16111","targetHints":{"allow":["GET"]}}],"collection":[{"href":"https:\/\/taiyo.fi\/sv\/wp-json\/wp\/v2\/posts"}],"about":[{"href":"https:\/\/taiyo.fi\/sv\/wp-json\/wp\/v2\/types\/post"}],"author":[{"embeddable":true,"href":"https:\/\/taiyo.fi\/sv\/wp-json\/wp\/v2\/users\/13"}],"replies":[{"embeddable":true,"href":"https:\/\/taiyo.fi\/sv\/wp-json\/wp\/v2\/comments?post=16111"}],"version-history":[{"count":2,"href":"https:\/\/taiyo.fi\/sv\/wp-json\/wp\/v2\/posts\/16111\/revisions"}],"predecessor-version":[{"id":16114,"href":"https:\/\/taiyo.fi\/sv\/wp-json\/wp\/v2\/posts\/16111\/revisions\/16114"}],"wp:featuredmedia":[{"embeddable":true,"href":"https:\/\/taiyo.fi\/sv\/wp-json\/wp\/v2\/media\/16113"}],"wp:attachment":[{"href":"https:\/\/taiyo.fi\/sv\/wp-json\/wp\/v2\/media?parent=16111"}],"wp:term":[{"taxonomy":"category","embeddable":true,"href":"https:\/\/taiyo.fi\/sv\/wp-json\/wp\/v2\/categories?post=16111"},{"taxonomy":"post_tag","embeddable":true,"href":"https:\/\/taiyo.fi\/sv\/wp-json\/wp\/v2\/tags?post=16111"}],"curies":[{"name":"wp","href":"https:\/\/api.w.org\/{rel}","templated":true}]}}