{"id":15462,"date":"2025-10-08T11:01:57","date_gmt":"2025-10-08T09:01:57","guid":{"rendered":"https:\/\/taiyo.fi\/?p=15462"},"modified":"2025-10-22T14:20:14","modified_gmt":"2025-10-22T12:20:14","slug":"edustajistovaalien-ehdokasasettelu-jatkuu-nomination-of-candidates-for-the-representative-council-elections-continues-uppstallningen-av-kandidater-till-delegationsvalet-fortsatter","status":"publish","type":"post","link":"https:\/\/taiyo.fi\/sv\/2025\/10\/08\/edustajistovaalien-ehdokasasettelu-jatkuu-nomination-of-candidates-for-the-representative-council-elections-continues-uppstallningen-av-kandidater-till-delegationsvalet-fortsatter\/","title":{"rendered":"Edustajistovaalien ehdokasasettelu jatkuu | Nomination of candidates for the Representative Council elections continues | Uppst\u00e4llningen av kandidater till delegationsvalet forts\u00e4tter"},"content":{"rendered":"<p><em>I TaiYos delegationsval st\u00e4llde 14 personer upp som kandidater f\u00f6re tidsfristen \u2013 en f\u00e4rre \u00e4n antalet platser i delegationen. Dessa fjorton personer kommer att v\u00e4ljas in i delegationen utan val, och ett till\u00e4ggsval kommer att h\u00e5llas f\u00f6r att v\u00e4lja en ordinarie medlem samt suppleanter.\u00a0<\/em><\/p>\n<p>I enlighet med valordningens best\u00e4mmelser har studentk\u00e5rens centralvaln\u00e4mnd utsett de kandidater som st\u00e4llde upp f\u00f6re tidsfristen till delegationen och beslutat att ist\u00e4llet f\u00f6r ordinarie delegationsval h\u00e5lla ett till\u00e4ggsval, d\u00e4r resterande delegationsmedlemmar v\u00e4ljs. I till\u00e4ggsvalet v\u00e4ljs allts\u00e5 1 ordinarie delegationsmedlem samt suppleanter som kompletterar de 14 medlemmar som nu valts utan val.<\/p>\n<p>Kandidatnomineringen till till\u00e4ggsvalet \u00e4r nu \u00f6ppen, och alla kandidatnomineringar samt avtal om valf\u00f6rbund och valringar ska l\u00e4mnas in senast m\u00e5ndagen den 13 oktober kl. 14.00. Alla TaiYo-medlemmar som \u00e4r registrerade som n\u00e4rvarande eller fr\u00e5nvarande vid Konstuniversitetet har r\u00e4tt att kandidera i till\u00e4ggsvalet. R\u00f6stningsdatumen f\u00f6rblir of\u00f6r\u00e4ndrade: 30 oktober, 4 november och 5 november 2025. R\u00f6str\u00e4tt i till\u00e4ggsvalet har alla studentk\u00e5rsmedlemmar som \u00e4r registrerade som n\u00e4rvarande. Instruktioner f\u00f6r kandidatur och alla n\u00f6dv\u00e4ndiga blanketter finns fortfarande p\u00e5 TaiYos webbplats: <a href=\"http:\/\/www.taiyo.fi\/sv\/vaalit\" rel=\"nofollow\">http:\/\/www.taiyo.fi\/sv\/vaalit<\/a>.<\/p>\n<p>F\u00f6ljande har valts in i delegationen utan val:<\/p>\n<p>Cris Arroyo Perez (SibA, tidig musik)<br \/>\nSusanna Rantakyl\u00e4 (SibA, kyrkomusik)<br \/>\nHumphrey Abduel Mbaruku (SibA, global music)<br \/>\nSilvia Steckiewicz (SibA, Kul\u00adtu\u00adrell mu\u00adsik\u00adforsk\u00adning)<br \/>\nMaissi Uusitalo (SibA, Mu\u00adsik\u00adpe\u00adda\u00adgo\u00adgik)<br \/>\nAnneli Saari (SibA, musikpedagogik)<br \/>\nJesper Autio (SibA, music business)<br \/>\nMartin Iivarinen (SibA, opera)<br \/>\nPauliina Kiet\u00e4v\u00e4inen (TeaK, Dra\u00adma\u00adtur\u00adgi och dra\u00adma\u00adtiskt skri\u00advan\u00adde)<br \/>\nVenla Niitemaa (TeaK, danskonst)<br \/>\nMaija Antikainen (TeaK, regi)<br \/>\nMalla Ylijurva (TeaK, sk\u00e5despelarkonst)<br \/>\nJonas Kanto (TeaK, Ljud\u00adde\u00adsign)<br \/>\nMahis Salim (KuvA, m\u00e5leri)<\/p>\n<p>Delegationen, som v\u00e4ljs f\u00f6r en tv\u00e5\u00e5rsperiod, \u00e4r studentk\u00e5rens h\u00f6gsta beslutande organ. Den beslutar bland annat om TaiYo:s medlemsavgift och -utgifter, godk\u00e4nner verksamhetsplanen och v\u00e4ljer studentmedlemmar till Konstuniversitetets styrelse, studentk\u00e5rens styrelse samt generalsekreteraren.<\/p>\n<p>Centralvaln\u00e4mndens beslut grundar sig p\u00e5 35 \u00a7 i studentk\u00e5rens valreglemente, enligt vilken \"<em>Om f\u00e4rre kandidater har antagits till kandidatf\u00f6rteckningen \u00e4n det finns kandidater som ska v\u00e4ljas, f\u00f6rr\u00e4ttas inget val, men centralvaln\u00e4mnden f\u00f6rklarar dessa kandidater valda och f\u00f6rr\u00e4ttar fyllnadsval i enlighet med denna valordning.<\/em>\u201d<\/p>\n<p>&nbsp;<\/p>\n<p>Mer information:<\/p>\n<p>Generalsekreterare Jane K\u00e4rn\u00e4 (taiyo-paasihteeri@uniarts.fi, tfn. 040 710 4296)<\/p>","protected":false},"excerpt":{"rendered":"<p>TaiYo:n edustajistovaaleissa asettui ehdolle m\u00e4\u00e4r\u00e4aikaan menness\u00e4 14 henkil\u00f6\u00e4 eli yksi v\u00e4hemm\u00e4n kuin edustajistossa on paikkoja. N\u00e4m\u00e4 nelj\u00e4toista henkil\u00f6\u00e4 tulevat valituksi edustajistoon ilman [&hellip;]<\/p>\n","protected":false},"author":13,"featured_media":15466,"comment_status":"closed","ping_status":"open","sticky":false,"template":"","format":"standard","meta":{"_coblocks_attr":"","_coblocks_dimensions":"","_coblocks_responsive_height":"","_coblocks_accordion_ie_support":"","_crdt_document":"","advanced_seo_description":"","jetpack_seo_html_title":"","jetpack_seo_noindex":false,"_jetpack_memberships_contains_paid_content":false,"footnotes":"","jetpack_publicize_message":"","jetpack_publicize_feature_enabled":true,"jetpack_social_post_already_shared":true,"jetpack_social_options":{"image_generator_settings":{"template":"highway","default_image_id":0,"font":"","enabled":false},"version":2},"_wpas_customize_per_network":false},"categories":[1],"tags":[],"class_list":["post-15462","post","type-post","status-publish","format-standard","has-post-thumbnail","hentry","category-taiyo"],"jetpack_publicize_connections":[],"jetpack_featured_media_url":"https:\/\/i0.wp.com\/taiyo.fi\/wp-content\/uploads\/2025\/10\/edarivaalit_infonaytoille-2.png?fit=1920%2C1080&ssl=1","jetpack_sharing_enabled":true,"jetpack_shortlink":"https:\/\/wp.me\/p2w00X-41o","jetpack_likes_enabled":true,"amp_enabled":true,"_links":{"self":[{"href":"https:\/\/taiyo.fi\/sv\/wp-json\/wp\/v2\/posts\/15462","targetHints":{"allow":["GET"]}}],"collection":[{"href":"https:\/\/taiyo.fi\/sv\/wp-json\/wp\/v2\/posts"}],"about":[{"href":"https:\/\/taiyo.fi\/sv\/wp-json\/wp\/v2\/types\/post"}],"author":[{"embeddable":true,"href":"https:\/\/taiyo.fi\/sv\/wp-json\/wp\/v2\/users\/13"}],"replies":[{"embeddable":true,"href":"https:\/\/taiyo.fi\/sv\/wp-json\/wp\/v2\/comments?post=15462"}],"version-history":[{"count":4,"href":"https:\/\/taiyo.fi\/sv\/wp-json\/wp\/v2\/posts\/15462\/revisions"}],"predecessor-version":[{"id":15467,"href":"https:\/\/taiyo.fi\/sv\/wp-json\/wp\/v2\/posts\/15462\/revisions\/15467"}],"wp:featuredmedia":[{"embeddable":true,"href":"https:\/\/taiyo.fi\/sv\/wp-json\/wp\/v2\/media\/15466"}],"wp:attachment":[{"href":"https:\/\/taiyo.fi\/sv\/wp-json\/wp\/v2\/media?parent=15462"}],"wp:term":[{"taxonomy":"category","embeddable":true,"href":"https:\/\/taiyo.fi\/sv\/wp-json\/wp\/v2\/categories?post=15462"},{"taxonomy":"post_tag","embeddable":true,"href":"https:\/\/taiyo.fi\/sv\/wp-json\/wp\/v2\/tags?post=15462"}],"curies":[{"name":"wp","href":"https:\/\/api.w.org\/{rel}","templated":true}]}}