{"id":14812,"date":"2025-04-17T13:18:54","date_gmt":"2025-04-17T11:18:54","guid":{"rendered":"https:\/\/taiyo.fi\/?p=14812"},"modified":"2026-04-20T09:22:12","modified_gmt":"2026-04-20T07:22:12","slug":"leikkauksien-leikkauspisteessa-taideopiskelijoiden-vetoomus-leikkauksien-keskelta","status":"publish","type":"post","link":"https:\/\/taiyo.fi\/sv\/2025\/04\/17\/leikkauksien-leikkauspisteessa-taideopiskelijoiden-vetoomus-leikkauksien-keskelta\/","title":{"rendered":"I sk\u00e4rningspunkten mellan nedsk\u00e4rningarna - h\u00f6r konststudenternas r\u00f6st mitt i nedsk\u00e4rningarnas tid"},"content":{"rendered":"<p><i><span data-contrast=\"none\">\"Det \u00e4r skr\u00e4mmande att studera ett omr\u00e5de vars livskraft nuvarande politiska beslut systematiskt f\u00f6rst\u00f6r. Vars betydelse och st\u00e4llning systematiskt trampas p\u00e5. Vars ut\u00f6vares n\u00f6d behandlas kallt, likgiltigt, nedl\u00e5tande. Ett omr\u00e5de vars frihet \u00e4r i fara.\"<\/span><\/i><\/p>\n<p><span data-contrast=\"none\">Regeringen planerar i sin kommande mellanbudget att sk\u00e4ra ner 75 miljoner euro p\u00e5 omr\u00e5den under Undervisnings- och kulturministeriet. Antingen utbildnings-, ungdoms-, idrotts- eller kultur- och konstst\u00f6d \u00e4r p\u00e5 v\u00e4g att hamna p\u00e5 nedsk\u00e4rningslistan. Det \u00e4r tr\u00f6stl\u00f6st att inse att oavsett var nedsk\u00e4rningarna sker, kommer vi som konststuderande n\u00e4stan alltid att drabbas av dem.<\/span><\/p>\n<p><span data-contrast=\"none\">Studenter inom konst- och kulturomr\u00e5den lever i verkligheten av f\u00f6rlamande nedsk\u00e4rningar. Vi befinner oss i en situation d\u00e4r flera samtidiga beslut tr\u00e4ffar samma grupp, och vars effekter har ackumulerats \u00f6desdigert under en tid. Vi studerar ett omr\u00e5de som redan har f\u00f6rsvagats av historiska nedsk\u00e4rningar, som o\u00e5terkalleligt \u00e4ventyrar Finlands kultur- och konstf\u00e4ltets verksamhetsm\u00f6jligheter, utveckling och kontinuitet. Som studenter har v\u00e5rt st\u00f6dsystem gjorts mer l\u00e5nebaserat och bostadsst\u00f6det f\u00f6r studenter har skurits ner. Med dessa f\u00f6r\u00e4ndringar som p\u00e5verkar studenternas f\u00f6rs\u00f6rjning har m\u00f6jligheterna att fokusera p\u00e5 studierna minskat, eftersom allt fler av oss helt enkelt m\u00e5ste arbeta vid sidan av studierna f\u00f6r att f\u00e5 pengarna att r\u00e4cka till ens f\u00f6r grundl\u00e4ggande behov. Vi uppmanas att studera h\u00e5rdare och snabbare, men med mindre st\u00f6d. Vi f\u00f6rv\u00e4ntas klara v\u00e5ra studier snabbt, men att ta examen till ett omr\u00e5de d\u00e4r det inte l\u00e4ngre finns n\u00e5gra garantier f\u00f6r anst\u00e4llning \u2013 med ett examensbevis i ena handen och en stor skuld i den andra. Nedsk\u00e4rningarna p\u00e5verkar inte bara studentens redan tunna pl\u00e5nbok. De ifr\u00e5gas\u00e4tter v\u00e5rt val att \u00e4gna en stor del av v\u00e5ra liv \u00e5t att skapa och studera konst. M\u00e5nga av oss tvingas g\u00f6ra detta val dag efter dag, under allt os\u00e4krare f\u00f6rh\u00e5llanden.<\/span><\/p>\n<p><i><span data-contrast=\"none\">\"Studenter inom konst- och kulturomr\u00e5den drabbas av flera \u00f6verlappande nedsk\u00e4rningar. V\u00e5ra bostads- och studiest\u00f6d sk\u00e4rs ner samtidigt som v\u00e5ra anst\u00e4llningsm\u00f6jligheter f\u00f6rst\u00f6rs. Studenter beh\u00f6ver br\u00f6d! Inte nedsk\u00e4rningar!\"<\/span><\/i><\/p>\n<p><span data-contrast=\"none\">Vi f\u00f6rst\u00e5r regeringens m\u00e5l att stoppa statens skulds\u00e4ttning och v\u00e4nda ekonomins riktning. Regeringen har h\u00e4vdat att nedsk\u00e4rningar inom konst och kultur \u00e4r n\u00f6dv\u00e4ndiga och rimliga i det stora hela. Det \u00e4r sv\u00e5rt att mots\u00e4ga detta samtidigt som v\u00e5ra framtida arbetsplatser kollapsar och institutioner drar sig tillbaka f\u00f6r att \u00f6verleva, vilket st\u00e4nger anst\u00e4llningsm\u00f6jligheterna f\u00f6r nyutexaminerade och frilansare. Nedsk\u00e4rningarna har f\u00f6rsatt v\u00e5ra framtida arbetsplatser i ett oh\u00e5llbart tillst\u00e5nd. Mellanbudgeten \u00e4r en m\u00f6jlighet att v\u00e4lja annorlunda. Studenter inom omr\u00e5det - framtidens skapare - har inte l\u00e4ngre r\u00e5d med fler nedsk\u00e4rningar. Marken under v\u00e5ra f\u00f6tter har redan brutits ned\u00a0fr\u00e5n alla h\u00e5ll. Vi ber er, l\u00e4mna n\u00e5got av v\u00e5r framtid kvar.\u00a0<\/span><\/p>\n<p><i><span data-contrast=\"none\">\"Nedsk\u00e4rningar inom kultursektorn \u00e4r en direkt attack mot m\u00e5ngfald och m\u00e5ngst\u00e4mmighet. Konst \u00e4r ett medel f\u00f6r motst\u00e5nd och olikt\u00e4nkande.\"<\/span><\/i><\/p>\n<p><span data-contrast=\"none\">TaiYo fick vara med och \u00f6verl\u00e4mna Stoppa Saksen -petitionen, undertecknad av \u00f6ver 100 000 personer, till partiernas representanter i b\u00f6rjan av april. Vid tillf\u00e4llet ber\u00e4ttade vi med citat som hittas ocks\u00e5 i denna text, hur situationen k\u00e4nns f\u00f6r studenter inom kulturbranschen. Att examen inom detta omr\u00e5de inte l\u00e4ngre k\u00e4nns som en dr\u00f6m som g\u00e5r i uppfyllelse. Att passion har f\u00f6rvandlats till \u00f6verlevnad. Att hopp byts mot f\u00f6rlamning n\u00e4r ingen lyssnar p\u00e5 oss bakom d\u00f6rrarna. \u00a0<\/span><span data-ccp-props=\"{&quot;134233117&quot;:false,&quot;134233118&quot;:false,&quot;201341983&quot;:0,&quot;335551550&quot;:1,&quot;335551620&quot;:1,&quot;335559685&quot;:0,&quot;335559737&quot;:0,&quot;335559738&quot;:0,&quot;335559739&quot;:0,&quot;335559740&quot;:279}\">\u00a0<\/span><\/p>\n<p><span data-contrast=\"none\">Det k\u00e4nns som att ingen rationell anledning r\u00e4cker till bakom dessa d\u00f6rrarna. Kultur- och konstsektorn syssels\u00e4tter en enorm m\u00e4ngd proffs, dess p\u00e5verkan \u00f6kar bruttonationalprodukten, de pengar som investeras i den \u00e5terv\u00e4nder m\u00e5ngfaldigt, den g\u00f6r st\u00e4der och kommuner mer livskraftiga och attraktiva f\u00f6r inv\u00e5nare och turister. Konst st\u00f6djer m\u00e4nniskors v\u00e4lbefinnande, \u00f6kar delaktigheten och st\u00e4rker demokratin i samh\u00e4llet. Redan ett av dessa sk\u00e4l borde vara anledning nog att skydda och st\u00e4rka konst- och kulturomr\u00e5det, inte sk\u00e4ra ner p\u00e5 det. Och \u00e4nd\u00e5 drabbas vi av nedsk\u00e4rningar. Det v\u00e4cker en fr\u00e5ga som inte l\u00e4ngre kan ignoreras: Varf\u00f6r v\u00e4rderas vi inte?\u00a0<\/span><i><span data-contrast=\"none\">Miksi meit\u00e4 ei arvosteta?<\/span><\/i><span data-ccp-props=\"{&quot;134233117&quot;:false,&quot;134233118&quot;:false,&quot;335551550&quot;:1,&quot;335551620&quot;:1,&quot;335559738&quot;:240,&quot;335559739&quot;:240}\">\u00a0<\/span><\/p>\n<p><span data-contrast=\"none\">Vi konststudenter f\u00f6rs\u00f6ker bygga ett liv v\u00e4rt att leva, d\u00e4r konst \u00e4r en del av samh\u00e4llet, inte p\u00e5 dess utkant. Vi vill g\u00f6ra arbete som skapar mening och ger gott \u00e4ven till andra. N\u00e4r inte ens de ovan n\u00e4mnda instrumentella v\u00e4rdena r\u00e4cker f\u00f6r att f\u00f6rsvara v\u00e5rt omr\u00e5de, smyger k\u00e4nslan av v\u00e4rdel\u00f6shet in. Nedsk\u00e4rningar \u00e4r inte bara budgetbeslut \u2013 de \u00e4r budskap om vad som anses viktigt. Vi ses inte som viktiga nu, och vi f\u00f6rst\u00e5r inte varf\u00f6r.<\/span><\/p>\n<p><i><span data-contrast=\"none\">\"Vi har uppmuntrats att f\u00f6lja v\u00e5ra dr\u00f6mmar. Vi har ut\u00f6vat, studerat och skapat konst l\u00e4nge och ih\u00e4rdigt f\u00f6r att bli professionella konstn\u00e4rer. Men nu straffar regeringen oss f\u00f6r att vi f\u00f6ljer v\u00e5ra dr\u00f6mmar.\u201d<\/span><\/i><span data-ccp-props=\"{&quot;134233117&quot;:false,&quot;134233118&quot;:false,&quot;335551550&quot;:1,&quot;335551620&quot;:1,&quot;335559738&quot;:240,&quot;335559739&quot;:240}\">\u00a0<\/span><\/p>\n<p><span data-contrast=\"none\">Det finska konst- och kulturomr\u00e5det har byggts upp genom \u00e5rhundraden av l\u00e5ngsiktigt arbete, dr\u00f6mmar och uth\u00e5llighet. Dessa har vi fortfarande, men de r\u00e4cker inte om grunderna rivs bort utan m\u00f6jlighet till \u00f6verg\u00e5ng. Finland beh\u00f6ver i framtiden experter som forts\u00e4tter det viktiga arbetet med fenomen som teknologin aldrig kan uppn\u00e5. Vi beh\u00f6ver inga nya nedsk\u00e4rningar. Vi beh\u00f6ver trygghet och ro, tid och utrymme. Framf\u00f6r allt beh\u00f6ver vi tro p\u00e5 att detta samh\u00e4lle fortfarande har plats och v\u00e4rde f\u00f6r konsten \u2013 och f\u00f6r oss som studerar och skapar den.<\/span><span data-ccp-props=\"{}\">\u00a0<\/span><\/p>","protected":false},"excerpt":{"rendered":"<p>\u201cOn pelottavaa opiskella alaa, jonka elinvoimaa nykyiset poliittiset p\u00e4\u00e4t\u00f6kset tuhoavat m\u00e4\u00e4r\u00e4tietoisesti. Jonka merkityst\u00e4 ja asemaa poljetaan systemaattisesti. Jonka tekij\u00f6iden h\u00e4t\u00e4\u00e4n suhtaudutaan kylm\u00e4sti, [&hellip;]<\/p>\n","protected":false},"author":13,"featured_media":14813,"comment_status":"closed","ping_status":"open","sticky":true,"template":"","format":"standard","meta":{"_coblocks_attr":"","_coblocks_dimensions":"","_coblocks_responsive_height":"","_coblocks_accordion_ie_support":"","_crdt_document":"","advanced_seo_description":"","jetpack_seo_html_title":"","jetpack_seo_noindex":false,"_jetpack_memberships_contains_paid_content":false,"footnotes":"","jetpack_publicize_message":"","jetpack_publicize_feature_enabled":true,"jetpack_social_post_already_shared":true,"jetpack_social_options":{"image_generator_settings":{"template":"highway","default_image_id":0,"font":"","enabled":false},"version":2},"_wpas_customize_per_network":false},"categories":[1],"tags":[],"class_list":["post-14812","post","type-post","status-publish","format-standard","has-post-thumbnail","hentry","category-taiyo"],"jetpack_publicize_connections":[],"jetpack_featured_media_url":"https:\/\/i0.wp.com\/taiyo.fi\/wp-content\/uploads\/2025\/04\/Lisaa-vahan-leipatekstia-1640-x-924-px.png?fit=1640%2C924&ssl=1","jetpack_sharing_enabled":true,"jetpack_shortlink":"https:\/\/wp.me\/p2w00X-3QU","jetpack_likes_enabled":true,"amp_enabled":true,"_links":{"self":[{"href":"https:\/\/taiyo.fi\/sv\/wp-json\/wp\/v2\/posts\/14812","targetHints":{"allow":["GET"]}}],"collection":[{"href":"https:\/\/taiyo.fi\/sv\/wp-json\/wp\/v2\/posts"}],"about":[{"href":"https:\/\/taiyo.fi\/sv\/wp-json\/wp\/v2\/types\/post"}],"author":[{"embeddable":true,"href":"https:\/\/taiyo.fi\/sv\/wp-json\/wp\/v2\/users\/13"}],"replies":[{"embeddable":true,"href":"https:\/\/taiyo.fi\/sv\/wp-json\/wp\/v2\/comments?post=14812"}],"version-history":[{"count":2,"href":"https:\/\/taiyo.fi\/sv\/wp-json\/wp\/v2\/posts\/14812\/revisions"}],"predecessor-version":[{"id":14815,"href":"https:\/\/taiyo.fi\/sv\/wp-json\/wp\/v2\/posts\/14812\/revisions\/14815"}],"wp:featuredmedia":[{"embeddable":true,"href":"https:\/\/taiyo.fi\/sv\/wp-json\/wp\/v2\/media\/14813"}],"wp:attachment":[{"href":"https:\/\/taiyo.fi\/sv\/wp-json\/wp\/v2\/media?parent=14812"}],"wp:term":[{"taxonomy":"category","embeddable":true,"href":"https:\/\/taiyo.fi\/sv\/wp-json\/wp\/v2\/categories?post=14812"},{"taxonomy":"post_tag","embeddable":true,"href":"https:\/\/taiyo.fi\/sv\/wp-json\/wp\/v2\/tags?post=14812"}],"curies":[{"name":"wp","href":"https:\/\/api.w.org\/{rel}","templated":true}]}}