{"id":14798,"date":"2025-04-15T10:52:17","date_gmt":"2025-04-15T08:52:17","guid":{"rendered":"https:\/\/taiyo.fi\/?p=14798"},"modified":"2025-08-26T14:37:50","modified_gmt":"2025-08-26T12:37:50","slug":"taideyliopisto-on-lopettamassa-tilojensa-yokayton-kysymatta-opiskelijoilta-taiyo-vaatii-yliopistoa-peraantymaan-paatoksestaan","status":"publish","type":"post","link":"https:\/\/taiyo.fi\/sv\/2025\/04\/15\/taideyliopisto-on-lopettamassa-tilojensa-yokayton-kysymatta-opiskelijoilta-taiyo-vaatii-yliopistoa-peraantymaan-paatoksestaan\/","title":{"rendered":"Taideyliopisto on lopettamassa tilojensa y\u00f6k\u00e4yt\u00f6n kysym\u00e4tt\u00e4 opiskelijoilta \u2013 TaiYo vaatii yliopistoa per\u00e4\u00e4ntym\u00e4\u00e4n p\u00e4\u00e4t\u00f6ksest\u00e4\u00e4n"},"content":{"rendered":"<p><span style=\"font-weight: 400;\">Taideyliopisto on ilmoittanut tiedotteessaan 9.4. ja opiskelijoille l\u00e4hett\u00e4m\u00e4ss\u00e4\u00e4n uutiskirjeess\u00e4 14.4.2025 rajaavansa kampusten aukioloaikoja. Vuoden kest\u00e4v\u00e4ss\u00e4 kokeilussa tilojen y\u00f6llinen k\u00e4ytt\u00f6, joka on aiemmin ollut mahdollista Myllyn, N-talon, R-talon ja Musiikkitalon tiloissa, loppuisi kokonaan klo 00\u201306 v\u00e4lisen\u00e4 aikana 1.8.2025 alkaen.<\/span><\/p>\n<p><span style=\"font-weight: 400;\">Taideyliopiston ylioppilaskunta (TaiYo) vaatii Taideyliopistoa per\u00e4\u00e4ntym\u00e4\u00e4n p\u00e4\u00e4t\u00f6ksest\u00e4, jossa ei ole kuultu opiskelijoiden \u00e4\u00e4nt\u00e4. Yliopisto perustelee muutosta vedoten selkeyteen, s\u00e4\u00e4st\u00f6syihin ja opiskelijoiden hyvinvointiin. Opiskelijoiden parhaaseen vetoaminen on v\u00e4hint\u00e4\u00e4nkin kyseenalaista silloin, kun opiskelijoita ei olla osallistettu p\u00e4\u00e4t\u00f6ksentekoon.<\/span><\/p>\n<p><span style=\"font-weight: 400;\">Yliopisto ei voi p\u00e4\u00e4tt\u00e4\u00e4 opiskelijoiden puolesta, milloin heid\u00e4n tulisi ty\u00f6skennell\u00e4. L\u00e4sn\u00e4olo-opetuksen, oman harjoittelun tai ty\u00f6skentelyn ja mahdollisen el\u00e4mist\u00e4 ja opintoja rahoittavan ty\u00f6nteon yhdist\u00e4minen on vaativa yht\u00e4l\u00f6, jota ei ratkaista rajoittamalla opiskelijan mahdollisuutta ty\u00f6skennell\u00e4 h\u00e4nen itsens\u00e4 parhaaksi katsomanaan aikana. Muuttamalla aukioloaikoja my\u00f6h\u00e4\u00e4n ty\u00f6skentelemisen tarve ei poistu, ja opiskelijan tulotasolla on harvoin varaa vuokrata oma ty\u00f6huone. Taiteilijan ty\u00f6h\u00f6n t\u00e4ytyy sis\u00e4lty\u00e4 mahdollisuus ty\u00f6n itsem\u00e4\u00e4rittelyyn ja toisin tekemiseen.<\/span><\/p>\n<p><span style=\"font-weight: 400;\">Taideyliopiston tarjoamat tilaresurssit ovat edellytys koulutuksen tavoitteiden saavuttamiseksi. Erityisesti Kuvataideakatemian ja Sibelius-Akatemian opiskelijoilla on ty\u00f6skentelyyn liittyvi\u00e4 tarpeita, joita on aiemmin tuettu mahdollistamalla tilojen k\u00e4ytt\u00f6 itsen\u00e4isesti varsinaisten aukioloaikojen ulkopuolella. Tiloja ei t\u00e4ll\u00e4k\u00e4\u00e4n hetkell\u00e4 riit\u00e4 opiskelijoiden tarpeisiin, ja esimerkiksi oman instrumentin harjoitteluun vaadittavia tiloja on ollut haastava saada.<\/span><\/p>\n<p><span style=\"font-weight: 400;\">Yliopisto tarjoaa mahdollisuutta hakea poikkeuslupaa tilojen y\u00f6lliseen k\u00e4ytt\u00f6\u00f6n v\u00e4hint\u00e4\u00e4n kaksi viikkoa ennen tarvetta. Kahden viikon varoaika n\u00e4ytt\u00e4ytyy keinotekoisena ja byrokraattisena rajoitteena usein intuitiivisen ja spontaanin luomisty\u00f6n rinnalla. Tiedotteessa ei selvennet\u00e4, millaisilla perusteilla poikkeuslupa y\u00f6k\u00e4ytt\u00f6\u00f6n my\u00f6nnet\u00e4\u00e4n. Siin\u00e4 ei my\u00f6sk\u00e4\u00e4n kerrota, kuinka pitk\u00e4ksi aikaa poikkeuslupaa voi kerrallaan anoa. Pelk\u00e4\u00e4mme, ett\u00e4 esimerkiksi jatkuvan y\u00f6llisen tilank\u00e4yt\u00f6n moninaisia tarpeita ei tunnisteta, kun muutosta on jo perusteltu opiskelijoiden hyvinvointiin vedoten.<\/span><\/p>\n<p><span style=\"font-weight: 400;\">Taideyliopisto vetoaa tiedotteessaan kampusten k\u00e4ytt\u00f6aikojen yhdenmukaistamiseen. Onkin positiivista, ett\u00e4 jatkossa Teatterikorkeakoulun opiskelijat voivat ty\u00f6skennell\u00e4 aiempaa joustavammin. Muissa akatemioissa supistuvien aukioloaikojen my\u00f6t\u00e4 tilojen kysynt\u00e4 kuitenkin keskittyy entist\u00e4 kapeammalle ajalle.<\/span><\/p>\n<p><span style=\"font-weight: 400;\">TaiYo pit\u00e4\u00e4 t\u00e4rke\u00e4n\u00e4 sit\u00e4, ett\u00e4 opiskelijan hyvinvointia ajatellaan. Yliopiston teht\u00e4v\u00e4 ei ole kuitenkaan m\u00e4\u00e4ritt\u00e4\u00e4, milloin levon ja palautumisen tulee tapahtua. Taidety\u00f6 harvoin noudattaa p\u00e4iv\u00e4ty\u00f6n vuorokausirytmi\u00e4, eik\u00e4 my\u00f6h\u00e4\u00e4n ty\u00f6skentely ole v\u00e4ltt\u00e4m\u00e4tt\u00e4 suunniteltu tapa toimia. Joskus se on kuitenkin v\u00e4ltt\u00e4m\u00e4t\u00f6nt\u00e4, ja parhaan arvion tilanteesta tekee opiskelija itse. Silloin, kun ty\u00f6 tapahtuu, t\u00e4ytyy jatkossakin olla mahdollista k\u00e4ytt\u00e4\u00e4 tiloja, jotka on suunniteltu sen tekemiseen.<\/span><\/p>","protected":false},"excerpt":{"rendered":"<p>Taideyliopisto on ilmoittanut tiedotteessaan 9.4. ja opiskelijoille l\u00e4hett\u00e4m\u00e4ss\u00e4\u00e4n uutiskirjeess\u00e4 14.4.2025 rajaavansa kampusten aukioloaikoja. Vuoden kest\u00e4v\u00e4ss\u00e4 kokeilussa tilojen y\u00f6llinen k\u00e4ytt\u00f6, joka on aiemmin [&hellip;]<\/p>\n","protected":false},"author":16,"featured_media":14801,"comment_status":"closed","ping_status":"open","sticky":false,"template":"","format":"standard","meta":{"_coblocks_attr":"","_coblocks_dimensions":"","_coblocks_responsive_height":"","_coblocks_accordion_ie_support":"","_crdt_document":"","advanced_seo_description":"","jetpack_seo_html_title":"","jetpack_seo_noindex":false,"_jetpack_memberships_contains_paid_content":false,"footnotes":"","jetpack_publicize_message":"","jetpack_publicize_feature_enabled":true,"jetpack_social_post_already_shared":true,"jetpack_social_options":{"image_generator_settings":{"template":"highway","default_image_id":0,"font":"","enabled":false},"version":2},"_wpas_customize_per_network":false},"categories":[143982104],"tags":[],"class_list":["post-14798","post","type-post","status-publish","format-standard","has-post-thumbnail","hentry","category-taiyo-blogi"],"jetpack_publicize_connections":[],"jetpack_featured_media_url":"https:\/\/i0.wp.com\/taiyo.fi\/wp-content\/uploads\/2025\/04\/Yliopistoissa-voidaan-vaikuttaa-maailmaan-jos-niin-halutaan-3.png?fit=1200%2C630&ssl=1","jetpack_sharing_enabled":true,"jetpack_shortlink":"https:\/\/wp.me\/p2w00X-3QG","jetpack_likes_enabled":true,"amp_enabled":true,"_links":{"self":[{"href":"https:\/\/taiyo.fi\/sv\/wp-json\/wp\/v2\/posts\/14798","targetHints":{"allow":["GET"]}}],"collection":[{"href":"https:\/\/taiyo.fi\/sv\/wp-json\/wp\/v2\/posts"}],"about":[{"href":"https:\/\/taiyo.fi\/sv\/wp-json\/wp\/v2\/types\/post"}],"author":[{"embeddable":true,"href":"https:\/\/taiyo.fi\/sv\/wp-json\/wp\/v2\/users\/16"}],"replies":[{"embeddable":true,"href":"https:\/\/taiyo.fi\/sv\/wp-json\/wp\/v2\/comments?post=14798"}],"version-history":[{"count":2,"href":"https:\/\/taiyo.fi\/sv\/wp-json\/wp\/v2\/posts\/14798\/revisions"}],"predecessor-version":[{"id":14802,"href":"https:\/\/taiyo.fi\/sv\/wp-json\/wp\/v2\/posts\/14798\/revisions\/14802"}],"wp:featuredmedia":[{"embeddable":true,"href":"https:\/\/taiyo.fi\/sv\/wp-json\/wp\/v2\/media\/14801"}],"wp:attachment":[{"href":"https:\/\/taiyo.fi\/sv\/wp-json\/wp\/v2\/media?parent=14798"}],"wp:term":[{"taxonomy":"category","embeddable":true,"href":"https:\/\/taiyo.fi\/sv\/wp-json\/wp\/v2\/categories?post=14798"},{"taxonomy":"post_tag","embeddable":true,"href":"https:\/\/taiyo.fi\/sv\/wp-json\/wp\/v2\/tags?post=14798"}],"curies":[{"name":"wp","href":"https:\/\/api.w.org\/{rel}","templated":true}]}}