{"id":14712,"date":"2025-03-24T12:35:46","date_gmt":"2025-03-24T10:35:46","guid":{"rendered":"https:\/\/taiyo.fi\/?p=14712"},"modified":"2025-05-06T12:14:04","modified_gmt":"2025-05-06T10:14:04","slug":"hae-vapaan-taiteen-tila-popup-tapahtuman-tuottajaksi-13-4-mennessa","status":"publish","type":"post","link":"https:\/\/taiyo.fi\/sv\/2025\/03\/24\/hae-vapaan-taiteen-tila-popup-tapahtuman-tuottajaksi-13-4-mennessa\/","title":{"rendered":"Hae Vapaan taiteen tila popup \u2013tapahtuman tuottajaksi 13.4. menness\u00e4\u00a0"},"content":{"rendered":"<p><span data-contrast=\"auto\">Taideyliopiston ylioppilaskunta (TaiYo) j\u00e4rjest\u00e4\u00e4 hein\u00e4-elokuun vaihteessa 2025 Taideyliopiston opiskelijoiden konserteista, n\u00e4ytelm\u00e4st\u00e4 ja tanssiesityksest\u00e4 koostuvan Vapaan taiteen tila popup \u2013ohjelmiston osana Helsingin kaupungin <\/span><a href=\"https:\/\/www.hel.fi\/fi\/kaupunkiymparisto-ja-liikenne\/kaupunkisuunnittelu-ja-rakentaminen\/suunnitelmat-ja-rakennushankkeet\/kallion-kesakadut\"><span data-contrast=\"none\">Kallion kes\u00e4kadut -hanketta<\/span><\/a><span data-contrast=\"auto\">. Ohjelmistoon valitut nelj\u00e4 esityst\u00e4 toteutetaan kes\u00e4katujen alueella julkisessa ulkotilassa.\u00a0<\/span><span data-ccp-props=\"{}\">\u00a0<\/span><\/p>\n<p><span data-contrast=\"auto\">Haemme ohjelmiston toteutuksesta vastaavaa tuottajaa 40 % ty\u00f6suhteeseen kolmen kuukauden ajalle kes\u00e4-elokuulle. Tuottajan teht\u00e4viin kuuluu tuotannollisen ty\u00f6n loppuun vieminen Taideyliopiston ylioppilaskunnan ty\u00f6ntekij\u00f6iden tukemana ja varsinaisen tuotannon toteutus tapahtuma-ajankohtana. K\u00e4yt\u00e4nn\u00f6ss\u00e4 ty\u00f6h\u00f6n sis\u00e4ltyy esimerkiksi yhteydenpito taiteilijoihin ja Helsingin kaupungin tapahtuma- ja viestint\u00e4vastaaviin, sopimusten laatiminen, aikataulutus, tapahtuman markkinointi ja viestint\u00e4, esitystekniikan ja turvallisuusj\u00e4rjestelyiden suunnittelu ja koordinoiminen sek\u00e4 Teosto- ja viranomaisilmoitusten tekeminen.<\/span><span data-ccp-props=\"{}\">\u00a0<\/span><\/p>\n<p><span data-contrast=\"auto\">Hakijalta vaaditaan tapahtumatuotantoon, tapahtumien markkinointiin ja viestint\u00e4\u00e4n liittyv\u00e4\u00e4 ty\u00f6kokemusta, itsen\u00e4ist\u00e4 ty\u00f6otetta sek\u00e4 organisointi- ja ongelmanratkaisukyky\u00e4. Tapahtuma- ja kulttuurintuotantoon liittyv\u00e4t opinnot ja kokemus ylioppilaskuntatoiminnasta katsotaan eduksi. Hakijalta vaaditaan my\u00f6s sujuvaa suomen ja englannin kielen taitoa.<\/span><span data-ccp-props=\"{}\">\u00a0<\/span><\/p>\n<p><span data-contrast=\"auto\">Palkkaus on ylioppilaskuntien TES:n mukaisesti II palkkaluokan mukaan.\u00a0<\/span><span data-ccp-props=\"{}\">\u00a0<\/span><\/p>\n<p><span data-contrast=\"auto\">Hae teht\u00e4v\u00e4\u00e4 l\u00e4hett\u00e4m\u00e4ll\u00e4 vapaamuotoinen hakemuskirje ja CV viimeist\u00e4\u00e4n 13.4. Taideyliopiston ylioppilaskunnan p\u00e4\u00e4sihteerille Jane K\u00e4rn\u00e4lle s\u00e4hk\u00f6postitse osoitteeseen <\/span><a href=\"mailto:taiyo.paasihteeri@uniarts.fi\"><span data-contrast=\"none\">taiyo-paasihteeri@uniarts.fi<\/span><\/a><span data-contrast=\"auto\">. Haastattelut pidet\u00e4\u00e4n 22.-23.4.<\/span><span data-ccp-props=\"{}\">\u00a0<\/span><\/p>\n<p><span data-contrast=\"auto\">Lis\u00e4tietoja teht\u00e4v\u00e4st\u00e4 voi pyyt\u00e4\u00e4 Vapaan taiteen tilan koordinaattorilta Karoliina Korvuolta puhelimitse numerosta 040 710 4227 tiistaina 1.4. klo 12-14 sek\u00e4 keskiviikkona 9.4. klo 10-12.<\/span><span data-ccp-props=\"{}\">\u00a0<\/span><\/p>\n<p><b><span data-contrast=\"auto\">TaiYo<\/span><\/b><span data-ccp-props=\"{}\">\u00a0<\/span><\/p>\n<p><i><span data-contrast=\"auto\">Konstuniversitetets studentk\u00e5r (KonSt) \u00e4r gemenskapen samt intresse- och serviceorganisationen f\u00f6r alla Konstuniversitetets studerande. KonSts medlemmar \u00e4r alla studerande p\u00e5 grundexamensniv\u00e5. Ocks\u00e5 forskarstuderande samt utbytesstuderande  kan g\u00e5 med som medlem, och KonSt har totalt cirka 1700 medlemmar.<\/span><\/i><span data-ccp-props=\"{&quot;134233117&quot;:false,&quot;134233118&quot;:false,&quot;335559738&quot;:0,&quot;335559739&quot;:240}\">\u00a0<\/span><\/p>\n<p><i><span data-contrast=\"auto\">Vi \u00e4r en egen organisation, offentligt organ, som best\u00e4ms av studenterna (delegationen som har den h\u00f6gsta beslutander\u00e4tten kommer att v\u00e4ljas genom val n\u00e4sta g\u00e5ng i november) \u2013 naturligtvis samarbetar vi n\u00e4ra med universitetet. Studentk\u00e5ren har ocks\u00e5 n\u00e5gra anst\u00e4llda. Varje studerande betalar en \u00e5rlig medlemsavgift till studentk\u00e5ren och TaiYo:s verksamhet financieras med dom.<\/span><\/i><span data-ccp-props=\"{&quot;134233117&quot;:false,&quot;134233118&quot;:false,&quot;335559738&quot;:240,&quot;335559739&quot;:240}\">\u00a0<\/span><\/p>\n<p><a href=\"https:\/\/taiyo.fi\/sv\/\"><i><span data-contrast=\"none\">https:\/\/taiyo.fi\/<\/span><\/i><\/a><i><span data-contrast=\"auto\">\u00a0<\/span><\/i><span data-ccp-props=\"{}\">\u00a0<\/span><\/p>\n<p><b><span data-contrast=\"auto\">Rummet f\u00f6r fri konst<\/span><\/b><span data-ccp-props=\"{&quot;134233117&quot;:false,&quot;134233118&quot;:false,&quot;201341983&quot;:0,&quot;335551550&quot;:1,&quot;335551620&quot;:1,&quot;335559685&quot;:0,&quot;335559737&quot;:0,&quot;335559738&quot;:0,&quot;335559739&quot;:160,&quot;335559740&quot;:279}\">\u00a0<\/span><\/p>\n<p><i><span data-contrast=\"auto\">Vapaan taiteen tila on tapahtumatila, jossa Taideyliopiston opiskelijat voivat j\u00e4rjest\u00e4\u00e4 omia n\u00e4yttelyit\u00e4, konsertteja, esityksi\u00e4 ja muita tapahtumia. Tila on sijainnut vuodesta 2014 l\u00e4htien Katri Valan Puiston v\u00e4est\u00f6nsuojassa, Helsingin S\u00f6rn\u00e4isiss\u00e4.<\/span><\/i><span data-ccp-props=\"{}\">\u00a0<\/span><\/p>\n<p><a href=\"https:\/\/vapaantaiteentila.fi\/\"><i><span data-contrast=\"none\">https:\/\/vapaantaiteentila.fi\/<\/span><\/i><\/a><i><span data-contrast=\"auto\">\u00a0<\/span><\/i><span data-ccp-props=\"{}\">\u00a0<\/span><\/p>\n<p><b><span data-contrast=\"auto\">Helsingin kes\u00e4kadut<\/span><\/b><span data-ccp-props=\"{&quot;134233117&quot;:false,&quot;134233118&quot;:false,&quot;201341983&quot;:0,&quot;335551550&quot;:1,&quot;335551620&quot;:1,&quot;335559685&quot;:0,&quot;335559737&quot;:0,&quot;335559738&quot;:0,&quot;335559739&quot;:160,&quot;335559740&quot;:279}\">\u00a0<\/span><\/p>\n<p><i><span data-contrast=\"auto\">Helsingin kaupunki valmistelee kes\u00e4katuja Kallioon. Kes\u00e4kaduilla on tarkoitus tuoda v\u00e4liaikaisia parannuksia alueen k\u00e4vely-ymp\u00e4rist\u00f6\u00f6n ja viihtyisyyteen kes\u00e4kausiksi 2025 ja 2026. Alustavasti kes\u00e4kadut ovat avoinna toukokuusta syyskuun loppuun vuosina 2025 ja 2026.<\/span><\/i><span data-ccp-props=\"{&quot;134233117&quot;:false,&quot;134233118&quot;:false,&quot;335559738&quot;:0,&quot;335559739&quot;:240}\">\u00a0<\/span><\/p>\n<p><i><span data-contrast=\"auto\">Kes\u00e4katujen toimenpiteet kohdistuvat etenkin Fleminginkadun, Porthaninkadun ja Vaasankadun ymp\u00e4rist\u00f6\u00f6n.<\/span><\/i> <i><span data-contrast=\"auto\">Lis\u00e4ksi yksitt\u00e4isi\u00e4 kohteita toteutetaan koko naapuruston alueelle.<\/span><\/i><span data-ccp-props=\"{&quot;134233117&quot;:false,&quot;134233118&quot;:false,&quot;335559738&quot;:240,&quot;335559739&quot;:240}\">\u00a0<\/span><\/p>\n<p><i><span data-contrast=\"auto\">Kaduille suunnitellaan oleskelun, ravintoloiden terassitoiminnan sek\u00e4 kulttuuri- ja taidetoiminnan mahdollistavia elementtej\u00e4.<\/span><\/i><span data-ccp-props=\"{&quot;134233117&quot;:false,&quot;134233118&quot;:false,&quot;335559738&quot;:240,&quot;335559739&quot;:240}\">\u00a0<\/span><\/p>\n<p><a href=\"https:\/\/www.hel.fi\/fi\/kaupunkiymparisto-ja-liikenne\/kaupunkisuunnittelu-ja-rakentaminen\/suunnitelmat-ja-rakennushankkeet\/kallion-kesakadut\"><i><span data-contrast=\"none\">https:\/\/www.hel.fi\/fi\/kaupunkiymparisto-ja-liikenne\/kaupunkisuunnittelu-ja-rakentaminen\/suunnitelmat-ja-rakennushankkeet\/kallion-kesakadut<\/span><\/i><\/a><i><span data-contrast=\"auto\">\u00a0<\/span><\/i><span data-ccp-props=\"{&quot;134233117&quot;:false,&quot;134233118&quot;:false,&quot;335559738&quot;:240,&quot;335559739&quot;:240}\">\u00a0<\/span><\/p>\n<p><span data-contrast=\"auto\">TaiYo on syrjinn\u00e4st\u00e4 vapaa ty\u00f6paikka ja pyrimme tarjoamaan yht\u00e4l\u00e4iset mahdollisuudet kaikille. Kannustamme kaikkia sukupuolia ja sukupuoli-identiteettej\u00e4 edustavia ja eri v\u00e4hemmist\u00f6ihin kuuluvia henkil\u00f6it\u00e4 hakemaan riippumatta esimerkiksi hakijan etnisest\u00e4 taustasta, mahdollisesta toimintaesteest\u00e4, uskonnosta tai i\u00e4st\u00e4. Emme k\u00e4yt\u00e4 ty\u00f6hakemuksissa luovutettuja henkil\u00f6tietoja muuhun tarkoitukseen, ja hakemukset ja CV:t tuhotaan tietoturvallisesti viimeist\u00e4\u00e4n vuoden kuluttua rekrytointiprosessin p\u00e4\u00e4ttymisest\u00e4.<\/span><span data-ccp-props=\"{}\">\u00a0<\/span><\/p>","protected":false},"excerpt":{"rendered":"<p>Taideyliopiston ylioppilaskunta (TaiYo) j\u00e4rjest\u00e4\u00e4 hein\u00e4-elokuun vaihteessa 2025 Taideyliopiston opiskelijoiden konserteista, n\u00e4ytelm\u00e4st\u00e4 ja tanssiesityksest\u00e4 koostuvan Vapaan taiteen tila popup \u2013ohjelmiston osana Helsingin kaupungin [&hellip;]<\/p>\n","protected":false},"author":17,"featured_media":14714,"comment_status":"closed","ping_status":"open","sticky":false,"template":"","format":"standard","meta":{"_coblocks_attr":"","_coblocks_dimensions":"","_coblocks_responsive_height":"","_coblocks_accordion_ie_support":"","_crdt_document":"","advanced_seo_description":"","jetpack_seo_html_title":"","jetpack_seo_noindex":false,"_jetpack_memberships_contains_paid_content":false,"footnotes":"","jetpack_publicize_message":"","jetpack_publicize_feature_enabled":true,"jetpack_social_post_already_shared":true,"jetpack_social_options":{"image_generator_settings":{"template":"highway","default_image_id":0,"font":"","enabled":false},"version":2},"_wpas_customize_per_network":false},"categories":[143981781],"tags":[],"class_list":["post-14712","post","type-post","status-publish","format-standard","has-post-thumbnail","hentry","category-tyoilmoitus"],"jetpack_publicize_connections":[],"jetpack_featured_media_url":"https:\/\/i0.wp.com\/taiyo.fi\/wp-content\/uploads\/2025\/03\/VTT_deathbylandscape_karoliinakorvuo_20240606_FULL-37.jpg?fit=4160%2C6240&ssl=1","jetpack_sharing_enabled":true,"jetpack_shortlink":"https:\/\/wp.me\/p2w00X-3Pi","jetpack_likes_enabled":true,"amp_enabled":true,"_links":{"self":[{"href":"https:\/\/taiyo.fi\/sv\/wp-json\/wp\/v2\/posts\/14712","targetHints":{"allow":["GET"]}}],"collection":[{"href":"https:\/\/taiyo.fi\/sv\/wp-json\/wp\/v2\/posts"}],"about":[{"href":"https:\/\/taiyo.fi\/sv\/wp-json\/wp\/v2\/types\/post"}],"author":[{"embeddable":true,"href":"https:\/\/taiyo.fi\/sv\/wp-json\/wp\/v2\/users\/17"}],"replies":[{"embeddable":true,"href":"https:\/\/taiyo.fi\/sv\/wp-json\/wp\/v2\/comments?post=14712"}],"version-history":[{"count":7,"href":"https:\/\/taiyo.fi\/sv\/wp-json\/wp\/v2\/posts\/14712\/revisions"}],"predecessor-version":[{"id":14789,"href":"https:\/\/taiyo.fi\/sv\/wp-json\/wp\/v2\/posts\/14712\/revisions\/14789"}],"wp:featuredmedia":[{"embeddable":true,"href":"https:\/\/taiyo.fi\/sv\/wp-json\/wp\/v2\/media\/14714"}],"wp:attachment":[{"href":"https:\/\/taiyo.fi\/sv\/wp-json\/wp\/v2\/media?parent=14712"}],"wp:term":[{"taxonomy":"category","embeddable":true,"href":"https:\/\/taiyo.fi\/sv\/wp-json\/wp\/v2\/categories?post=14712"},{"taxonomy":"post_tag","embeddable":true,"href":"https:\/\/taiyo.fi\/sv\/wp-json\/wp\/v2\/tags?post=14712"}],"curies":[{"name":"wp","href":"https:\/\/api.w.org\/{rel}","templated":true}]}}