{"id":14642,"date":"2025-03-18T14:55:07","date_gmt":"2025-03-18T12:55:07","guid":{"rendered":"https:\/\/taiyo.fi\/?p=14642"},"modified":"2025-03-18T14:55:07","modified_gmt":"2025-03-18T12:55:07","slug":"duo-viena","status":"publish","type":"post","link":"https:\/\/taiyo.fi\/sv\/2025\/03\/18\/duo-viena\/","title":{"rendered":"Duo Viena"},"content":{"rendered":"<div class=\"xdj266r x11i5rnm xat24cr x1mh8g0r x1vvkbs x126k92a\">\n<div dir=\"auto\">Duo Viena on kahden monipuolisen muusikon muodostama raikas ja valovoimainen yhtye. Duo Vienan j\u00e4senet, Eveliina ja Vilma, tapasivat yhteisiss\u00e4 opinnoissa Sibelius-Akatemiassa vuonna 2021. Pitk\u00e4 kokemus eri genreist\u00e4 klassisesta poppiin sek\u00e4 monipuoliset instrumenttiyhdistelm\u00e4t mahdollistavat tilaisuuteesi r\u00e4\u00e4t\u00e4l\u00f6idyn musiikkiesityksen. Oli kyseess\u00e4 sitten risti\u00e4iset, h\u00e4\u00e4t, hautajaiset tai syntym\u00e4p\u00e4iv\u00e4t, teemme juhlastasi ainutlaatuisen. Kanteleen ja huilun koskettava yhdistelm\u00e4 tai kitaran, pianon ja laulun rytmikk\u00e4\u00e4mpi kombo: duolta l\u00f6ytyy varmasti jotain juuri sinun juhlaasi sopivaa. Ota rohkeasti yhteytt\u00e4!<\/div>\n<\/div>\n<div class=\"x11i5rnm xat24cr x1mh8g0r x1vvkbs xtlvy1s x126k92a\">\n<div dir=\"auto\">Email: duoviena@gmail.com<\/div>\n<\/div>\n<div class=\"x11i5rnm xat24cr x1mh8g0r x1vvkbs xtlvy1s x126k92a\">\n<div dir=\"auto\">Instagram: @vienaduo<\/div>\n<\/div>","protected":false},"excerpt":{"rendered":"<p>Duo Viena on kahden monipuolisen muusikon muodostama raikas ja valovoimainen yhtye. Duo Vienan j\u00e4senet, Eveliina ja Vilma, tapasivat yhteisiss\u00e4 opinnoissa Sibelius-Akatemiassa vuonna [&hellip;]<\/p>\n","protected":false},"author":16,"featured_media":14641,"comment_status":"closed","ping_status":"open","sticky":false,"template":"","format":"standard","meta":{"_coblocks_attr":"","_coblocks_dimensions":"","_coblocks_responsive_height":"","_coblocks_accordion_ie_support":"","_crdt_document":"","advanced_seo_description":"","jetpack_seo_html_title":"","jetpack_seo_noindex":false,"_jetpack_memberships_contains_paid_content":false,"footnotes":"","jetpack_publicize_message":"","jetpack_publicize_feature_enabled":true,"jetpack_social_post_already_shared":true,"jetpack_social_options":{"image_generator_settings":{"template":"highway","default_image_id":0,"font":"","enabled":false},"version":2},"_wpas_customize_per_network":false},"categories":[143982105],"tags":[],"class_list":["post-14642","post","type-post","status-publish","format-standard","has-post-thumbnail","hentry","category-taiteilijapankki"],"jetpack_publicize_connections":[],"jetpack_featured_media_url":"https:\/\/i0.wp.com\/taiyo.fi\/wp-content\/uploads\/2025\/03\/Duo-Viena-kuva.png?fit=612%2C442&ssl=1","jetpack_sharing_enabled":true,"jetpack_shortlink":"https:\/\/wp.me\/p2w00X-3Oa","jetpack_likes_enabled":true,"amp_enabled":true,"_links":{"self":[{"href":"https:\/\/taiyo.fi\/sv\/wp-json\/wp\/v2\/posts\/14642","targetHints":{"allow":["GET"]}}],"collection":[{"href":"https:\/\/taiyo.fi\/sv\/wp-json\/wp\/v2\/posts"}],"about":[{"href":"https:\/\/taiyo.fi\/sv\/wp-json\/wp\/v2\/types\/post"}],"author":[{"embeddable":true,"href":"https:\/\/taiyo.fi\/sv\/wp-json\/wp\/v2\/users\/16"}],"replies":[{"embeddable":true,"href":"https:\/\/taiyo.fi\/sv\/wp-json\/wp\/v2\/comments?post=14642"}],"version-history":[{"count":1,"href":"https:\/\/taiyo.fi\/sv\/wp-json\/wp\/v2\/posts\/14642\/revisions"}],"predecessor-version":[{"id":14690,"href":"https:\/\/taiyo.fi\/sv\/wp-json\/wp\/v2\/posts\/14642\/revisions\/14690"}],"wp:featuredmedia":[{"embeddable":true,"href":"https:\/\/taiyo.fi\/sv\/wp-json\/wp\/v2\/media\/14641"}],"wp:attachment":[{"href":"https:\/\/taiyo.fi\/sv\/wp-json\/wp\/v2\/media?parent=14642"}],"wp:term":[{"taxonomy":"category","embeddable":true,"href":"https:\/\/taiyo.fi\/sv\/wp-json\/wp\/v2\/categories?post=14642"},{"taxonomy":"post_tag","embeddable":true,"href":"https:\/\/taiyo.fi\/sv\/wp-json\/wp\/v2\/tags?post=14642"}],"curies":[{"name":"wp","href":"https:\/\/api.w.org\/{rel}","templated":true}]}}