{"id":14184,"date":"2024-11-13T15:47:33","date_gmt":"2024-11-13T13:47:33","guid":{"rendered":"https:\/\/taiyo.fi\/?p=14184"},"modified":"2024-11-13T16:01:44","modified_gmt":"2024-11-13T14:01:44","slug":"kommentti-yliopistoissa-voidaan-vaikuttaa-maailmaan-jos-niin-halutaan","status":"publish","type":"post","link":"https:\/\/taiyo.fi\/sv\/2024\/11\/13\/kommentti-yliopistoissa-voidaan-vaikuttaa-maailmaan-jos-niin-halutaan\/","title":{"rendered":"Kommentti: Yliopistoissa voidaan vaikuttaa maailmaan, jos niin halutaan"},"content":{"rendered":"<p><em>Taideyliopisto on vastannut ylioppilaskunnan sille osoittamaan Israelin akateemista ja kulttuurista boikotointia vaatineeseen kannanottoon 13.11. Puheenjohtaja Sara Koiranen kommentoi yliopiston <a href=\"https:\/\/www.uniarts.fi\/artikkelit\/uutiset\/taideyliopiston-vastine-taideyliopiston-ylioppilaskunnan-kannanottoon-koskien-israelin-akateemista-ja-kulttuurista-boikottia\/\">vastausta j\u00e4senaloitteeseen ja ylioppilaskunnan vaatimuksiin<\/a><\/em><\/p>\n<p>Edunvalvontavoitto! Taideyliopisto on liittynyt Israelin akateemiseen ja kultturiseen boikotointiin.<\/p>\n<p>Taideyliopiston ylioppilaskunnan j\u00e4senten tekem\u00e4n j\u00e4senaloitteen ja ylioppilaskunnan hallituksen sen pohjalta laaditiman <a href=\"https:\/\/taiyo.fi\/sv\/2024\/10\/23\/kannanotto-taiyo-vaatii-taideyliopistoa-sitoutumaan-israelin-akateemiseen-ja-kulttuuriseen-boikottiin\/\">kannanoton<\/a> my\u00f6t\u00e4 Taideyliopisto on j\u00e4\u00e4dytt\u00e4nyt Kuvataideakatemian ja israelilaisen Bezalel Academy of Arts and Design -yliopiston v\u00e4lisen yhteisty\u00f6n 6.11.2024.<\/p>\n<p>Lis\u00e4ksi Taideyliopisto sitoutuu olemaan tekem\u00e4tt\u00e4 yhteisty\u00f6t\u00e4 israelilaisten yliopiston kanssa kunnes Gazan humanitaarinen kriisi on ratkennut ja yhteisty\u00f6n edellytykset eettisesti arvioitu. Taideyliopisto on my\u00f6s arvioinut sijoituksensa BDS-liikkeen boikottilistauksen pohjalta.<\/p>\n<p>Boikottia vaatinut j\u00e4senaloiteprosessi on ollut pitk\u00e4 eik\u00e4 lainkaan helppo ylioppilaskunnan n\u00e4k\u00f6kulmasta. Vaikka on ollut selv\u00e4\u00e4, ett\u00e4 aloitteella on ollut vahvaa ja laajaa tukea, on aloite her\u00e4tt\u00e4nyt my\u00f6s vastustusta ja vahvoja tunteita. Ylioppilaskunnan on kuultava my\u00f6s n\u00e4m\u00e4 \u00e4\u00e4net. Jokaisella opiskelijalla on oikeus opiskella rauhassa ja tuntea kuuluvansa yhteis\u00f6\u00f6n. Siit\u00e4 me olemme kaikki yhdess\u00e4 vastuussa.<\/p>\n<p>Kriittiset \u00e4\u00e4net eiv\u00e4t kuitenkaan ole syy kampittaa demokraattista prosessia, jossa p\u00e4\u00e4tettiin puoltaa aloitetta Israelin akateemisesta ja kulttuurisesta boikotista. Ylioppilaskunnan ylin p\u00e4\u00e4tt\u00e4v\u00e4 elin, vaaleilla valittu edustajisto, kannatti j\u00e4senaloitetta yksimielisesti.<\/p>\n<p>Vuoden aikana ylioppilaskunnan hallitus on k\u00e4ynyt useita keskusteluja Taideyliopiston johdon kanssa sek\u00e4 yliopistodemokratiasta ett\u00e4 yliopiston suhteesta yhteiskuntaan. Debatti on ollut t\u00e4rke\u00e4\u00e4, mutta my\u00f6s vaikeaa. Aiheesta on k\u00e4yty my\u00f6s laajempaa julkista keskustelua sek\u00e4 yliopiston seinien sis\u00e4ll\u00e4 ett\u00e4 sen liepeill\u00e4. T\u00e4n\u00e4\u00e4n ajattelen, ett\u00e4 nuo vaikeat keskustelut ovat kuitenkin kehitt\u00e4neet sek\u00e4 ylioppilaskuntaa ett\u00e4 yliopistoa yhteiskunnallisina toimijoina.<\/p>\n<p>Yliopisto ei toimi muusta yhteiskunnasta irrallisena toimijana. Erityisesti haluan kiitt\u00e4\u00e4 Taideyliopistoa rohkeudesta ottaa kantaa p\u00e4\u00e4tt\u00e4jien kaksinaismoraalisuuteen, kun muut korkeakoulut ovat vaienneet aiheesta. T\u00e4m\u00e4 boikotti ei ratkaise kansanmurhaa, mutta se on t\u00e4rke\u00e4 askel suomalaisessa yhteiskunnallisessa keskustelussa. Toivon, ett\u00e4 muut yliopistot seuraavat Taideyliopiston rohkeaa esimerkki\u00e4.<\/p>\n<p>Erityinen kiitos kuuluu asiaa edist\u00e4neille opiskelijoille. Te olitte rohkeita silloinkin, kun min\u00e4 pelk\u00e4sin. T\u00e4m\u00e4 on ennen kaikkea teid\u00e4n saavutuksenne.<\/p>\n<p>&nbsp;<\/p>\n<p><em>Sara Koiranen<\/em><br \/>\nTaideyliopiston ylioppilaskunnan puheenjohtaja<\/p>","protected":false},"excerpt":{"rendered":"<p>Taideyliopisto on vastannut ylioppilaskunnan sille osoittamaan Israelin akateemista ja kulttuurista boikotointia vaatineeseen kannanottoon 13.11. Puheenjohtaja Sara Koiranen kommentoi yliopiston vastausta j\u00e4senaloitteeseen ja [&hellip;]<\/p>\n","protected":false},"author":16,"featured_media":14189,"comment_status":"closed","ping_status":"open","sticky":true,"template":"","format":"standard","meta":{"_coblocks_attr":"","_coblocks_dimensions":"","_coblocks_responsive_height":"","_coblocks_accordion_ie_support":"","_crdt_document":"","advanced_seo_description":"","jetpack_seo_html_title":"","jetpack_seo_noindex":false,"_jetpack_memberships_contains_paid_content":false,"footnotes":"","jetpack_publicize_message":"","jetpack_publicize_feature_enabled":true,"jetpack_social_post_already_shared":true,"jetpack_social_options":{"image_generator_settings":{"template":"highway","default_image_id":0,"font":"","enabled":false},"version":2},"_wpas_customize_per_network":false},"categories":[1,143982104],"tags":[],"class_list":["post-14184","post","type-post","status-publish","format-standard","has-post-thumbnail","hentry","category-taiyo","category-taiyo-blogi"],"jetpack_publicize_connections":[],"jetpack_featured_media_url":"https:\/\/i0.wp.com\/taiyo.fi\/wp-content\/uploads\/2024\/11\/Yliopistoissa-voidaan-vaikuttaa-maailmaan-jos-niin-halutaan-1.png?fit=1200%2C630&ssl=1","jetpack_sharing_enabled":true,"jetpack_shortlink":"https:\/\/wp.me\/p2w00X-3GM","jetpack_likes_enabled":true,"amp_enabled":true,"_links":{"self":[{"href":"https:\/\/taiyo.fi\/sv\/wp-json\/wp\/v2\/posts\/14184","targetHints":{"allow":["GET"]}}],"collection":[{"href":"https:\/\/taiyo.fi\/sv\/wp-json\/wp\/v2\/posts"}],"about":[{"href":"https:\/\/taiyo.fi\/sv\/wp-json\/wp\/v2\/types\/post"}],"author":[{"embeddable":true,"href":"https:\/\/taiyo.fi\/sv\/wp-json\/wp\/v2\/users\/16"}],"replies":[{"embeddable":true,"href":"https:\/\/taiyo.fi\/sv\/wp-json\/wp\/v2\/comments?post=14184"}],"version-history":[{"count":4,"href":"https:\/\/taiyo.fi\/sv\/wp-json\/wp\/v2\/posts\/14184\/revisions"}],"predecessor-version":[{"id":14190,"href":"https:\/\/taiyo.fi\/sv\/wp-json\/wp\/v2\/posts\/14184\/revisions\/14190"}],"wp:featuredmedia":[{"embeddable":true,"href":"https:\/\/taiyo.fi\/sv\/wp-json\/wp\/v2\/media\/14189"}],"wp:attachment":[{"href":"https:\/\/taiyo.fi\/sv\/wp-json\/wp\/v2\/media?parent=14184"}],"wp:term":[{"taxonomy":"category","embeddable":true,"href":"https:\/\/taiyo.fi\/sv\/wp-json\/wp\/v2\/categories?post=14184"},{"taxonomy":"post_tag","embeddable":true,"href":"https:\/\/taiyo.fi\/sv\/wp-json\/wp\/v2\/tags?post=14184"}],"curies":[{"name":"wp","href":"https:\/\/api.w.org\/{rel}","templated":true}]}}