{"id":14088,"date":"2024-10-21T16:24:07","date_gmt":"2024-10-21T14:24:07","guid":{"rendered":"https:\/\/taiyo.fi\/?p=14088"},"modified":"2024-10-30T14:22:42","modified_gmt":"2024-10-30T12:22:42","slug":"ehdota-teosta-tai-ohjelmanumeroa-kallion-kesakaduille-2025","status":"publish","type":"post","link":"https:\/\/taiyo.fi\/sv\/2024\/10\/21\/ehdota-teosta-tai-ohjelmanumeroa-kallion-kesakaduille-2025\/","title":{"rendered":"F\u00f6resl\u00e5 ett verk eller programnummer till Bergh\u00e4lls sommargator 2025!"},"content":{"rendered":"<p><span style=\"font-weight: 400;\">F\u00d6RESL\u00c5 ETT VERK ELLER PROGRAM TILL BERGH\u00c4LLS SOMMARGATOR 2025 \/ VAPAAN TAITEEN TILA POPUP-PROGRAMMET SENAST 3.11!<\/span><\/p>\n<p><span style=\"font-weight: 400;\">Helsingfors stad genomf\u00f6r under somrarna 2025 och 2026 ett projekt i Bergh\u00e4ll-omr\u00e5det med m\u00e5let att f\u00f6rb\u00e4ttra trivseln p\u00e5 gatorna. Projektets centrala st\u00e4llen \u00e4r Porthansgatan, Flemingsgatan, Vasagatan samt parker och torg som \u00e4r kopplade till dessa gatuomr\u00e5den. Projektet genomf\u00f6rs i samarbete med omr\u00e5dets inv\u00e5nare, f\u00f6retagare, skolor och andra akt\u00f6rer.<\/span><\/p>\n<p><span style=\"font-weight: 400;\">Konstuniversitetets studentk\u00e5r (TaiYo) arrangerar en \u00f6ppen ans\u00f6kan f\u00f6r Konstuniversitetets studenter, genom vilken verk som f\u00f6resl\u00e5s f\u00f6r sommargatorna kommer att sammanst\u00e4llas till ett popup-program f\u00f6r sommaren 2025. F\u00f6r att genomf\u00f6ra programmet kommer konstn\u00e4rerna som valts att f\u00e5 ers\u00e4ttning fr\u00e5n Helsingfors stad. Programmet kommer att produceras i samarbete med de valda konstn\u00e4rerna och Helsingfors stad av en producent som valts av TaiYo.<\/span><\/p>\n<p><span style=\"font-weight: 400;\">Verket som f\u00f6resl\u00e5s som en del av programmet kan till exempel vara en utst\u00e4llning, en platsspecifik konstinstallation, en konsert, en f\u00f6rest\u00e4llning, en kurs eller workshop, en diskussion, ett offentligt konstverk - eller n\u00e5got annat. Du kan f\u00f6resl\u00e5 ett f\u00e4rdigt eller ett p\u00e5g\u00e5ende verk. Verkets plats kan till exempel vara ett gatu- eller parkomr\u00e5de som \u00e4r kopplat till projektet, tomma aff\u00e4rslokaler som staden eventuellt hyr f\u00f6r projektet, Vapaan taiteen tila eller dess omgivning. Du kan ocks\u00e5 f\u00f6resl\u00e5 strukturer eller andra resurser till Helsingfors stad som underl\u00e4ttar genomf\u00f6randet av verket i de utomhusomr\u00e5den som \u00e4r en del av projektet.<\/span><\/p>\n<p>&nbsp;<\/p>\n<p><span style=\"font-weight: 400;\">Bifoga till ans\u00f6kan:<\/span><\/p>\n<ul>\n<li style=\"font-weight: 400;\" aria-level=\"1\"><span style=\"font-weight: 400;\">Kort presentation av konstn\u00e4ren\/arbetsgruppen (kontaktuppgifter, akademi och studieinriktning, studiestadium, annat?)\u00a0<\/span><\/li>\n<li style=\"font-weight: 400;\" aria-level=\"1\"><span style=\"font-weight: 400;\">Verk- eller programplan (konkret vad, var, n\u00e4r, f\u00f6r vem\u2026)<\/span><\/li>\n<li style=\"font-weight: 400;\" aria-level=\"1\"><span style=\"font-weight: 400;\">Arbetsplan f\u00f6r verket eller programmet (om det inte \u00e4r ett f\u00e4rdigt verk)<\/span><\/li>\n<li style=\"font-weight: 400;\" aria-level=\"1\"><span style=\"font-weight: 400;\">F\u00f6rslag till staden f\u00f6r strukturer som ska uppf\u00f6ras under v\u00e5ren 2025 f\u00f6r sommargatorna och som underl\u00e4ttar genomf\u00f6randet av verket (t.ex. scen, utst\u00e4llningslokal, strukturer f\u00f6r upph\u00e4ngning, mobila strukturer\u2026)<\/span><\/li>\n<li style=\"font-weight: 400;\" aria-level=\"1\"><span style=\"font-weight: 400;\">Finansiering som beh\u00f6vs f\u00f6r att genomf\u00f6ra verket eller programmet (konstn\u00e4rers ers\u00e4ttningar, materialkostnader, hyra av utrustning\u2026)<\/span><\/li>\n<li style=\"font-weight: 400;\" aria-level=\"1\"><span style=\"font-weight: 400;\">Eventuella bilder\/skisser av verket<\/span><\/li>\n<\/ul>\n<p>&nbsp;<\/p>\n<p><span style=\"font-weight: 400;\">Skicka din ans\u00f6kan senast s\u00f6ndagen den 3.11 kl. 23.59 till <\/span><a href=\"mailto:taiyo-paasihteeri@uniarts.fi\"><span style=\"font-weight: 400;\">taiyo-paasihteeri@uniarts.fi<\/span><\/a><span style=\"font-weight: 400;\"> med \u00e4mnesraden \u201cAns\u00f6kan Kallion sommargator 2025\u201d.<\/span><\/p>\n<p><span style=\"font-weight: 400;\">Beslutet om de verk som valts till programmet fattas senast den 12.11 vid TaiYo:s styrelsem\u00f6te. Det slutliga beskedet om genomf\u00f6randet av Vapaan taiteen tila popup-programmet kommer i slutet av 2024 n\u00e4r Helsingfors stad har fattat beslut om finansieringen av programmet.<\/span><\/p>\n<p>&nbsp;<\/p>\n<p><i><span style=\"font-weight: 400;\">Mer information om Bergh\u00e4lls sommargator-projektet:<\/span><\/i><\/p>\n<p><i><span style=\"font-weight: 400;\">I Bergh\u00e4lls sommargator-projektet \u00e4r Helsingfors stads m\u00e5l att vitalisera den s\u00e5 kallade Bergh\u00e4llsloopen som best\u00e5r av Porthaninkatu, Fleminginkatu, Vaasankatu och H\u00e4meentie. I praktiken inneb\u00e4r detta till exempel utvidgning av terrassomr\u00e5den, uppf\u00f6rande av strukturer som uppmuntrar till konstut\u00f6vning och gemensamma aktiviteter, begr\u00e4nsning av biltrafik och m\u00f6jligheter f\u00f6r fotg\u00e4ngare att stanna och umg\u00e5s.<\/span><\/i><\/p>\n<p><i><span style=\"font-weight: 400;\">Sommargatus\u00e4songen b\u00f6rjar i maj och p\u00e5g\u00e5r uppskattningsvis till slutet av september. Tidigare har sommargator genomf\u00f6rts \u00e5ren 2022-2024 p\u00e5 Kasarmikatu, Erottajankatu, Lilla Robertsgatan och H\u00f6gbergsgatan i Helsingfors.<\/span><\/i><\/p>\n<p><i><span style=\"font-weight: 400;\">Enligt de nuvarande planerna kommer s\u00e4rskilt Porthansskv\u00e4ren, Bj\u00f6rnparken, Vasaskv\u00e4ren och den parkn\u00e4ra \u00e4nden av Vasagatan l\u00e4ngs Bergh\u00e4llsloopen att fungera som centrala platser f\u00f6r projektet, d\u00e4r det finns m\u00f6jlighet att genomf\u00f6ra olika tillf\u00e4lliga strukturer f\u00f6r konst- och fritidsaktiviteter.<\/span><\/i><\/p>\n<p><i><span style=\"font-weight: 400;\">Mer information om Bergh\u00e4lls sommargator p\u00e5 Helsingfors stads webbplats <\/span><\/i><a href=\"https:\/\/kerrokantasi.hel.fi\/kallionkesakadut?headless=false\"><i><span style=\"font-weight: 400;\">https:\/\/kerrokantasi.hel.fi\/kallionkesakadut?headless=false<\/span><\/i><\/a><i><span style=\"font-weight: 400;\"> F\u00f6r fr\u00e5gor om Vapaan taiteen tila popup-ans\u00f6kan, kontakta koordinatorn f\u00f6r Vapaan taiteen tila, Karoliina Korvuo, <\/span><\/i><a href=\"mailto:vapaantaiteentila@gmail.com\"><i><span style=\"font-weight: 400;\">vapaantaiteentila@gmail.com<\/span><\/i><\/a><i><span style=\"font-weight: 400;\"> \/ 040 710 4227 (m\u00e5n-ons 9-16).<\/span><\/i><\/p>\n<p><i><span style=\"font-weight: 400;\">Helsingin Sanomat artikel om Bergh\u00e4lls sommargator 28.10.2024 (p\u00e5 finska): <\/span><\/i><a href=\"https:\/\/www.hs.fi\/helsinki\/art-2000010793712.html\"><i><span style=\"font-weight: 400;\">https:\/\/www.hs.fi\/helsinki\/art-2000010793712.html<\/span><\/i><\/a><\/p>","protected":false},"excerpt":{"rendered":"<p>EHDOTA TEOSTA TAI OHJELMAA OSAKSI KALLION KES\u00c4KADUT 2025\/ VAPAAN TAITEEN TILA POPUP -OHJELMISTOA 3.11. MENNESS\u00c4! Helsingin kaupunki toteuttaa Kallion alueella kesien 2025 [&hellip;]<\/p>\n","protected":false},"author":13,"featured_media":14090,"comment_status":"closed","ping_status":"open","sticky":true,"template":"","format":"standard","meta":{"_coblocks_attr":"","_coblocks_dimensions":"","_coblocks_responsive_height":"","_coblocks_accordion_ie_support":"","_crdt_document":"","advanced_seo_description":"","jetpack_seo_html_title":"","jetpack_seo_noindex":false,"_jetpack_memberships_contains_paid_content":false,"footnotes":"","jetpack_publicize_message":"","jetpack_publicize_feature_enabled":true,"jetpack_social_post_already_shared":true,"jetpack_social_options":{"image_generator_settings":{"template":"highway","default_image_id":0,"font":"","enabled":false},"version":2},"_wpas_customize_per_network":false},"categories":[1],"tags":[],"class_list":["post-14088","post","type-post","status-publish","format-standard","has-post-thumbnail","hentry","category-taiyo"],"jetpack_publicize_connections":[],"jetpack_featured_media_url":"https:\/\/i0.wp.com\/taiyo.fi\/wp-content\/uploads\/2024\/10\/KESAKADUT_image-rotated.jpg?fit=3507%2C2480&ssl=1","jetpack_sharing_enabled":true,"jetpack_shortlink":"https:\/\/wp.me\/p2w00X-3Fe","jetpack_likes_enabled":true,"amp_enabled":true,"_links":{"self":[{"href":"https:\/\/taiyo.fi\/sv\/wp-json\/wp\/v2\/posts\/14088","targetHints":{"allow":["GET"]}}],"collection":[{"href":"https:\/\/taiyo.fi\/sv\/wp-json\/wp\/v2\/posts"}],"about":[{"href":"https:\/\/taiyo.fi\/sv\/wp-json\/wp\/v2\/types\/post"}],"author":[{"embeddable":true,"href":"https:\/\/taiyo.fi\/sv\/wp-json\/wp\/v2\/users\/13"}],"replies":[{"embeddable":true,"href":"https:\/\/taiyo.fi\/sv\/wp-json\/wp\/v2\/comments?post=14088"}],"version-history":[{"count":5,"href":"https:\/\/taiyo.fi\/sv\/wp-json\/wp\/v2\/posts\/14088\/revisions"}],"predecessor-version":[{"id":14144,"href":"https:\/\/taiyo.fi\/sv\/wp-json\/wp\/v2\/posts\/14088\/revisions\/14144"}],"wp:featuredmedia":[{"embeddable":true,"href":"https:\/\/taiyo.fi\/sv\/wp-json\/wp\/v2\/media\/14090"}],"wp:attachment":[{"href":"https:\/\/taiyo.fi\/sv\/wp-json\/wp\/v2\/media?parent=14088"}],"wp:term":[{"taxonomy":"category","embeddable":true,"href":"https:\/\/taiyo.fi\/sv\/wp-json\/wp\/v2\/categories?post=14088"},{"taxonomy":"post_tag","embeddable":true,"href":"https:\/\/taiyo.fi\/sv\/wp-json\/wp\/v2\/tags?post=14088"}],"curies":[{"name":"wp","href":"https:\/\/api.w.org\/{rel}","templated":true}]}}