{"id":13963,"date":"2024-09-26T16:03:53","date_gmt":"2024-09-26T14:03:53","guid":{"rendered":"https:\/\/taiyo.fi\/?p=13963"},"modified":"2024-10-30T12:41:37","modified_gmt":"2024-10-30T10:41:37","slug":"kun-taytyy-valita-tekeeko-toita-jotta-saa-maksettua-vuokransa-vai-tekeeko-opintojaan-on-selvaa-etta-opiskelija-on-valittava-ensimmainen-vaihtoehto","status":"publish","type":"post","link":"https:\/\/taiyo.fi\/sv\/2024\/09\/26\/kun-taytyy-valita-tekeeko-toita-jotta-saa-maksettua-vuokransa-vai-tekeeko-opintojaan-on-selvaa-etta-opiskelija-on-valittava-ensimmainen-vaihtoehto\/","title":{"rendered":"&#8221;Kun t\u00e4ytyy valita, tekeek\u00f6 t\u00f6it\u00e4, jotta saa maksettua vuokransa vai tekeek\u00f6 opintojaan, on selv\u00e4\u00e4, ett\u00e4 opiskelija on valittava ensimm\u00e4inen vaihtoehto.&#8221;"},"content":{"rendered":"<p class=\"translation-block\">Konstuniversitetets Studentk\u00e5r deltog med alla andra studentk\u00e5rer till Studiefred -demonstration onsdag 25.9. TaiYos ordf\u00f6rande h\u00f6ll ett tal i evenemang p\u00e5 Riksdagshusets trappor:<\/p>\n<p>B\u00e4sta studiekamrater!\u00a0<span data-ccp-props=\"{&quot;134233117&quot;:false,&quot;134233118&quot;:false,&quot;201341983&quot;:0,&quot;335559738&quot;:0,&quot;335559739&quot;:0,&quot;335559740&quot;:279}\">\u00a0<\/span><\/p>\n<p class=\"translation-block\">Hur m\u00e5nga av er arbetar vid sidan av studierna? \nF\u00f6r hur m\u00e5nga av er p\u00e5verkar dessa jobb era studier?<\/p>\n<p><span data-contrast=\"none\">\u00c4rade studerande,\u00a0<\/span><span data-ccp-props=\"{&quot;134233117&quot;:false,&quot;134233118&quot;:false,&quot;201341983&quot;:0,&quot;335559738&quot;:0,&quot;335559739&quot;:0,&quot;335559740&quot;:279}\">\u00a0<\/span><\/p>\n<p><span data-contrast=\"none\">Som vi kan se m\u00e5ste fler och fler av oss arbeta f\u00f6r att f\u00f6rs\u00f6rja sig vid sidan av studierna. Orpo-Purras regering forts\u00e4tter med att disciplinera och utpressa studenter, vilket har p\u00e5g\u00e5tt i mer \u00e4n tio \u00e5r nu.\u00a0<\/span><\/p>\n<p><span data-contrast=\"none\">\u00c5r 2011 beviljades 55 m\u00e5nader av studiest\u00f6d f\u00f6r avl\u00e4ggande av universitetsexamen.<\/span><span data-ccp-props=\"{&quot;134233117&quot;:false,&quot;134233118&quot;:false,&quot;201341983&quot;:0,&quot;335559738&quot;:0,&quot;335559739&quot;:0,&quot;335559740&quot;:279}\">\u00a0<\/span><\/p>\n<p><span data-contrast=\"none\">N\u00e4r jag p\u00e5b\u00f6rjade min f\u00f6rsta utbildning 2014 beviljades jag 50 m\u00e5nader av studiest\u00f6d. Sedan 2017 har endast 48 m\u00e5nader av studiest\u00f6d beviljats. Studiest\u00f6dsm\u00e5nader har sedan 2011 f\u00f6rkortats med 7 m\u00e5nader \u2013 det \u00e4r praktiskt taget ett l\u00e4s\u00e5r!\u00a0<\/span><\/p>\n<p><span data-contrast=\"none\">Samtidigt har regering efter regering kr\u00e4vt snabbare utexaminering av h\u00f6gskolestuderande. H\u00f6gskolornas finansiering \u00e4r ocks\u00e5 kopplad till studerandes utexaminering inom den m\u00e5lsatta tidtabellen. Universiteten h\u00e5ller p\u00e5 att bli examensfabriker, d\u00e4r kvantitet, inte kvalitet, \u00e4r det viktigaste.\u00a0<\/span><span data-ccp-props=\"{&quot;134233117&quot;:false,&quot;134233118&quot;:false,&quot;201341983&quot;:0,&quot;335559738&quot;:0,&quot;335559739&quot;:0,&quot;335559740&quot;:279}\">\u00a0<\/span><\/p>\n<p><span data-contrast=\"none\">\u00d6kad press att utexamineras, men minskande bidrag leder till att studerande hamnar i ett d\u00f6dl\u00e4ge. N\u00e4r du m\u00e5ste v\u00e4lja mellan att arbeta f\u00f6r att betala din hyra eller att g\u00f6ra dina studier \u00e4r det klart att studenter m\u00e5ste v\u00e4lja det f\u00f6rsta alternativet. N\u00e4r detta kombineras med den huvudl\u00f6sa omflyttningen av studenter fr\u00e5n det allm\u00e4nna bostadsbidraget tillbaka till bostadstill\u00e4gget till studerande \u00e4r det uppenbart att f\u00f6rs\u00f6rjningsfr\u00e5gorna kommer att \u00f6ka ytterligare.\u00a0<\/span><span data-ccp-props=\"{&quot;134233117&quot;:false,&quot;134233118&quot;:false,&quot;201341983&quot;:0,&quot;335559738&quot;:0,&quot;335559739&quot;:0,&quot;335559740&quot;:279}\">\u00a0<\/span><\/p>\n<p><span data-contrast=\"none\">Sjunkande bidrag inneb\u00e4r att studerande m\u00e5ste arbeta mer \u00e4n vad som \u00e4r rimligt ur ett studieperspektiv. Det spelar en roll om du m\u00e5ste arbeta 10 timmar eller 20 timmar i veckan \u2013 det p\u00e5verkar oundvikligen hur du orkar med studierna och hur du klarar av dem.<\/span><span data-ccp-props=\"{&quot;134233117&quot;:false,&quot;134233118&quot;:false,&quot;201341983&quot;:0,&quot;335559738&quot;:0,&quot;335559739&quot;:0,&quot;335559740&quot;:279}\">\u00a0<\/span><\/p>\n<p><span data-contrast=\"none\">En l\u00f6sning som f\u00f6reslagits \u00e4r att h\u00f6ja studiel\u00e5nen, som nu kan lyftas med ett rekordbelopp. Personligen tycker jag inte att det \u00e4r vettigt f\u00f6r B\u00c5DE regeringen OCH studenter att hamna i rekordskulder. Att \u00f6ka studiel\u00e5nen \u00e4r inte en h\u00e5llbar l\u00f6sning.\u00a0<\/span><\/p>\n<p><span data-contrast=\"none\">B\u00e4sta studerande,<\/span><span data-ccp-props=\"{&quot;134233117&quot;:false,&quot;134233118&quot;:false,&quot;201341983&quot;:0,&quot;335559738&quot;:0,&quot;335559739&quot;:0,&quot;335559740&quot;:279}\">\u00a0<\/span><\/p>\n<p><span data-contrast=\"none\">Om vi verkligen vill ha framtidens fr\u00e4msta experter m\u00e5ste vi se till att vi nuvarande studerande utexamineras med arbetsf\u00f6rm\u00e5ga och inte inf\u00f6r sjukpension. Pensionsf\u00f6rs\u00e4kringsbolaget Elo rapporterade i fjol att 37 procent av de sjukpension som s\u00f6ks p\u00e5 grund av psykisk oh\u00e4lsa g\u00e4ller personer under 35 \u00e5r.\u00a0<\/span><span data-ccp-props=\"{&quot;134233117&quot;:false,&quot;134233118&quot;:false,&quot;201341983&quot;:0,&quot;335559738&quot;:0,&quot;335559739&quot;:0,&quot;335559740&quot;:279}\">\u00a0<\/span><\/p>\n<p><span data-contrast=\"none\">Vi h\u00f6r hela tiden oroliga r\u00f6ster som talar om huruvida unga orkar och m\u00e5r bra. Personligen \u00e4r jag tr\u00f6tt p\u00e5 l\u00f6ften om en terapigaranti som en l\u00f6sning f\u00f6r att klara sig. Min belastning och ork skulle underl\u00e4ttas framf\u00f6r allt om jag kunde koncentrera mig p\u00e5 mina studier och sluta oroa mig f\u00f6r mitt uppeh\u00e4lle!\u00a0<\/span><span data-ccp-props=\"{&quot;134233117&quot;:false,&quot;134233118&quot;:false,&quot;201341983&quot;:0,&quot;335559738&quot;:0,&quot;335559739&quot;:0,&quot;335559740&quot;:279}\">\u00a0<\/span><\/p>\n<p><span data-contrast=\"none\">Studerande, i dag kr\u00e4ver vi studiefred, och det av goda sk\u00e4l! Vi beh\u00f6ver tillr\u00e4ckligt med st\u00f6d f\u00f6r studierna s\u00e5 att vi kan fokusera p\u00e5 det vi \u00e4r b\u00e4st p\u00e5 \u2013 att studera.\u00a0<\/span><span data-ccp-props=\"{&quot;134233117&quot;:false,&quot;134233118&quot;:false,&quot;201341983&quot;:0,&quot;335559738&quot;:0,&quot;335559739&quot;:0,&quot;335559740&quot;:279}\">\u00a0<\/span><\/p>\n<p><span data-contrast=\"none\">Tack!\u00a0<\/span><span data-ccp-props=\"{&quot;134233117&quot;:false,&quot;134233118&quot;:false,&quot;201341983&quot;:0,&quot;335559738&quot;:0,&quot;335559739&quot;:0,&quot;335559740&quot;:279}\">\u00a0<\/span><\/p>","protected":false},"excerpt":{"rendered":"<p>Taideyliopiston ylioppilaskunta osallistui muiden ylioppilaskuntien kanssa Opiskelurauhaa -mielenilmaukseen keskiviikkona 25.9. TaiYon puheenjohtaja piti tapahtumassa puheen Eduskuntatalon portailla. Hyv\u00e4t kanssaopiskelijat!\u00a0\u00a0 Kuinka moni teist\u00e4 [&hellip;]<\/p>\n","protected":false},"author":16,"featured_media":13967,"comment_status":"closed","ping_status":"open","sticky":false,"template":"","format":"standard","meta":{"_coblocks_attr":"","_coblocks_dimensions":"","_coblocks_responsive_height":"","_coblocks_accordion_ie_support":"","_crdt_document":"","advanced_seo_description":"","jetpack_seo_html_title":"","jetpack_seo_noindex":false,"_jetpack_memberships_contains_paid_content":false,"footnotes":"","jetpack_publicize_message":"","jetpack_publicize_feature_enabled":true,"jetpack_social_post_already_shared":true,"jetpack_social_options":{"image_generator_settings":{"template":"highway","default_image_id":0,"font":"","enabled":false},"version":2},"_wpas_customize_per_network":false},"categories":[143982104],"tags":[],"class_list":["post-13963","post","type-post","status-publish","format-standard","has-post-thumbnail","hentry","category-taiyo-blogi"],"jetpack_publicize_connections":[],"jetpack_featured_media_url":"https:\/\/i0.wp.com\/taiyo.fi\/wp-content\/uploads\/2024\/09\/P1080042-1.jpg?fit=4592%2C3064&ssl=1","jetpack_sharing_enabled":true,"jetpack_shortlink":"https:\/\/wp.me\/p2w00X-3Dd","jetpack_likes_enabled":true,"amp_enabled":true,"_links":{"self":[{"href":"https:\/\/taiyo.fi\/sv\/wp-json\/wp\/v2\/posts\/13963","targetHints":{"allow":["GET"]}}],"collection":[{"href":"https:\/\/taiyo.fi\/sv\/wp-json\/wp\/v2\/posts"}],"about":[{"href":"https:\/\/taiyo.fi\/sv\/wp-json\/wp\/v2\/types\/post"}],"author":[{"embeddable":true,"href":"https:\/\/taiyo.fi\/sv\/wp-json\/wp\/v2\/users\/16"}],"replies":[{"embeddable":true,"href":"https:\/\/taiyo.fi\/sv\/wp-json\/wp\/v2\/comments?post=13963"}],"version-history":[{"count":6,"href":"https:\/\/taiyo.fi\/sv\/wp-json\/wp\/v2\/posts\/13963\/revisions"}],"predecessor-version":[{"id":13971,"href":"https:\/\/taiyo.fi\/sv\/wp-json\/wp\/v2\/posts\/13963\/revisions\/13971"}],"wp:featuredmedia":[{"embeddable":true,"href":"https:\/\/taiyo.fi\/sv\/wp-json\/wp\/v2\/media\/13967"}],"wp:attachment":[{"href":"https:\/\/taiyo.fi\/sv\/wp-json\/wp\/v2\/media?parent=13963"}],"wp:term":[{"taxonomy":"category","embeddable":true,"href":"https:\/\/taiyo.fi\/sv\/wp-json\/wp\/v2\/categories?post=13963"},{"taxonomy":"post_tag","embeddable":true,"href":"https:\/\/taiyo.fi\/sv\/wp-json\/wp\/v2\/tags?post=13963"}],"curies":[{"name":"wp","href":"https:\/\/api.w.org\/{rel}","templated":true}]}}