{"id":13599,"date":"2024-05-10T10:01:31","date_gmt":"2024-05-10T08:01:31","guid":{"rendered":"https:\/\/taiyo.fi\/?p=13599"},"modified":"2024-06-07T12:17:06","modified_gmt":"2024-06-07T10:17:06","slug":"heratys-taideopiskelija-talla-hetkella-paatetaan-juuri-sinun-asioistasi","status":"publish","type":"post","link":"https:\/\/taiyo.fi\/sv\/2024\/05\/10\/heratys-taideopiskelija-talla-hetkella-paatetaan-juuri-sinun-asioistasi\/","title":{"rendered":"V\u00e4ckning, konststuderande! Nu best\u00e4ms det om dina saker!"},"content":{"rendered":"<p>\u00c4renden som g\u00e4ller studerande inom konst- och kulturbranschen bereds, f\u00f6rhandlas och genomf\u00f6rs f\u00f6r n\u00e4rvarande p\u00e5 flera olika bord. \u00c4ven om en del av \u00e4ndringarna har tr\u00e4tt i kraft redan i v\u00e5ras, kommer de f\u00f6r\u00e4ndringar och utredningar som p\u00e5g\u00e5r nu framf\u00f6r allt skapa riktlinjer l\u00e5ngt in i framtiden. En framtid d\u00e4r dagens studenter kommer att befinna sig i arbetslivet och i dess beslutsfattande positioner och b\u00e4ra ansvaret f\u00f6r och konsekvenserna av de beslut som fattas nu. Konstuniversitetets studentk\u00e5r \u00e4r bekymrad \u00f6ver att representationen av konststuderandena \u00e4r s\u00e5 liten, f\u00f6r att inte s\u00e4ga obefintlig, inom beslutsfattandet.<\/p>\n<p>I denna artikel lyfter vi fram tre aktuella kulturpolitiska teman i syfte att v\u00e4cka och uppmuntra allt fler konst- och kulturstuderande att delta i diskussionen och p\u00e5verka beslutsfattandet som ber\u00f6r dem.<\/p>\n<p>&nbsp;<\/p>\n<ol>\n<li><strong>Nedsk\u00e4rningar som riktas mot konst- och kulturstuderande<\/strong><\/li>\n<\/ol>\n<p>Ramf\u00f6rhandlingarna i april 2024 gav skr\u00e4mmande nyheter f\u00f6r konststuderande och hela det finl\u00e4ndska kulturf\u00e4ltet. Orpos regering hade beslutat att p\u00e5skynda nedsk\u00e4rningarna i undervisnings- och kulturministeriet och meddelade nu om nedsk\u00e4rningar p\u00e5 fyra miljoner euro i statsandelarna f\u00f6r scenkonst och musik. Det inneb\u00e4r ett n\u00e4tverk av \u00f6ver 200 teatrar, orkestrar, cirkusar och museer inom ramen f\u00f6r statsandelssystemet.<\/p>\n<p>Regeringen beslutade ocks\u00e5 om till\u00e4ggsnedsk\u00e4rningar p\u00e5 25 miljoner euro f\u00f6r undervisnings- och kulturministeriet, ut\u00f6ver de nedsk\u00e4rningar som redan avtalats. Undervisnings- och kulturministeriets nedsk\u00e4rningar m\u00e5ngdubblas redan j\u00e4mf\u00f6rt med vad som f\u00f6rv\u00e4ntades i regeringsprogrammet. Undervisnings- och kulturminister Sari Multala har meddelat att nedsk\u00e4rningarna \u00e4r riktade, men m\u00e5len f\u00f6r dem har \u00e4nnu inte fastst\u00e4llts. Enligt konstr\u00e5det kommer nedsk\u00e4rningarna i anslagen att f\u00f6rsvaga Finlands ekonomi, v\u00e4lf\u00e4rd och s\u00e4kerhet.<\/p>\n<p>I b\u00f6rjan av 2024 skars ocks\u00e5 Centret f\u00f6r konstfr\u00e4mjandes icke-lagstadgade statsandelar ned med 1,3 miljoner euro och de riktades till verksamhetsbidrag, specialunderst\u00f6d, m\u00e5lunderst\u00f6d och temaunderst\u00f6d, det vill s\u00e4ga fr\u00e4mst det fria konstf\u00e4ltet, som fortfarande \u00e5terh\u00e4mtar sig fr\u00e5n coronapandemins efterdyningar. Utmaningen \u00e4r att nedsk\u00e4rningarna i VOS ocks\u00e5 kommer att drabba nya konstn\u00e4rer och unga konstn\u00e4rer, och att de kommer att f\u00f6rhindra uppkomsten av nya konstn\u00e4rliga och kulturella \u00f6ppningar.<\/p>\n<p>Ut\u00f6ver nedsk\u00e4rningar inom kulturbranschen \u00e4r \u00e4ven studerande inom konst- och kulturbranschen f\u00f6rem\u00e5l f\u00f6r kraftiga nedsk\u00e4rningar i bostadsbidraget som tr\u00e4dde i kraft i b\u00f6rjan av april, vilket har lett till att b\u00e5de TaiYo och Finlands studentk\u00e5rers f\u00f6rbund (FSF) har tagit st\u00e4llning och skrivit separat. Nedsk\u00e4rningarna i de studerandes utkomst fortsatte i regeringens ramf\u00f6rhandling, d\u00e5 regeringen meddelade att de studerande \u00f6verg\u00e5r fr\u00e5n det allm\u00e4nna bostadsbidraget till studiest\u00f6dets bostadstill\u00e4gg. N\u00e4r vi talar om den f\u00f6rsvagade sociala tryggheten f\u00f6r studerande f\u00e5r vi inte gl\u00f6mma nedsk\u00e4rningarna i utkomstst\u00f6det, f\u00f6r att inte tala om frysningen av studiest\u00f6dets index. Till exempel FSF har mycket entydigt f\u00f6rkastat de nedsk\u00e4rningar som regeringen planerar. I dessa gemensamma statliga insatser b\u00e4r studenterna en b\u00f6rda som inte st\u00e5r i proportion till deras inkomst och levnadsstandard.<\/p>\n<p>&nbsp;<\/p>\n<ol>\n<li><strong>Den kulturpolitiska redog\u00f6relsen blickar mot \u00e5ret 2046!<\/strong><\/li>\n<\/ol>\n<p>Kulturbranschens framtid h\u00e5ller p\u00e5 att skissas just nu! V\u00e5ren 2024 inleddes arbetet med den kulturpolitiska redog\u00f6relse som ing\u00e5r i regeringsprogrammet f\u00f6r Orpos regering och som syftar till att skapa en ambiti\u00f6s vision om konst- och kulturbranschens framtid. I praktiken skapar redog\u00f6relsen en vision f\u00f6r hela kultursektorn fram till 2046, m\u00f6jligg\u00f6r en l\u00e5ngsiktig utveckling av Finlands konst- och kulturpolitik och identifierar centrala \u00e5tg\u00e4rder f\u00f6r att uppn\u00e5 m\u00e5len. Med tanke p\u00e5 den ekonomiska situationen f\u00f6r akt\u00f6rer inom konst- och kulturbranschen och oron f\u00f6r branschens framtid \u00e4r det inte oviktigt vilka riktlinjer som skrivs i policydokumentet.<\/p>\n<p>Den kulturpolitiska redog\u00f6relsen bereds av en arbetsgrupp tillsatt av undervisnings- och kulturministeriet och den bereds i n\u00e4ra v\u00e4xelverkan med akt\u00f6rer och intressentgrupper inom branschen. I arbetsgruppen deltar bland annat Konstuniversitetets rektor Kaarlo Hild\u00e9n och universitetslektor Tomi Dufva fr\u00e5n Aalto-universitetet. TaiYo bedriver p\u00e5verkansarbete i \u00e4mnet bland annat genom att tr\u00e4ffa beslutsfattare och intressentgrupper, delta i diskussioner och demonstrationer samt vara med och arrangera Floradagen, som f\u00f6rest\u00e4ller sig kulturbranschens framtid (datum meddelas senare).<\/p>\n<p>Som st\u00f6d f\u00f6r arbetsgruppens verksamhet har Kultur- och konstf\u00f6rbundet KULTA rf inlett vardagsrumsdiskussioner med l\u00e5g tr\u00f6skel inom ramen f\u00f6r projektet, d\u00e4r vem som helst kan delta i beredningen av den kulturpolitiska redog\u00f6relsen. F\u00f6r att konststuderandenas r\u00f6st ska beaktas i beslutsfattandet \u00e4r det ytterst viktigt att konst- och kulturstuderandenas \u00e5sikter och id\u00e9er tas med i vardagsrumsdiskussioner, demonstrationer som tar st\u00e4llning och i den \u00f6vriga diskussionen om \u00e4mnet. TaiYo ordnar en vardagsrumsdiskussion som riktar sig s\u00e4rskilt till konststuderande m\u00e5ndagen den 13.5 kl. 14-16 i Teaterh\u00f6gskolans Mylly-rum. Taikes direkt\u00f6r Kaisa R\u00f6nkk\u00f6, som ing\u00e5r i den kulturpolitiska redog\u00f6relsens arbetsgrupp, deltar ocks\u00e5 i diskussionsm\u00f6tet. Kom och ta en kopp kaffe och p\u00e5verka kulturbranschens framtid!<\/p>\n<p>&nbsp;<\/p>\n<ol>\n<li><strong>Europaparlamentsvalet<\/strong><\/li>\n<\/ol>\n<p>\u00c4ven om kulturpolitiken i sig inte \u00e4r EU:s k\u00e4rnkompetens st\u00e5r kultur, konst och kulturarv fortfarande i centrum f\u00f6r Europeiska unionen och den europeiska identiteten. Ut\u00f6ver konstens egenv\u00e4rde har bland annat KULTA rf i sitt m\u00e5l f\u00f6r valet till Europaparlamentet lyft fram kulturens betydelse f\u00f6r att st\u00e4rka demokratin, den kreativa ekonomin och som en faktor i den gr\u00f6na omst\u00e4llningen. De kreativa industrierna \u00e4r ocks\u00e5 en viktig k\u00e4lla till syssels\u00e4ttning i Europa.<\/p>\n<p>EU:s lagstiftning s\u00e4kerst\u00e4ller bland annat skyddet av det europeiska kulturarvet, samarbete mellan kulturinstitutioner i olika l\u00e4nder och fr\u00e4mjande av r\u00f6rligheten f\u00f6r kreativa arbetstagare. Dessutom producerar EU verksamhet och investeringar som st\u00f6der medlemsstaternas kulturpolitik, till exempel kulturhuvudstadsprogrammet. D\u00e4rf\u00f6r \u00e4r det oerh\u00f6rt viktigt att konst- och kultursektorn ocks\u00e5 \u00e4r representerad i Europaparlamentet och p\u00e5verkar beslutsfattandet om de kreativa branscherna.<\/p>\n<p>Valdeltagandet i valet till Europaparlamentet \u00e4r fruktansv\u00e4rt l\u00e5gt, s\u00e4rskilt bland ungdomar, och det skulle vara av st\u00f6rsta vikt f\u00f6r demokratin att f\u00e5 unga v\u00e4ljare att g\u00e5 till valurnorna i m\u00e5nadsskiftet maj-juni! Europaparlamentsvalet f\u00f6rr\u00e4ttas i Finland 9.6 och det \u00e4r ocks\u00e5 m\u00f6jligt att r\u00f6sta p\u00e5 f\u00f6rhand. TaiYo st\u00f6der kulturf\u00e4ltets m\u00e5l f\u00f6r EU-valet och str\u00e4var efter att aktivt delta i valpaneler och diskussioner. I samband med valet finns det ocks\u00e5 planer p\u00e5 att samarbeta med andra intresseorganisationer, s\u00e5som KULTA rf. S\u00e5 h\u00e5ll \u00f6gonen \u00f6ppna!<\/p>\n<p>&nbsp;<\/p>\n<p>Viktiga datum:<\/p>\n<ul>\n<li>M\u00e5ndagen den 13.5 kl. 14\u201316 ordnas en kulturpolitisk vardagsrumsdiskussion i Teaterh\u00f6gskolans studentrum i Mylly.<\/li>\n<li>5.-4.6. F\u00f6rhandsr\u00f6stning i Europaparlamentsval i Finland<\/li>\n<li>6.6 Europaparlamentsvalet<\/li>\n<\/ul>\n<p>P\u00e5 kommande ocks\u00e5 Floradagens evenemang, vars \u00e4ndrade datum annonseras senare.<\/p>","protected":false},"excerpt":{"rendered":"<p>Taide- ja kulttuurialojen opiskelijoita koskevat asiat ovat t\u00e4ll\u00e4 hetkell\u00e4 usealla eri p\u00f6yd\u00e4ll\u00e4 valmisteltavana, neuvoteltavana sek\u00e4 toimeenpantavana. Vaikka osa muutoksista on astunut voimaan [&hellip;]<\/p>\n","protected":false},"author":13,"featured_media":13604,"comment_status":"closed","ping_status":"open","sticky":false,"template":"","format":"standard","meta":{"_coblocks_attr":"","_coblocks_dimensions":"","_coblocks_responsive_height":"","_coblocks_accordion_ie_support":"","_crdt_document":"","advanced_seo_description":"","jetpack_seo_html_title":"","jetpack_seo_noindex":false,"_jetpack_memberships_contains_paid_content":false,"footnotes":"","jetpack_publicize_message":"","jetpack_publicize_feature_enabled":true,"jetpack_social_post_already_shared":true,"jetpack_social_options":{"image_generator_settings":{"template":"highway","default_image_id":0,"font":"","enabled":false},"version":2},"_wpas_customize_per_network":false},"categories":[1],"tags":[],"class_list":["post-13599","post","type-post","status-publish","format-standard","has-post-thumbnail","hentry","category-taiyo"],"jetpack_publicize_connections":[],"jetpack_featured_media_url":"https:\/\/i0.wp.com\/taiyo.fi\/wp-content\/uploads\/2024\/05\/siiri_blogi-1640-x-924-px.png?fit=1640%2C924&ssl=1","jetpack_sharing_enabled":true,"jetpack_shortlink":"https:\/\/wp.me\/p2w00X-3xl","jetpack_likes_enabled":true,"amp_enabled":true,"_links":{"self":[{"href":"https:\/\/taiyo.fi\/sv\/wp-json\/wp\/v2\/posts\/13599","targetHints":{"allow":["GET"]}}],"collection":[{"href":"https:\/\/taiyo.fi\/sv\/wp-json\/wp\/v2\/posts"}],"about":[{"href":"https:\/\/taiyo.fi\/sv\/wp-json\/wp\/v2\/types\/post"}],"author":[{"embeddable":true,"href":"https:\/\/taiyo.fi\/sv\/wp-json\/wp\/v2\/users\/13"}],"replies":[{"embeddable":true,"href":"https:\/\/taiyo.fi\/sv\/wp-json\/wp\/v2\/comments?post=13599"}],"version-history":[{"count":4,"href":"https:\/\/taiyo.fi\/sv\/wp-json\/wp\/v2\/posts\/13599\/revisions"}],"predecessor-version":[{"id":13606,"href":"https:\/\/taiyo.fi\/sv\/wp-json\/wp\/v2\/posts\/13599\/revisions\/13606"}],"wp:featuredmedia":[{"embeddable":true,"href":"https:\/\/taiyo.fi\/sv\/wp-json\/wp\/v2\/media\/13604"}],"wp:attachment":[{"href":"https:\/\/taiyo.fi\/sv\/wp-json\/wp\/v2\/media?parent=13599"}],"wp:term":[{"taxonomy":"category","embeddable":true,"href":"https:\/\/taiyo.fi\/sv\/wp-json\/wp\/v2\/categories?post=13599"},{"taxonomy":"post_tag","embeddable":true,"href":"https:\/\/taiyo.fi\/sv\/wp-json\/wp\/v2\/tags?post=13599"}],"curies":[{"name":"wp","href":"https:\/\/api.w.org\/{rel}","templated":true}]}}