{"id":13395,"date":"2024-03-14T13:47:44","date_gmt":"2024-03-14T11:47:44","guid":{"rendered":"https:\/\/taiyo.fi\/?p=13395"},"modified":"2024-03-14T13:47:50","modified_gmt":"2024-03-14T11:47:50","slug":"vappua-vietetaan-tana-vuonna-kansalaistorilla","status":"publish","type":"post","link":"https:\/\/taiyo.fi\/sv\/2024\/03\/14\/vappua-vietetaan-tana-vuonna-kansalaistorilla\/","title":{"rendered":"Vappua vietet\u00e4\u00e4n t\u00e4n\u00e4 vuonna Kansalaistorilla"},"content":{"rendered":"<p><b>Vappuaaton lakitustapahtumaa juhlitaan t\u00e4n\u00e4 kev\u00e4\u00e4n\u00e4 poikkeuksellisesti Kansalaistorilla. Helsinkil\u00e4isten rakastama Havis Amanda -patsas on korjattavana, eik\u00e4 Mantaa p\u00e4\u00e4st\u00e4 lakittamaan Kauppatorilla. Taideopiskelijat rakentavat juhlaan lakitettavan kohteen, joka paljastetaan vappuaattona.<\/b><\/p>\n<p><span style=\"font-weight: 400;\">Yksi helsinkil\u00e4isen vapun rakastetuimmista perinteist\u00e4 on Havis Amanda -patsaan lakitus. Mantan ja sit\u00e4 ymp\u00e4r\u00f6iv\u00e4n aukion peruskorjauksen takia lakitustapahtuma j\u00e4rjestet\u00e4\u00e4n poikkeuksellisesti Kansalaistorilla.\u00a0\u00a0<\/span><\/p>\n<p><span style=\"font-weight: 400;\">Tapahtuman j\u00e4rjest\u00e4misvuorossa on Taideyliopiston ylioppilaskunta. Taideopiskelijat rakentavat Kansalaistorille lakitettavan kohteen, joka paljastuu vappuaattona. Lakitusshow\u2019ssa ammennetaan elementtej\u00e4 Havis Amandan yli satavuotisesta historiasta. Esiintyj\u00e4t ovat taideyliopiston opiskelijoita niin performanssitaiteen, musiikin kuin kuvataiteen saralta.\u00a0<\/span><\/p>\n<p><span style=\"font-weight: 400;\">\u201cTapahtumamme p\u00e4\u00e4henkil\u00f6, alkuper\u00e4inen Havis Amandan patsas, tulee olemaan omalla tavallaan vahvasti l\u00e4sn\u00e4 lakitustapahtumassa\u201d, paljastaa<\/span><span style=\"font-weight: 400;\">paljastaa taideopiskelijoista koostuvaa Manta Crewta koordinoiva tuottaja <strong>Suvi Vendelin.<\/strong><\/span><\/p>\n<p>\u2013 Odotan mielenkiinnolla taideopiskelijoiden ohjelmaa Kansalaistorilla vappuaattona. Pormestarina toivotan kaikki vappujuhlijat tervetulleiksi seuraamaan my\u00f6s t\u00e4m\u00e4n vuoden lakitustapahtumaa! sanoo pormestari\u00a0<strong>Juhana Vartiainen<\/strong>.<\/p>\n<p><span style=\"font-weight: 400;\">\u00a0Sek\u00e4 kaupunki ett\u00e4 opiskelijat kannustavat kaupunkilaisia juhlistamaan vappua uudessa paikassa.\u00a0<\/span><\/p>\n<p><span style=\"font-weight: 400;\">\u201cKansalaistori mahdollistaa nyt my\u00f6s meille taideopiskelijoille tilaa tehd\u00e4 hyv\u00e4n vappuaaton show\u2019n ja toivomme yleis\u00f6n l\u00f6yt\u00e4v\u00e4n Kansalaistorille vapun viettoon\u201d, jatkaa Vendelin.\u00a0<\/span><\/p>\n<p><span style=\"font-weight: 400;\">Taideyliopiston ylioppilaskunta j\u00e4rjesti edellisen kerran Mantan lakituksen vappuna 2020. T\u00e4n\u00e4 vuonna tapahtuma tehd\u00e4\u00e4n yhteisty\u00f6ss\u00e4 Helsingin kaupungin ja UniSportin kanssa.<\/span><\/p>\n<p><a href=\"https:\/\/www.hel.fi\/fi\/uutiset\/vappua-vietetaan-tana-vuonna-kansalaistorilla-manta-palaa-kauppatorille-elokuussa\">Linkki Helsingin kaupungin tiedotteeseen<\/a><\/p>","protected":false},"excerpt":{"rendered":"<p>Vappuaaton lakitustapahtumaa juhlitaan t\u00e4n\u00e4 kev\u00e4\u00e4n\u00e4 poikkeuksellisesti Kansalaistorilla. Helsinkil\u00e4isten rakastama Havis Amanda -patsas on korjattavana, eik\u00e4 Mantaa p\u00e4\u00e4st\u00e4 lakittamaan Kauppatorilla. Taideopiskelijat rakentavat juhlaan [&hellip;]<\/p>\n","protected":false},"author":13,"featured_media":13399,"comment_status":"closed","ping_status":"open","sticky":true,"template":"","format":"standard","meta":{"_coblocks_attr":"","_coblocks_dimensions":"","_coblocks_responsive_height":"","_coblocks_accordion_ie_support":"","_crdt_document":"","advanced_seo_description":"","jetpack_seo_html_title":"","jetpack_seo_noindex":false,"_jetpack_memberships_contains_paid_content":false,"footnotes":"","jetpack_publicize_message":"","jetpack_publicize_feature_enabled":true,"jetpack_social_post_already_shared":true,"jetpack_social_options":{"image_generator_settings":{"template":"highway","default_image_id":0,"font":"","enabled":false},"version":2},"_wpas_customize_per_network":false},"categories":[1],"tags":[],"class_list":["post-13395","post","type-post","status-publish","format-standard","has-post-thumbnail","hentry","category-taiyo"],"jetpack_publicize_connections":[],"jetpack_featured_media_url":"https:\/\/i0.wp.com\/taiyo.fi\/wp-content\/uploads\/2024\/03\/Mantan-lakitus-2016.png?fit=1500%2C829&ssl=1","jetpack_sharing_enabled":true,"jetpack_shortlink":"https:\/\/wp.me\/p2w00X-3u3","jetpack_likes_enabled":true,"amp_enabled":true,"_links":{"self":[{"href":"https:\/\/taiyo.fi\/sv\/wp-json\/wp\/v2\/posts\/13395","targetHints":{"allow":["GET"]}}],"collection":[{"href":"https:\/\/taiyo.fi\/sv\/wp-json\/wp\/v2\/posts"}],"about":[{"href":"https:\/\/taiyo.fi\/sv\/wp-json\/wp\/v2\/types\/post"}],"author":[{"embeddable":true,"href":"https:\/\/taiyo.fi\/sv\/wp-json\/wp\/v2\/users\/13"}],"replies":[{"embeddable":true,"href":"https:\/\/taiyo.fi\/sv\/wp-json\/wp\/v2\/comments?post=13395"}],"version-history":[{"count":4,"href":"https:\/\/taiyo.fi\/sv\/wp-json\/wp\/v2\/posts\/13395\/revisions"}],"predecessor-version":[{"id":13400,"href":"https:\/\/taiyo.fi\/sv\/wp-json\/wp\/v2\/posts\/13395\/revisions\/13400"}],"wp:featuredmedia":[{"embeddable":true,"href":"https:\/\/taiyo.fi\/sv\/wp-json\/wp\/v2\/media\/13399"}],"wp:attachment":[{"href":"https:\/\/taiyo.fi\/sv\/wp-json\/wp\/v2\/media?parent=13395"}],"wp:term":[{"taxonomy":"category","embeddable":true,"href":"https:\/\/taiyo.fi\/sv\/wp-json\/wp\/v2\/categories?post=13395"},{"taxonomy":"post_tag","embeddable":true,"href":"https:\/\/taiyo.fi\/sv\/wp-json\/wp\/v2\/tags?post=13395"}],"curies":[{"name":"wp","href":"https:\/\/api.w.org\/{rel}","templated":true}]}}