{"id":12358,"date":"2023-05-12T11:27:29","date_gmt":"2023-05-12T09:27:29","guid":{"rendered":"https:\/\/taiyo.fi\/?p=12358"},"modified":"2023-05-12T11:28:06","modified_gmt":"2023-05-12T09:28:06","slug":"karoliina-korvuo-vapaan-taiteen-tilan-uusi-koordinaattori","status":"publish","type":"post","link":"https:\/\/taiyo.fi\/sv\/2023\/05\/12\/karoliina-korvuo-vapaan-taiteen-tilan-uusi-koordinaattori\/","title":{"rendered":"Karoliina Korvuo ny koordinator f\u00f6r Utrymmet f\u00f6r fri konst"},"content":{"rendered":"<p><span style=\"font-weight: 400;\">TaiYo:n uudeksi Vapaan taiteen tilan koordinaattoriksi on valittu Karoliina Korvuo. Korvuo on aloittanut teht\u00e4v\u00e4\u00e4n perehtymisen maanantaina 8.5. edelt\u00e4j\u00e4ns\u00e4, Anna Peson, kanssa. <\/span><span style=\"font-weight: 400;\">Vapaan taiteen tilan koordinaattori vastaa tilan k\u00e4yt\u00e4nn\u00f6n toiminnan py\u00f6ritt\u00e4misest\u00e4 huolehtien esimerkiksi varausten hallinnoinnista, tilan yleisest\u00e4 kunnosta ja kalustosta ja viestinn\u00e4st\u00e4.<\/span><\/p>\n<p><span style=\"font-weight: 400;\">Taideyliopiston Kuvataideakatemiasta kes\u00e4kuussa kuvataiteen maisteriksi valmistuva Korvuo on aiemmin ty\u00f6skennellyt monipuolisesti taidekent\u00e4n erilaisissa teht\u00e4viss\u00e4. \u00a0<\/span><\/p>\n<p><span style=\"font-weight: 400;\">&#8221;Odotan innolla, ett\u00e4 p\u00e4\u00e4sen tutustumaan lis\u00e4\u00e4 Taideyliopiston opiskelijoihin ja alumneihin kaikista akatemioista Vapaan Taiteen Tilan koordinaattorin roolissa. Ilmainen ja suuri tapahtuma- ja n\u00e4yttelytila on ainutlaatuinen ja t\u00e4rke\u00e4 resurssi taideopiskelijoille. Tilan kalenteriin on merkitty t\u00e4lle vuodelle paljon kiinnostavia projekteja. Kannustan kaikkia taideyliopistolaisia ottamaan tilan omakseen tapahtumiin osallistumalla ja j\u00e4rjest\u00e4m\u00e4ll\u00e4 niit\u00e4 my\u00f6s itse!&#8221;<\/span><\/p>\n<p><span style=\"font-weight: 400;\">Vapaan taiteen tilan koordinaattorin tavoittaa s\u00e4hk\u00f6postitse <\/span><span style=\"font-weight: 400;\">info(at)vapaantaiteentila.fi tai puhelimitse 040 710 4227.<\/span><\/p>","protected":false},"excerpt":{"rendered":"<p>TaiYo:n uudeksi Vapaan taiteen tilan koordinaattoriksi on valittu Karoliina Korvuo. Korvuo on aloittanut teht\u00e4v\u00e4\u00e4n perehtymisen maanantaina 8.5. edelt\u00e4j\u00e4ns\u00e4, Anna Peson, kanssa. Vapaan [&hellip;]<\/p>\n","protected":false},"author":13,"featured_media":12360,"comment_status":"closed","ping_status":"open","sticky":true,"template":"","format":"standard","meta":{"_coblocks_attr":"","_coblocks_dimensions":"","_coblocks_responsive_height":"","_coblocks_accordion_ie_support":"","_crdt_document":"","advanced_seo_description":"","jetpack_seo_html_title":"","jetpack_seo_noindex":false,"_jetpack_memberships_contains_paid_content":false,"footnotes":"","jetpack_publicize_message":"","jetpack_publicize_feature_enabled":true,"jetpack_social_post_already_shared":true,"jetpack_social_options":{"image_generator_settings":{"template":"highway","default_image_id":0,"font":"","enabled":false},"version":2},"_wpas_customize_per_network":false},"categories":[1],"tags":[],"class_list":["post-12358","post","type-post","status-publish","format-standard","has-post-thumbnail","hentry","category-taiyo"],"jetpack_publicize_connections":[],"jetpack_featured_media_url":"https:\/\/i0.wp.com\/taiyo.fi\/wp-content\/uploads\/2023\/05\/IMG_20230508_124346.jpg?fit=2448%2C3264&ssl=1","jetpack_sharing_enabled":true,"jetpack_shortlink":"https:\/\/wp.me\/p2w00X-3dk","jetpack_likes_enabled":true,"amp_enabled":true,"_links":{"self":[{"href":"https:\/\/taiyo.fi\/sv\/wp-json\/wp\/v2\/posts\/12358","targetHints":{"allow":["GET"]}}],"collection":[{"href":"https:\/\/taiyo.fi\/sv\/wp-json\/wp\/v2\/posts"}],"about":[{"href":"https:\/\/taiyo.fi\/sv\/wp-json\/wp\/v2\/types\/post"}],"author":[{"embeddable":true,"href":"https:\/\/taiyo.fi\/sv\/wp-json\/wp\/v2\/users\/13"}],"replies":[{"embeddable":true,"href":"https:\/\/taiyo.fi\/sv\/wp-json\/wp\/v2\/comments?post=12358"}],"version-history":[{"count":3,"href":"https:\/\/taiyo.fi\/sv\/wp-json\/wp\/v2\/posts\/12358\/revisions"}],"predecessor-version":[{"id":12362,"href":"https:\/\/taiyo.fi\/sv\/wp-json\/wp\/v2\/posts\/12358\/revisions\/12362"}],"wp:featuredmedia":[{"embeddable":true,"href":"https:\/\/taiyo.fi\/sv\/wp-json\/wp\/v2\/media\/12360"}],"wp:attachment":[{"href":"https:\/\/taiyo.fi\/sv\/wp-json\/wp\/v2\/media?parent=12358"}],"wp:term":[{"taxonomy":"category","embeddable":true,"href":"https:\/\/taiyo.fi\/sv\/wp-json\/wp\/v2\/categories?post=12358"},{"taxonomy":"post_tag","embeddable":true,"href":"https:\/\/taiyo.fi\/sv\/wp-json\/wp\/v2\/tags?post=12358"}],"curies":[{"name":"wp","href":"https:\/\/api.w.org\/{rel}","templated":true}]}}