{"id":12187,"date":"2023-03-30T13:04:47","date_gmt":"2023-03-30T11:04:47","guid":{"rendered":"https:\/\/taiyo.fi\/?p=12187"},"modified":"2023-03-30T13:04:47","modified_gmt":"2023-03-30T11:04:47","slug":"ylioppilaskunta-vaikuttaa-vaikuta-sinakin","status":"publish","type":"post","link":"https:\/\/taiyo.fi\/sv\/2023\/03\/30\/ylioppilaskunta-vaikuttaa-vaikuta-sinakin\/","title":{"rendered":"Studentk\u00e5ren p\u00e5verkar, p\u00e5verka du ocks\u00e5"},"content":{"rendered":"<p><span style=\"font-weight: 400;\">\u201cDet \u00e4r ganska galet att siffrorna ser ut s\u00e5 d\u00e4r\u201d, s\u00e4ger Viivi Tigerstedt n\u00e4r hon h\u00f6r statistik om riksdagsvalet 2019.\u00a0<\/span><\/p>\n<p><span style=\"font-weight: 400;\">Valdeltagandet bland unga \u00e4r bedr\u00f6vligt l\u00e5gt j\u00e4mf\u00f6rt med riksgenomsnittet. \u00c4ven om ungas iver att r\u00f6sta har \u00f6kat till exempel i det senaste valet, r\u00f6stade personer i \u00e5ldern 65\u201374 \u00e5r (82 %) mest aktivt, medan 54 % av 20\u201325-\u00e5ringarna r\u00f6stade.\u00a0\u00a0<\/span><\/p>\n<p><span style=\"font-weight: 400;\">\u201cEn stor del av v\u00e5r uppv\u00e4xt som unga har hamnat i skymundan av pandemin, kriget och klimatkrisen. Sj\u00e4lv k\u00e4nner jag igen fenomenet hur till exempel klimatkrisen orsakar en allm\u00e4n k\u00e4nsla av hoppl\u00f6shet. Om en v\u00e4rld har byggts f\u00f6r oss som redan \u00e4r f\u00f6rst\u00f6rd, varf\u00f6r f\u00f6rs\u00f6ka fixa den? S\u00e5dana h\u00e4r dystra funderingar finns i v\u00e5r \u00e5ldersgrupp\u201d, reflekterar Tigerstedt.\u00a0<\/span><\/p>\n<p><span style=\"font-weight: 400;\">Vi ska inte f\u00f6rlora hoppet och i gemenskaper finns den starkaste f\u00f6r\u00e4ndringskraften. F\u00f6r Tigerstedt \u00e4r demokratins grundid\u00e9 att r\u00f6sta. Alla har sitt eget ansvar i samh\u00e4llet att best\u00e4mma hur de vill bidra n\u00e4r de fattar beslut som ber\u00f6r alla.\u00a0<\/span><\/p>\n<p><span style=\"font-weight: 400;\">\u201cDet \u00e4r viktigt att hela tiden p\u00e5minna  att det inte \u00e4r f\u00f6r sent att p\u00e5verka och vi studerande har makt. Unga m\u00e4nniskor har alltid haft den d\u00e4r drivkraften f\u00f6r f\u00f6r\u00e4ndring. Det finns mycket vi kan g\u00f6ra d\u00e5 till exempel medierna blir mera m\u00e5ngsidiga och d\u00e4rav blir verktygsl\u00e5dan f\u00f6r att \u00e4ndra p\u00e5 v\u00e4rlden st\u00f6rre.\u201d\u00a0<\/span><\/p>\n<p><span style=\"font-weight: 400;\">Viivi Tigerstedt studerar klassisk musik med dragspel som huvudinstrument. I studierna ing\u00e5r ocks\u00e5 till exempel f\u00f6retagsekonomi inom de kreativa branscherna och pedagogikstudier. Tigerstedt har valts till ordf\u00f6rande f\u00f6r Konstuniversitetets studentk\u00e5rs styrelse \u00e5ret 2023. Styrelsen beslutas av studentk\u00e5rens f\u00f6rtroendevalda allts\u00e5 studentk\u00e5rens delegation. D\u00e5 valdeltagande n\u00e4mns i samband med Konstuniversitetets studentk\u00e5r, kommer det fram att r\u00f6stningsprocenten i KonSt:s delegation var h\u00f6gst i hela Finland. (47,68%)\u00a0<\/span><\/p>\n<p style=\"text-align: center;\"><b>\"Ofta f\u00e5r studentk\u00e5ren fr\u00e5gan, vad konststudenterna vill ha ut av den ena eller andra fr\u00e5gan.\"<\/b><span style=\"font-weight: 400;\">\u00a0<\/span><\/p>\n<p><span style=\"font-weight: 400;\">Fr\u00e5n ordf\u00f6randpositionen kan man p\u00e5verka m\u00e5nga fr\u00e5gor som ber\u00f6r studenter. Ordf\u00f6rande har m\u00f6jligheten att direkt tr\u00e4ffa m\u00e4nniskor i beslutsfattande positioner fr\u00e5n universitetet, arbetslivsorganisationer och politik.\u00a0<\/span><\/p>\n<p><span style=\"font-weight: 400;\">\u201c Vardagen handlar om att svara p\u00e5 m\u00e5nga olika fr\u00e5gor\", sammanfattar Tigerstedt ordf\u00f6randens representationsarbete; \u201cStudentk\u00e5ren f\u00e5r ofta fr\u00e5gan om vad konststudenterna vill ha ut av den ena eller andra fr\u00e5gan. Vi arbetar h\u00e5rt i styrelsen, vars operativa arbete samordnas av ordf\u00f6randen.\"\u00a0<\/span><\/p>\n<p><span style=\"font-weight: 400;\">F\u00f6r Tigerstedt \u00e4r det viktigt att f\u00f6rs\u00f6ka ge styrelsemedlemmarna s\u00e5dana  arbetsvillkor, som m\u00f6jligg\u00f6r att de kan arbeta med exakt det som intresserar dem p\u00e5 ett meningsfullt s\u00e4tt. F\u00f6rutom styrelsen \u00e4r KonSt:s anst\u00e4llda med och driver studentk\u00e5rens vardag f\u00f6r konststuderande.\u00a0<\/span><\/p>\n<p><span style=\"font-weight: 400;\">Det har varit tydligt f\u00f6r Tigerstedt vilket tema som har ansetts vara s\u00e4rskilt viktigt f\u00f6r i \u00e5r;\u00a0<\/span><\/p>\n<p><span style=\"font-weight: 400;\">\"Studenternas v\u00e4lbefinnande definitivt. Jag f\u00f6rs\u00f6ker f\u00e5 det  in  i varenda sammanhang. Situationen beh\u00f6ver l\u00f6sningar.\"\u00a0\u00a0<\/span><\/p>\n<p><span style=\"font-weight: 400;\">Dekanerna f\u00e5r s\u00e4rskilt ber\u00f6m f\u00f6r sitt samarbete med studentk\u00e5ren. Just nu p\u00e5g\u00e5r ocks\u00e5 en l\u00e4roplansreform, d\u00e4r det \u00e4r meningen att fokusera p\u00e5 studerandes v\u00e4lm\u00e5ende vid sidan om det andra utvecklingsarbetet.\u00a0<\/span><\/p>\n<p><span style=\"font-weight: 400;\">\u201cKonststuderande m\u00e5r orimligt d\u00e5ligt. Kravniv\u00e5n fr\u00e5n olika perspektiv runt om i skolan \u00e4r orimligt h\u00f6g. Jag pratar inte s\u00e5 mycket den konstn\u00e4rliga processen, utan om alla m\u00f6jliga schemal\u00e4ggningskrav  och om engagemanget som st\u00e4ndigt kr\u00e4vs f\u00f6r varje kurs. Ingen studerande ska l\u00e4mnas ensam n\u00e4r den st\u00e4lls inf\u00f6r utmaningar i utbildningssystemet.\"\u00a0<\/span><\/p>\n<p style=\"text-align: center;\"><b>Konststudenter har mycket att t\u00e4nka p\u00e5 n\u00e4r det g\u00e4ller hur fr\u00e5gor som p\u00e5verkar den egna vardagen kommer att diskuteras efter valet.<\/b><span style=\"font-weight: 400;\">\u00a0<\/span><\/p>\n<p><span style=\"font-weight: 400;\">Det r\u00e4cker inte med enbart samarbete med universitetet n\u00e4r studentk\u00e5ren vill genom sitt p\u00e5verkansarbete bygga en ljusare framtid f\u00f6r sina medlemmar. Studenternas liv p\u00e5verkas ocks\u00e5 i h\u00f6g grad av till exempel vem som ska besluta om Finlands framtid efter valet. F\u00f6rutom att fr\u00e4mja v\u00e4lbefinnandet har KonSt:s kansli arbetat med valp\u00e5verkan.\u00a0<\/span><\/p>\n<p><span style=\"font-weight: 400;\">\"Kom ih\u00e5g att r\u00f6sta!\", \u00f6nskar Tigerstedt n\u00e4r valet g\u00e5r mot slutrakan. Sista chansen att r\u00f6sta \u00e4r p\u00e5 valdagen 2.4.\u00a0<\/span><\/p>\n<p><span style=\"font-weight: 400;\">Konststuderande har mycket att t\u00e4nka p\u00e5 n\u00e4r det g\u00e4ller hur fr\u00e5gor som p\u00e5verkar den egna vardagen ska diskuteras efter valet. N\u00e4r man talar om h\u00f6gskolornas finansiering kommer man i studentv\u00e4rlden fortfarande ih\u00e5g de nedsk\u00e4rningar i utbildningen som en g\u00e5ng drabbade ocks\u00e5 Konstuniversitetet. Det \u00e4r v\u00e4rt att uppm\u00e4rksamma diskussionen om f\u00f6rs\u00f6rjning, eftersom inflationen i sig f\u00f6rsvagar studentens basinkomst. Allt detta har ocks\u00e5 en direkt inverkan p\u00e5 studerandes v\u00e4lbefinnande och ork.\u00a0<\/span><\/p>\n<p><span style=\"font-weight: 400;\">\u201cVi beh\u00f6ver satsa p\u00e5 studerandes f\u00f6rs\u00f6rjning f\u00f6r att f\u00e5 den nuvarande situationen i en human balans\u201d, betonar Tigerstedt och ber\u00e4ttar om de valteman som studentr\u00f6relsen lyfter fram.\u00a0<\/span><\/p>\n<p><span style=\"font-weight: 400;\">F\u00f6r de som arbetar inom konstbranschen \u00e4r det bra att l\u00e4ra sig lyssna hur kultur diskuteras och med vems mun.\nDet h\u00e4nder f\u00f6r l\u00e4tt att kultur kommer med i diskussionerna bara n\u00e4r man fr\u00e5gar. Kultur som term \u00e4r en stor enhet, vars samh\u00e4lleliga betydelse blir och saknas fr\u00e5n m\u00e5ngas allm\u00e4nbildning.\u00a0<\/span><\/p>\n<p><span style=\"font-weight: 400;\">\u201cKonst och kultur brukar bli f\u00f6r l\u00e4tt till en isolerad \u00f6 f\u00f6r m\u00e5nga kandidater i riksdagsvalet. Om den kulturella diskursen hade integrerats i den politiska vardagsdiskursen skulle ett stort m\u00e5l ha uppfyllts.\"\u00a0<\/span><\/p>\n<p><span style=\"font-weight: 400;\">\u00a0<\/span><\/p>\n<p><span style=\"font-weight: 400;\">K\u00e4lla: Statistikcentralen\u00a0<\/span><\/p>\n<p><span style=\"font-weight: 400;\">Text: Suvi Vendelin <\/span><\/p>","protected":false},"excerpt":{"rendered":"<p>\u201cAika hullua, ett\u00e4 nuo numerot ovat tuollaisia\u201d, Viivi Tigerstedt toteaa kuullessaan tilastoja vuoden 2019 eduskuntavaaleista.\u00a0 Nuorten \u00e4\u00e4nestysaktiivisuus on valitettavan alhainen verrattuna maan [&hellip;]<\/p>\n","protected":false},"author":13,"featured_media":12189,"comment_status":"closed","ping_status":"open","sticky":true,"template":"","format":"standard","meta":{"_coblocks_attr":"","_coblocks_dimensions":"","_coblocks_responsive_height":"","_coblocks_accordion_ie_support":"","_crdt_document":"","advanced_seo_description":"","jetpack_seo_html_title":"","jetpack_seo_noindex":false,"_jetpack_memberships_contains_paid_content":false,"footnotes":"","jetpack_publicize_message":"","jetpack_publicize_feature_enabled":true,"jetpack_social_post_already_shared":true,"jetpack_social_options":{"image_generator_settings":{"template":"highway","default_image_id":0,"font":"","enabled":false},"version":2},"_wpas_customize_per_network":false},"categories":[1],"tags":[],"class_list":["post-12187","post","type-post","status-publish","format-standard","has-post-thumbnail","hentry","category-taiyo"],"jetpack_publicize_connections":[],"jetpack_featured_media_url":"https:\/\/i0.wp.com\/taiyo.fi\/wp-content\/uploads\/2023\/03\/Nuorissa-on-aina-ollut-se-muutosenergia.png?fit=1640%2C924&ssl=1","jetpack_sharing_enabled":true,"jetpack_shortlink":"https:\/\/wp.me\/p2w00X-3az","jetpack_likes_enabled":true,"amp_enabled":true,"_links":{"self":[{"href":"https:\/\/taiyo.fi\/sv\/wp-json\/wp\/v2\/posts\/12187","targetHints":{"allow":["GET"]}}],"collection":[{"href":"https:\/\/taiyo.fi\/sv\/wp-json\/wp\/v2\/posts"}],"about":[{"href":"https:\/\/taiyo.fi\/sv\/wp-json\/wp\/v2\/types\/post"}],"author":[{"embeddable":true,"href":"https:\/\/taiyo.fi\/sv\/wp-json\/wp\/v2\/users\/13"}],"replies":[{"embeddable":true,"href":"https:\/\/taiyo.fi\/sv\/wp-json\/wp\/v2\/comments?post=12187"}],"version-history":[{"count":2,"href":"https:\/\/taiyo.fi\/sv\/wp-json\/wp\/v2\/posts\/12187\/revisions"}],"predecessor-version":[{"id":12190,"href":"https:\/\/taiyo.fi\/sv\/wp-json\/wp\/v2\/posts\/12187\/revisions\/12190"}],"wp:featuredmedia":[{"embeddable":true,"href":"https:\/\/taiyo.fi\/sv\/wp-json\/wp\/v2\/media\/12189"}],"wp:attachment":[{"href":"https:\/\/taiyo.fi\/sv\/wp-json\/wp\/v2\/media?parent=12187"}],"wp:term":[{"taxonomy":"category","embeddable":true,"href":"https:\/\/taiyo.fi\/sv\/wp-json\/wp\/v2\/categories?post=12187"},{"taxonomy":"post_tag","embeddable":true,"href":"https:\/\/taiyo.fi\/sv\/wp-json\/wp\/v2\/tags?post=12187"}],"curies":[{"name":"wp","href":"https:\/\/api.w.org\/{rel}","templated":true}]}}