{"id":12164,"date":"2023-03-23T12:30:07","date_gmt":"2023-03-23T10:30:07","guid":{"rendered":"https:\/\/taiyo.fi\/?p=12164"},"modified":"2023-03-23T15:20:27","modified_gmt":"2023-03-23T13:20:27","slug":"taideopiskelijan-aanta-tarvitaan","status":"publish","type":"post","link":"https:\/\/taiyo.fi\/sv\/2023\/03\/23\/taideopiskelijan-aanta-tarvitaan\/","title":{"rendered":"Taideopiskelijan \u00e4\u00e4nt\u00e4 tarvitaan"},"content":{"rendered":"<p><span style=\"font-weight: 400;\">Eduskuntavaalien ennakko\u00e4\u00e4nest\u00e4minen on alkanut. Puolentoista viikon aikana kansa p\u00e4\u00e4tt\u00e4\u00e4, ketk\u00e4 200 kansanedustajaa eri vaalipiireist\u00e4 tulevat p\u00e4\u00e4tt\u00e4m\u00e4\u00e4n Suomen tulevaisuudesta seuraavan nelj\u00e4n vuoden ajan kauaskantoisin seurauksin. \u00c4\u00e4nest\u00e4\u00e4 voi ennakkoon 22-28.3. ja vaalip\u00e4iv\u00e4n\u00e4 2.4.\u00a0<\/span><\/p>\n<p><span style=\"font-weight: 400;\">\u201cVaalit ovat se paikka, p\u00f6rssijohtajalla ja taideopiskelijalla on periaatteessa yht\u00e4 paljon vaikutusvaltaa. Siell\u00e4 uurnalla olemme samanarvoisia.\u201d, pohtii Taideyliopiston ylioppilaskunnan edustajiston puheenjohtaja Sara Koiranen.\u00a0<\/span><\/p>\n<p><span style=\"font-weight: 400;\">Koiranen opiskelee parhaillaan Teatterikorkeakoulussa dramaturgiksi ja n\u00e4ytelm\u00e4kirjailijaksi. H\u00e4nen innostuksensa opiskelijatoimintaan on l\u00e4ht\u00f6isin Turusta, jossa Koiranen on aiemmin opiskellut. Edustajiston puheenjohtaja vastaa TaiYon j\u00e4senist\u00f6n vaaleilla valitseman edustajiston toiminnasta, joka on ylioppilaskunnan ylin p\u00e4\u00e4t\u00f6ksentekoelin.\u00a0<\/span><\/p>\n<p><span style=\"font-weight: 400;\">Vaaleissa juuri taideopiskelijoiden \u00e4\u00e4ni tarvitsee lis\u00e4\u00e4 kantavuutta. Kulttuuribudjetti on jo mainittu Ylen vaalipaneelissa yhdeksi mahdolliseksi leikkauskohteeksi, vaikka esimerkiksi korona-ajan taidekent\u00e4n kokemukset ovat yh\u00e4 muistissa. Koiranen toivoo jokaisen muistavan, kuinka arvokas oikeus \u00e4\u00e4nioikeus on.\u00a0<\/span><\/p>\n<p><span style=\"font-weight: 400;\">\u201cMinusta on hienoa, ett\u00e4 on tehnyt p\u00e4\u00e4t\u00f6ksen \u00e4\u00e4nest\u00e4\u00e4. Paljon lukee kommentteja somesta, ett\u00e4 mill\u00e4\u00e4n ei ole mit\u00e4\u00e4n v\u00e4li\u00e4 ja se on tosi kurjaa. Konkreettinen esimerkki yksitt\u00e4isten \u00e4\u00e4nten merkitt\u00e4vyydest\u00e4 on ollut vaikka Lapin vaalipiirist\u00e4, jossa yhdeks\u00e4st\u00e4 \u00e4\u00e4nest\u00e4 oli kiinni, saiko paikan keskusta vai vihre\u00e4t.\u201c\u00a0<\/span><\/p>\n<p><span style=\"font-weight: 400;\">Ehdokasta etsiess\u00e4 k\u00e4yt\u00f6ss\u00e4 on runsaasti erilaisia vaalikoneita, joilla voi kartoittaa yleisesti eri puolueiden ja ehdokkaiden mielipiteit\u00e4. Ehdokkaiden omista materiaaleista somessa tai nettisivuilta l\u00f6ytyv\u00e4t vaalikoneita paremmin eroavaisuudet eri ehdokkaiden v\u00e4lill\u00e4.\u00a0\u00a0<\/span><\/p>\n<p><span style=\"font-weight: 400;\">\u201cT\u00e4rke\u00e4\u00e4 olisi tunnistaa, mitk\u00e4 ovat ne kysymykset, jotka ovat juuri itselle niit\u00e4 t\u00e4rkeimpi\u00e4.\u201d, Koiranen muistuttaa.\u00a0<\/span><\/p>\n<p><span style=\"font-weight: 400;\">Taideyliopisto on vahvistanut Koirasen kokemusta siit\u00e4, miten paljon opiskelijalla on eri mahdollisuuksia vaikuttaa esimerkiksi oman alansa tulevaisuuteen.\u00a0\u00a0<\/span><\/p>\n<p><span style=\"font-weight: 400;\">\u201cOpiskelijan \u00e4\u00e4nen merkitt\u00e4vyys korostuu pienemm\u00e4ss\u00e4 yhteis\u00f6ss\u00e4. Soisin jokaiseen yliopistoon yhteis\u00f6iltap\u00e4ivi\u00e4, joita on v\u00e4hint\u00e4\u00e4n noin kerran kuukaudessa.\u201d, toteaa Koiranen.\u00a0<\/span><\/p>\n<p><span style=\"font-weight: 400;\">Yhteis\u00f6iltap\u00e4ivi\u00e4 vietet\u00e4\u00e4n erityisesti Teatterikorkeakoulussa. Opiskelijat ja opettajat kokoontuvat yhdess\u00e4 keskustelemaan mit\u00e4 oppiaineelle kuuluu, ja k\u00e4yd\u00e4\u00e4n mahdollista omaa alaa koskettavaa ajankohtaista keskustelua.\u00a0\u00a0<\/span><\/p>\n<p><span style=\"font-weight: 400;\">\u201cEi ole mit\u00e4\u00e4n alaa korkeakouluissa ylip\u00e4\u00e4t\u00e4\u00e4n, miss\u00e4 ei koko ajan tapahtuisi jotain ja olisi opiskelijoita puhututtavia aiheita.\u201d <\/span><\/p>","protected":false},"excerpt":{"rendered":"<p>Eduskuntavaalien ennakko\u00e4\u00e4nest\u00e4minen on alkanut. Puolentoista viikon aikana kansa p\u00e4\u00e4tt\u00e4\u00e4, ketk\u00e4 200 kansanedustajaa eri vaalipiireist\u00e4 tulevat p\u00e4\u00e4tt\u00e4m\u00e4\u00e4n Suomen tulevaisuudesta seuraavan nelj\u00e4n vuoden ajan [&hellip;]<\/p>\n","protected":false},"author":13,"featured_media":12166,"comment_status":"closed","ping_status":"open","sticky":true,"template":"","format":"standard","meta":{"_coblocks_attr":"","_coblocks_dimensions":"","_coblocks_responsive_height":"","_coblocks_accordion_ie_support":"","_crdt_document":"","advanced_seo_description":"","jetpack_seo_html_title":"","jetpack_seo_noindex":false,"_jetpack_memberships_contains_paid_content":false,"footnotes":"","jetpack_publicize_message":"","jetpack_publicize_feature_enabled":true,"jetpack_social_post_already_shared":true,"jetpack_social_options":{"image_generator_settings":{"template":"highway","default_image_id":0,"font":"","enabled":false},"version":2},"_wpas_customize_per_network":false},"categories":[1],"tags":[],"class_list":["post-12164","post","type-post","status-publish","format-standard","has-post-thumbnail","hentry","category-taiyo"],"jetpack_publicize_connections":[],"jetpack_featured_media_url":"https:\/\/i0.wp.com\/taiyo.fi\/wp-content\/uploads\/2023\/03\/Sara-Koiranan-Aanesta_nettisivut.png?fit=1640%2C924&ssl=1","jetpack_sharing_enabled":true,"jetpack_shortlink":"https:\/\/wp.me\/p2w00X-3ac","jetpack_likes_enabled":true,"amp_enabled":true,"_links":{"self":[{"href":"https:\/\/taiyo.fi\/sv\/wp-json\/wp\/v2\/posts\/12164","targetHints":{"allow":["GET"]}}],"collection":[{"href":"https:\/\/taiyo.fi\/sv\/wp-json\/wp\/v2\/posts"}],"about":[{"href":"https:\/\/taiyo.fi\/sv\/wp-json\/wp\/v2\/types\/post"}],"author":[{"embeddable":true,"href":"https:\/\/taiyo.fi\/sv\/wp-json\/wp\/v2\/users\/13"}],"replies":[{"embeddable":true,"href":"https:\/\/taiyo.fi\/sv\/wp-json\/wp\/v2\/comments?post=12164"}],"version-history":[{"count":3,"href":"https:\/\/taiyo.fi\/sv\/wp-json\/wp\/v2\/posts\/12164\/revisions"}],"predecessor-version":[{"id":12169,"href":"https:\/\/taiyo.fi\/sv\/wp-json\/wp\/v2\/posts\/12164\/revisions\/12169"}],"wp:featuredmedia":[{"embeddable":true,"href":"https:\/\/taiyo.fi\/sv\/wp-json\/wp\/v2\/media\/12166"}],"wp:attachment":[{"href":"https:\/\/taiyo.fi\/sv\/wp-json\/wp\/v2\/media?parent=12164"}],"wp:term":[{"taxonomy":"category","embeddable":true,"href":"https:\/\/taiyo.fi\/sv\/wp-json\/wp\/v2\/categories?post=12164"},{"taxonomy":"post_tag","embeddable":true,"href":"https:\/\/taiyo.fi\/sv\/wp-json\/wp\/v2\/tags?post=12164"}],"curies":[{"name":"wp","href":"https:\/\/api.w.org\/{rel}","templated":true}]}}