{"id":11132,"date":"2022-05-03T10:26:39","date_gmt":"2022-05-03T08:26:39","guid":{"rendered":"https:\/\/taiyo.fi\/?p=11132"},"modified":"2022-06-14T15:44:23","modified_gmt":"2022-06-14T13:44:23","slug":"taideyliopiston-ylioppilaskunta-hakee-taide-ja-kulttuuripolitiikan-asiantuntijaa","status":"publish","type":"post","link":"https:\/\/taiyo.fi\/sv\/2022\/05\/03\/taideyliopiston-ylioppilaskunta-hakee-taide-ja-kulttuuripolitiikan-asiantuntijaa\/","title":{"rendered":"Taideyliopiston ylioppilaskunta hakee taide- ja kulttuuripolitiikan asiantuntijaa"},"content":{"rendered":"<p class=\"wp-block-paragraph\">Taide ja kulttuuri ovat keskeinen osa ihmisen el\u00e4m\u00e4\u00e4, korvaamaton keino itsens\u00e4 ja ymp\u00e4r\u00f6iv\u00e4n maailman hahmottamiseen sek\u00e4 yhteis\u00f6llisyytt\u00e4, vuoropuhelua ja kriittisyytt\u00e4 edist\u00e4v\u00e4 voima. Samalla taide ja kulttuuri tarvitsevat entist\u00e4 rohkeampaa puolustamista aikamme yhteiskunnallisessa keskustelussa ja vuoden p\u00e4\u00e4st\u00e4 k\u00e4yt\u00e4viss\u00e4 eduskuntavaaleissa.&nbsp;<\/p>\n\n\n\n<p class=\"wp-block-paragraph\">Oletko samaa mielt\u00e4? Taideyliopiston ylioppilaskunnassa on nyt haettavana ainutlaatuinen teht\u00e4v\u00e4: <strong>TaiYo hakee taide- ja kulttuuripolittista asiantuntijaa osa-aikaiseen ty\u00f6suhteeseen elokuusta 2022 alkaen.<\/strong> Teht\u00e4v\u00e4 keskittyy eduskuntavaalivaikuttamiseen ja on projektiluontoinen, mink\u00e4 vuoksi ty\u00f6sopimus solmitaan m\u00e4\u00e4r\u00e4aikaisena kes\u00e4kuuhun 2023 asti.<\/p>\n\n\n\n<p class=\"wp-block-paragraph\">Uuden ty\u00f6ntekij\u00e4n vastuulla on ylioppilaskunnan taide- ja kulttuuripoliittisen vaikuttamisty\u00f6n koordinointi erityisesti eduskuntavaaleja 2023 silm\u00e4ll\u00e4 pit\u00e4en. Ty\u00f6h\u00f6n kuuluu kampanjan suunnittelua, toteutuksen koordinointia, p\u00e4\u00e4tt\u00e4j\u00e4- ja sidosryhm\u00e4tapaamisia sek\u00e4 taide- ja kulttuuripolitiikan tulevaisuuden visiointia. Ty\u00f6 sis\u00e4lt\u00e4\u00e4 my\u00f6s paljon viestint\u00e4\u00e4, vaikuttamismateriaalin laatimista ja taustapaperien ja kannanottojen valmistelemista.<\/p>\n\n\n\n<p class=\"wp-block-paragraph\">Pieness\u00e4 organisaatiossa taide- ja kulttuuripoliittinen asiantuntija p\u00e4\u00e4see monipuolisesti osaksi ylioppilaskunnan toimintaa, ja arvostamme monipuolista osaamista. Taide- ja kulttuuripoliittinen asiantuntija ty\u00f6skentelee tiiviiss\u00e4 yhteisty\u00f6ss\u00e4 ylioppilaskunnan hallituksen ja muiden ty\u00f6ntekij\u00f6iden kanssa, ja h\u00e4nen esihenkil\u00f6n\u00e4\u00e4n toimii ylioppilaskunnan p\u00e4\u00e4sihteeri.<\/p>\n\n\n\n<p class=\"wp-block-paragraph\">Toivomme hakijalta\u2026<\/p>\n\n\n\n<ul class=\"wp-block-list\"><li>hyvi\u00e4 yhteisty\u00f6- ja vuorovaikutustaitoja<\/li><li>kokemusta yhteiskunnallisesta vaikuttamisesta<\/li><li>ymm\u00e4rryst\u00e4 Suomen taide- ja kulttuuripolitiikan kent\u00e4st\u00e4<\/li><li>kyky\u00e4 viesti\u00e4 vaikuttamisty\u00f6st\u00e4<\/li><li>kyky\u00e4 itsen\u00e4iseen ty\u00f6skentelyyn, joustavuutta ja luovuutta<\/li><li>korkeakouluopintoja<\/li><\/ul>\n\n\n\n<p class=\"wp-block-paragraph\">Eduksi katsotaan\u2026<\/p>\n\n\n\n<ul class=\"wp-block-list\"><li>kokemus ylioppilaskunta- tai muusta j\u00e4rjest\u00f6toiminnasta<\/li><li>kokemus vapaaehtoisten kanssa ty\u00f6skentelemisest\u00e4<\/li><li>olemassa olevat poliittiset verkostot<\/li><\/ul>\n\n\n\n<p class=\"wp-block-paragraph\">Teht\u00e4v\u00e4 edellytt\u00e4\u00e4 sujuvaa suomen ja hyv\u00e4\u00e4 englannin kielen taitoa, mink\u00e4 lis\u00e4ksi ruotsin kielen taidosta on etua.<\/p>\n\n\n\n<p class=\"wp-block-paragraph\">Tarjoamme taide- ja kulttuuripoliittiselle asiantuntijalle avoimen, luovan ja innostavan ty\u00f6ymp\u00e4rist\u00f6n osana Taideyliopiston ylioppilaskuntaa. Asiantuntijan ty\u00f6 on erinomainen n\u00e4k\u00f6alapaikka koko Suomen taide- ja kulttuuripoliittiselle kent\u00e4lle. Teht\u00e4v\u00e4n ty\u00f6aika on keskim\u00e4\u00e4rin 22,5 h viikossa (60 %) ja sen jakautuminen on sovittavissa joustavasti. Teht\u00e4v\u00e4n peruspalkka on ylioppilaskuntien ty\u00f6ehtosopimuksen pohjalta 1 200,00 \u20ac\/kk, jonka lis\u00e4ksi maksetaan ty\u00f6ehtosopimuksen mukaiset kokemus-, koulutus- ja kehittymislis\u00e4t. P\u00e4\u00e4sihteeri antaa mielell\u00e4\u00e4n lis\u00e4tietoja teht\u00e4v\u00e4n palkkauksesta.<\/p>\n\n\n\n<p class=\"wp-block-paragraph\">Taideyliopiston ylioppilaskunnalle osoitetut hakemukset ansioluetteloineen tulee toimittaa <strong><em>keskiviikkoon 1.6. klo 16<\/em><\/strong> menness\u00e4 osoitteeseen taiyo-paasihteeri@uniarts.fi. Osa hakijoista kutsutaan haastatteluun. Haastatteluihin kutsuttaville ilmoitetaan asiasta perjantaina 3.6. klo 17 menness\u00e4. Haastattelut pidet\u00e4\u00e4n keskiviikkona 8.6. aikav\u00e4lill\u00e4 10\u201317 ja kaikille hakijoille ilmoitetaan valinnasta viimeist\u00e4\u00e4n maanantaina 13.6.<\/p>\n\n\n\n<p class=\"wp-block-paragraph\">Lis\u00e4tietoja teht\u00e4v\u00e4st\u00e4 antaa p\u00e4\u00e4sihteeri Lauri Gr\u00fcnthal s\u00e4hk\u00f6postitse taiyo-paasihteeri@uniarts.fi ja puhelimitse 040 710 4296 arkisin klo 10\u201316.<\/p>\n\n\n\n<p class=\"wp-block-paragraph\">Taideyliopiston ylioppilaskunnan toimintaan voi tutustua tarkemmin osoitteessa <a href=\"https:\/\/taiyo.fi\/sv\/\" rel=\"nofollow\">http:\/\/www.taiyo.fi<\/a>.<\/p>\n\n\n\n<p class=\"wp-block-paragraph\"><em>Olemme syrjinn\u00e4st\u00e4 vapaa ty\u00f6paikka ja pyrimme tarjoamaan yht\u00e4l\u00e4iset mahdollisuudet kaikille. Kannustamme kaikkia sukupuolia ja sukupuoli-identiteettej\u00e4 edustavia ja eri v\u00e4hemmist\u00f6ihin kuuluvia henkil\u00f6it\u00e4 hakemaan riippumatta esimerkiksi hakijan etnisest\u00e4 taustasta, mahdollisesta toimintaesteest\u00e4, uskonnosta tai i\u00e4st\u00e4. Emme k\u00e4yt\u00e4 ty\u00f6hakemuksissa luovutettuja henkil\u00f6tietoja mihink\u00e4\u00e4n muuhun tarkoitukseen, ja hakemukset ja CV:t tuhotaan tietoturvallisesti viimeist\u00e4\u00e4n vuoden kuluttua rekrytointiprosessin p\u00e4\u00e4ttymisest\u00e4.<\/em><\/p>","protected":false},"excerpt":{"rendered":"<p>Taide ja kulttuuri ovat keskeinen osa ihmisen el\u00e4m\u00e4\u00e4, korvaamaton keino itsens\u00e4 ja ymp\u00e4r\u00f6iv\u00e4n maailman hahmottamiseen sek\u00e4 yhteis\u00f6llisyytt\u00e4, vuoropuhelua ja kriittisyytt\u00e4 edist\u00e4v\u00e4 voima. [&hellip;]<\/p>\n","protected":false},"author":13,"featured_media":11133,"comment_status":"closed","ping_status":"open","sticky":false,"template":"","format":"standard","meta":{"_coblocks_attr":"","_coblocks_dimensions":"","_coblocks_responsive_height":"","_coblocks_accordion_ie_support":"","_crdt_document":"","advanced_seo_description":"","jetpack_seo_html_title":"","jetpack_seo_noindex":false,"_jetpack_memberships_contains_paid_content":false,"footnotes":"","jetpack_publicize_message":"","jetpack_publicize_feature_enabled":true,"jetpack_social_post_already_shared":true,"jetpack_social_options":{"image_generator_settings":{"template":"highway","default_image_id":0,"font":"","enabled":false},"version":2},"_wpas_customize_per_network":false},"categories":[1],"tags":[],"class_list":["post-11132","post","type-post","status-publish","format-standard","has-post-thumbnail","hentry","category-taiyo"],"jetpack_publicize_connections":[],"jetpack_featured_media_url":"https:\/\/i0.wp.com\/taiyo.fi\/wp-content\/uploads\/2022\/05\/Mylly.jpg?fit=1080%2C1080&ssl=1","jetpack_sharing_enabled":true,"jetpack_shortlink":"https:\/\/wp.me\/p2w00X-2Ty","jetpack_likes_enabled":true,"amp_enabled":true,"_links":{"self":[{"href":"https:\/\/taiyo.fi\/sv\/wp-json\/wp\/v2\/posts\/11132","targetHints":{"allow":["GET"]}}],"collection":[{"href":"https:\/\/taiyo.fi\/sv\/wp-json\/wp\/v2\/posts"}],"about":[{"href":"https:\/\/taiyo.fi\/sv\/wp-json\/wp\/v2\/types\/post"}],"author":[{"embeddable":true,"href":"https:\/\/taiyo.fi\/sv\/wp-json\/wp\/v2\/users\/13"}],"replies":[{"embeddable":true,"href":"https:\/\/taiyo.fi\/sv\/wp-json\/wp\/v2\/comments?post=11132"}],"version-history":[{"count":4,"href":"https:\/\/taiyo.fi\/sv\/wp-json\/wp\/v2\/posts\/11132\/revisions"}],"predecessor-version":[{"id":11171,"href":"https:\/\/taiyo.fi\/sv\/wp-json\/wp\/v2\/posts\/11132\/revisions\/11171"}],"wp:featuredmedia":[{"embeddable":true,"href":"https:\/\/taiyo.fi\/sv\/wp-json\/wp\/v2\/media\/11133"}],"wp:attachment":[{"href":"https:\/\/taiyo.fi\/sv\/wp-json\/wp\/v2\/media?parent=11132"}],"wp:term":[{"taxonomy":"category","embeddable":true,"href":"https:\/\/taiyo.fi\/sv\/wp-json\/wp\/v2\/categories?post=11132"},{"taxonomy":"post_tag","embeddable":true,"href":"https:\/\/taiyo.fi\/sv\/wp-json\/wp\/v2\/tags?post=11132"}],"curies":[{"name":"wp","href":"https:\/\/api.w.org\/{rel}","templated":true}]}}