{"id":10651,"date":"2021-11-16T13:13:23","date_gmt":"2021-11-16T11:13:23","guid":{"rendered":"https:\/\/taiyo.fi\/?p=10651"},"modified":"2021-12-07T10:51:26","modified_gmt":"2021-12-07T08:51:26","slug":"taiyo-hakee-vapaan-taiteen-tilan-koordinaattoria-2","status":"publish","type":"post","link":"https:\/\/taiyo.fi\/sv\/2021\/11\/16\/taiyo-hakee-vapaan-taiteen-tilan-koordinaattoria-2\/","title":{"rendered":"TaiYo hakee Vapaan taiteen tilan koordinaattoria"},"content":{"rendered":"<p class=\"wp-block-paragraph\"><em>(TaiYo is looking for a new Space for Free Arts Coordinator \u2013 the post requires fluent Finnish skills)<\/em><\/p>\n\n\n\n<p class=\"wp-block-paragraph\"><strong>Taideyliopiston ylioppilaskunta hakee Vapaan taiteen tilan koordinaattoria osa-aikaiseen (60 %) ty\u00f6suhteeseen 1.12.2021 alkaen tai sopimuksen mukaan mahdollisimman pian.<\/strong> Ty\u00f6sopimus solmitaan m\u00e4\u00e4r\u00e4aikaisena 31.12.2022 asti, mutta sopimusta pyrit\u00e4\u00e4n mahdollisuuksien mukaan jatkamaan tilan rahoituksen jatkuessa.<\/p>\n\n\n\n<p class=\"wp-block-paragraph\"><em>Vapaan taiteen tila on Taideyliopiston opiskelijoiden taidetila, joka toimii t\u00e4ll\u00e4 hetkell\u00e4 Katri Valan puiston v\u00e4est\u00f6nsuojassa S\u00f6rn\u00e4isiss\u00e4. Tilan toimintaa py\u00f6ritt\u00e4\u00e4 Taideyliopiston ylioppilaskunta ja sen rahoituksesta vastaa Taideyliopisto. Vuodesta 2013 toiminut Vapaan taiteen tila toimii sateenvarjona ja konkreettisina seinin\u00e4 erilaisille opiskelijoiden taideprojekteille, kuten esityksille, keikoille, galleriatoiminnalle, konserteille, iltamille, workshopeille ja muille kokoontumisille. Perusperiaatteena on, ett\u00e4 tilassa teht\u00e4v\u00e4n taiteen laatua ja sis\u00e4lt\u00f6\u00e4 ei mik\u00e4\u00e4n taidekomitea etuk\u00e4teen arvota.<\/em><\/p>\n\n\n\n<p class=\"wp-block-paragraph\">Vapaan taiteen tilan koordinaattori vastaa tilan k\u00e4yt\u00e4nn\u00f6n toiminnan py\u00f6ritt\u00e4misest\u00e4. P\u00e4\u00e4asiallisia ty\u00f6teht\u00e4vi\u00e4 ovat varausten vastaanottaminen ja hallinta, tilan yleisen kunnon ja kaluston hoitaminen sek\u00e4 niiden k\u00e4yt\u00f6n opastaminen, kulukorvausten maksaminen, ajoittain viestint\u00e4teht\u00e4v\u00e4t eli tilan nettisivujen ja somen p\u00e4ivitys, tapahtumista tiedottamisessa auttaminen sek\u00e4 tilan k\u00e4ytt\u00e4jien ja omistajien kanssa kommunikoiminen. Koordinaattori tekee yhteisty\u00f6t\u00e4 ylioppilaskunnan hallituksen ja muiden ty\u00f6ntekij\u00f6iden kanssa, ja h\u00e4nen esihenkil\u00f6n\u00e4\u00e4n toimii ylioppilaskunnan p\u00e4\u00e4sihteeri.<\/p>\n\n\n\n<p class=\"wp-block-paragraph\">Toivomme hakijalta\u2026<\/p>\n\n\n\n<ul class=\"wp-block-list\"><li>omatoimisuutta ja kyky\u00e4 itsen\u00e4iseen ty\u00f6skentelyyn<\/li><li>hyv\u00e4\u00e4 organisointikyky\u00e4<\/li><li>esitysteknist\u00e4 osaamista eli perustuntemusta \u00e4\u00e4ni-, valo-, kuva- ja ripustustekniikasta<\/li><li>viestinn\u00e4llisi\u00e4 valmiuksia verkkosivujen ja someprofiilien yll\u00e4pitoon<\/li><li>joustavuutta ja luovuutta<\/li><li>t\u00e4sm\u00e4llisyytt\u00e4 ja kyky\u00e4 toteuttaa huolellisesti annettua budjettia<\/li><li>hyvi\u00e4 sosiaalisia taitoja<\/li><\/ul>\n\n\n\n<p class=\"wp-block-paragraph\">Eduksi katsotaan\u2026<\/p>\n\n\n\n<ul class=\"wp-block-list\"><li>kyky ja motivaatio kehitt\u00e4\u00e4 tilan toimintaa ja tiedotusta<\/li><li>tilan ja sen laitteiden huoltoon liittyv\u00e4 osaaminen ja can do -asenne<\/li><li>taide- ja kulttuurialan tuntemus ja\/tai opinnot<\/li><\/ul>\n\n\n\n<p class=\"wp-block-paragraph\">Teht\u00e4v\u00e4 edellytt\u00e4\u00e4 sujuvaa suomen ja englannin kielen taitoa, mink\u00e4 lis\u00e4ksi ruotsin kielen taidosta on etua.<\/p>\n\n\n\n<p class=\"wp-block-paragraph\">Vapaan taiteen tilan koordinaattorin ty\u00f6aika on keskim\u00e4\u00e4rin 22,5 h viikossa (60 %) ja sen jakautuminen on sovittavissa joustavasti. Teht\u00e4v\u00e4 sis\u00e4lt\u00e4\u00e4 my\u00f6s ajoittaisia ilta- ja viikonlopput\u00f6it\u00e4. Teht\u00e4v\u00e4n peruspalkka on ylioppilaskuntien ty\u00f6ehtosopimuksen pohjalta 1 020,00 \u20ac\/kk, jonka lis\u00e4ksi maksetaan ty\u00f6ehtosopimuksen mukaiset kokemus-, koulutus- ja kehittymislis\u00e4t. P\u00e4\u00e4sihteeri antaa mielell\u00e4\u00e4n lis\u00e4tietoja teht\u00e4v\u00e4n palkkauksesta.<\/p>\n\n\n\n<p class=\"wp-block-paragraph\">Taideyliopiston ylioppilaskunnalle osoitetut vapaamuotoiset hakemukset ansioluetteloineen tulee toimittaa <strong><em>perjantaihin 26.11. klo 10<\/em><\/strong> menness\u00e4 osoitteeseen taiyo-paasihteeri@uniarts.fi. Osa hakijoista kutsutaan haastatteluun. Haastatteluihin kutsuttaville ilmoitetaan asiasta perjantaina 26.11. klo 17 menness\u00e4. Haastattelut pidet\u00e4\u00e4n maanantaina 29.11. Aikav\u00e4lill\u00e4 9.30\u201312. Kaikille hakijoille ilmoitetaan valinnasta maanantaina 29.11. Klo 18 menness\u00e4.<\/p>\n\n\n\n<p class=\"wp-block-paragraph\">Mer information:<\/p>\n\n\n\n<ul class=\"wp-block-list\"><li>Taideyliopiston ylioppilaskunnan p\u00e4\u00e4sihteeri Lauri Gr\u00fcnthal, puh. 040 710 4296, taiyo-paasihteeri@uniarts.fi<\/li><li>Vapaan taiteen tilan ty\u00f6ntekij\u00e4 Teppo Vesikukka, puh. 040 710 4227, info@vapaantaiteentila.fi<\/li><li><a href=\"http:\/\/www.vapaantaiteentila.fi\/\">www.vapaantaiteentila.fi<\/a><\/li><\/ul>\n\n\n\n<p class=\"wp-block-paragraph\">Taideyliopiston ylioppilaskunta (TaiYo) on noin 1700 taideopiskelijan julkisoikeudellinen yhteis\u00f6, joka toimii Taideyliopiston opiskelijoiden etu- ja palveluj\u00e4rjest\u00f6n\u00e4. Taideyliopiston ylioppilaskunnan toimintaan voi tutustua tarkemmin osoitteessa <a href=\"https:\/\/taiyo.fi\/sv\/\" rel=\"nofollow\">http:\/\/www.taiyo.fi<\/a>.<\/p>\n\n\n\n<p class=\"wp-block-paragraph\"><em>Olemme syrjinn\u00e4st\u00e4 vapaa ty\u00f6paikka ja pyrimme tarjoamaan yht\u00e4l\u00e4iset mahdollisuudet kaikille. Kannustamme kaikkia sukupuolia ja sukupuoli-identiteettej\u00e4 edustavia ja eri v\u00e4hemmist\u00f6ihin kuuluvia henkil\u00f6it\u00e4 hakemaan riippumatta esimerkiksi hakijan etnisest\u00e4 taustasta, mahdollisesta toimintaesteest\u00e4, uskonnosta tai i\u00e4st\u00e4. Emme k\u00e4yt\u00e4 ty\u00f6hakemuksissa luovutettuja henkil\u00f6tietoja mihink\u00e4\u00e4n muuhun tarkoitukseen, ja hakemukset ja CV:t tuhotaan tietoturvallisesti viimeist\u00e4\u00e4n vuoden kuluttua rekrytointiprosessin p\u00e4\u00e4ttymisest\u00e4.<\/em><\/p>","protected":false},"excerpt":{"rendered":"<p>(TaiYo is looking for a new Space for Free Arts Coordinator \u2013 the post requires fluent Finnish skills) Taideyliopiston ylioppilaskunta hakee Vapaan [&hellip;]<\/p>\n","protected":false},"author":13,"featured_media":10653,"comment_status":"closed","ping_status":"open","sticky":false,"template":"","format":"standard","meta":{"_coblocks_attr":"","_coblocks_dimensions":"","_coblocks_responsive_height":"","_coblocks_accordion_ie_support":"","_crdt_document":"","advanced_seo_description":"","jetpack_seo_html_title":"","jetpack_seo_noindex":false,"_jetpack_memberships_contains_paid_content":false,"footnotes":"","jetpack_publicize_message":"","jetpack_publicize_feature_enabled":true,"jetpack_social_post_already_shared":false,"jetpack_social_options":{"image_generator_settings":{"template":"highway","default_image_id":0,"font":"","enabled":false},"version":2},"_wpas_customize_per_network":false},"categories":[1],"tags":[],"class_list":["post-10651","post","type-post","status-publish","format-standard","has-post-thumbnail","hentry","category-taiyo"],"jetpack_publicize_connections":[],"jetpack_featured_media_url":"https:\/\/i0.wp.com\/taiyo.fi\/wp-content\/uploads\/2021\/11\/Vapaan-taiteen-tila.png?fit=1103%2C1035&ssl=1","jetpack_sharing_enabled":true,"jetpack_shortlink":"https:\/\/wp.me\/p2w00X-2LN","jetpack_likes_enabled":true,"amp_enabled":true,"_links":{"self":[{"href":"https:\/\/taiyo.fi\/sv\/wp-json\/wp\/v2\/posts\/10651","targetHints":{"allow":["GET"]}}],"collection":[{"href":"https:\/\/taiyo.fi\/sv\/wp-json\/wp\/v2\/posts"}],"about":[{"href":"https:\/\/taiyo.fi\/sv\/wp-json\/wp\/v2\/types\/post"}],"author":[{"embeddable":true,"href":"https:\/\/taiyo.fi\/sv\/wp-json\/wp\/v2\/users\/13"}],"replies":[{"embeddable":true,"href":"https:\/\/taiyo.fi\/sv\/wp-json\/wp\/v2\/comments?post=10651"}],"version-history":[{"count":2,"href":"https:\/\/taiyo.fi\/sv\/wp-json\/wp\/v2\/posts\/10651\/revisions"}],"predecessor-version":[{"id":10654,"href":"https:\/\/taiyo.fi\/sv\/wp-json\/wp\/v2\/posts\/10651\/revisions\/10654"}],"wp:featuredmedia":[{"embeddable":true,"href":"https:\/\/taiyo.fi\/sv\/wp-json\/wp\/v2\/media\/10653"}],"wp:attachment":[{"href":"https:\/\/taiyo.fi\/sv\/wp-json\/wp\/v2\/media?parent=10651"}],"wp:term":[{"taxonomy":"category","embeddable":true,"href":"https:\/\/taiyo.fi\/sv\/wp-json\/wp\/v2\/categories?post=10651"},{"taxonomy":"post_tag","embeddable":true,"href":"https:\/\/taiyo.fi\/sv\/wp-json\/wp\/v2\/tags?post=10651"}],"curies":[{"name":"wp","href":"https:\/\/api.w.org\/{rel}","templated":true}]}}