{"id":10592,"date":"2021-11-01T12:28:29","date_gmt":"2021-11-01T10:28:29","guid":{"rendered":"https:\/\/taiyo.fi\/?p=10592"},"modified":"2021-11-16T13:07:19","modified_gmt":"2021-11-16T11:07:19","slug":"kestavyysviikko","status":"publish","type":"post","link":"https:\/\/taiyo.fi\/sv\/2021\/11\/01\/kestavyysviikko\/","title":{"rendered":"TaiYo:n kest\u00e4vyysviikko 8.\u201312.11."},"content":{"rendered":"<figure class=\"wp-block-image size-large\"><a href=\"https:\/\/i0.wp.com\/taiyo.fi\/wp-content\/uploads\/2021\/11\/kekeviikko-banneri-nettisivu-1560x1040-1-e1632993015520.png?ssl=1\"><img data-recalc-dims=\"1\" loading=\"lazy\" decoding=\"async\" width=\"700\" height=\"467\" data-attachment-id=\"10593\" data-permalink=\"https:\/\/taiyo.fi\/sv\/2021\/11\/01\/kestavyysviikko\/kekeviikko-banneri-nettisivu-1560x1040-1-e1632993015520\/\" data-orig-file=\"https:\/\/i0.wp.com\/taiyo.fi\/wp-content\/uploads\/2021\/11\/kekeviikko-banneri-nettisivu-1560x1040-1-e1632993015520.png?fit=3250%2C2167&amp;ssl=1\" data-orig-size=\"3250,2167\" data-comments-opened=\"0\" data-image-meta=\"{&quot;aperture&quot;:&quot;0&quot;,&quot;credit&quot;:&quot;&quot;,&quot;camera&quot;:&quot;&quot;,&quot;caption&quot;:&quot;&quot;,&quot;created_timestamp&quot;:&quot;0&quot;,&quot;copyright&quot;:&quot;&quot;,&quot;focal_length&quot;:&quot;0&quot;,&quot;iso&quot;:&quot;0&quot;,&quot;shutter_speed&quot;:&quot;0&quot;,&quot;title&quot;:&quot;&quot;,&quot;orientation&quot;:&quot;0&quot;}\" data-image-title=\"kekeviikko-banneri-nettisivu-1560&amp;#215;1040-1-e1632993015520\" data-image-description=\"\" data-image-caption=\"\" data-large-file=\"https:\/\/i0.wp.com\/taiyo.fi\/wp-content\/uploads\/2021\/11\/kekeviikko-banneri-nettisivu-1560x1040-1-e1632993015520.png?fit=700%2C467&amp;ssl=1\" src=\"https:\/\/i0.wp.com\/taiyo.fi\/wp-content\/uploads\/2021\/11\/kekeviikko-banneri-nettisivu-1560x1040-1-e1632993015520-700x467.png?resize=700%2C467&#038;ssl=1\" alt=\"\" class=\"wp-image-10593\" srcset=\"https:\/\/i0.wp.com\/taiyo.fi\/wp-content\/uploads\/2021\/11\/kekeviikko-banneri-nettisivu-1560x1040-1-e1632993015520.png?resize=700%2C467&amp;ssl=1 700w, https:\/\/i0.wp.com\/taiyo.fi\/wp-content\/uploads\/2021\/11\/kekeviikko-banneri-nettisivu-1560x1040-1-e1632993015520.png?resize=300%2C200&amp;ssl=1 300w, https:\/\/i0.wp.com\/taiyo.fi\/wp-content\/uploads\/2021\/11\/kekeviikko-banneri-nettisivu-1560x1040-1-e1632993015520.png?resize=768%2C512&amp;ssl=1 768w, https:\/\/i0.wp.com\/taiyo.fi\/wp-content\/uploads\/2021\/11\/kekeviikko-banneri-nettisivu-1560x1040-1-e1632993015520.png?resize=1536%2C1024&amp;ssl=1 1536w, https:\/\/i0.wp.com\/taiyo.fi\/wp-content\/uploads\/2021\/11\/kekeviikko-banneri-nettisivu-1560x1040-1-e1632993015520.png?resize=2048%2C1366&amp;ssl=1 2048w, https:\/\/i0.wp.com\/taiyo.fi\/wp-content\/uploads\/2021\/11\/kekeviikko-banneri-nettisivu-1560x1040-1-e1632993015520.png?resize=18%2C12&amp;ssl=1 18w, https:\/\/i0.wp.com\/taiyo.fi\/wp-content\/uploads\/2021\/11\/kekeviikko-banneri-nettisivu-1560x1040-1-e1632993015520.png?resize=2000%2C1334&amp;ssl=1 2000w, https:\/\/i0.wp.com\/taiyo.fi\/wp-content\/uploads\/2021\/11\/kekeviikko-banneri-nettisivu-1560x1040-1-e1632993015520.png?resize=375%2C250&amp;ssl=1 375w, https:\/\/i0.wp.com\/taiyo.fi\/wp-content\/uploads\/2021\/11\/kekeviikko-banneri-nettisivu-1560x1040-1-e1632993015520.png?resize=1600%2C1067&amp;ssl=1 1600w, https:\/\/i0.wp.com\/taiyo.fi\/wp-content\/uploads\/2021\/11\/kekeviikko-banneri-nettisivu-1560x1040-1-e1632993015520.png?w=2340&amp;ssl=1 2340w\" sizes=\"auto, (max-width: 700px) 100vw, 700px\" \/><\/a><figcaption>TaiYo:n kest\u00e4vyysviikkoa vietet\u00e4\u00e4n 8.\u201312.11. Kest\u00e4vyysviikko on osa SYL:n ja 7 muun ylioppilaskunnan kanssa toteutettavaa Kest\u00e4vyys kannattaa, kannata kest\u00e4vyytt\u00e4 -hanketta.<\/figcaption><\/figure>\n\n\n\n<p class=\"wp-block-paragraph\">Hanke haastaa opiskelijat pohtimaan kulutustottumustemme vaikutuksia ja tekee tutuksi YK:n kest\u00e4v\u00e4n kehityksen tavoitteita. Hanke tutustuttaa opiskelijat erityisesti tavoitteeseen numero 12, joka keskittyy kulutus- ja tuotantotapojen kest\u00e4vyyteen sek\u00e4 vastuulliseen kuluttamiseen. Osana hanketta kaikissa ylioppilaskunnissa j\u00e4rjestet\u00e4\u00e4n syys-marraskuussa 2021 ja 2022 vastuulliseen kuluttamiseen liittyvi\u00e4 tapahtumia ja koulutuksia, jotka k\u00e4sittelev\u00e4t muun muassa vaate- ja elektroniikkateollisuuden vastuullisuutta. Tapahtumia j\u00e4rjestet\u00e4\u00e4n yhteisty\u00f6ss\u00e4 Reilun kaupan ja Eettisen kaupan puolesta ry:n kanssa. TaiYo:n tapahtumat n\u00e4et alla.<\/p>\n\n\n\n<p class=\"wp-block-paragraph\">Hankkeelle on my\u00f6nnetty Suomen ulkoministeri\u00f6n viestint\u00e4- ja globaalikasvatustukea.<\/p>\n\n\n\n<p class=\"wp-block-paragraph\"><\/p>\n\n\n\n<p class=\"has-medium-font-size wp-block-paragraph\"><strong>TaiYo:n kest\u00e4vyysviikon tapahtumat<\/strong><\/p>\n\n\n\n<p class=\"wp-block-paragraph\"><strong>Vaatetusalan eettiset ja ekologiset ongelmat -ty\u00f6paja 9.11. klo 15\u201317<br>Zoom<br>Ilmoittaudu mukaan klikkaamalla&nbsp;<a href=\"https:\/\/docs.google.com\/forms\/d\/e\/1FAIpQLScVKgeqCJ9bK4XLG77fMAVSNbagjfr24SVzCQKrmN61n0rTmg\/viewform\"><em>t\u00e4t\u00e4 linkki\u00e4 (aukeaa uuteen ikkunaan).<\/em><\/a><\/strong><\/p>\n\n\n\n<p class=\"wp-block-paragraph\">Pitk\u00e4t ty\u00f6p\u00e4iv\u00e4t, vaaralliset ty\u00f6olot ja liian pienet palkat ovat vaatetehtaissa arkip\u00e4iv\u00e4\u00e4. Ostosreissulla ei v\u00e4ltt\u00e4m\u00e4tt\u00e4 tule ajatelleeksi, miten paljon ongelmia vaatteiden tuotantoketjuun liittyy sek\u00e4 ihmisoikeuksien ett\u00e4 kest\u00e4v\u00e4n kehityksen n\u00e4k\u00f6kulmasta. Ty\u00f6pajassa k\u00e4yd\u00e4\u00e4n l\u00e4pi vaateteollisuuden ymp\u00e4rist\u00f6vaikutuksia sek\u00e4 eettisi\u00e4 ongelmia ja tutustutaan vastuulliseen kuluttamiseen sek\u00e4 tekstiilien kierr\u00e4tykseen. Teemoihin pureudutaan k\u00e4yt\u00e4nn\u00f6n esimerkkien ja teht\u00e4vien sek\u00e4 tuoreen tutkimustiedon kautta vestonomi ja aikuiskouluttaja Pipsa Niemen johdolla. Vaatetusalan eettiset ja ekologiset ongelmat -ty\u00f6paja innostaa opiskelijoita tekem\u00e4\u00e4n vastuullisempia kulutusp\u00e4\u00e4t\u00f6ksi\u00e4 ja kannustaa kriittiseen ajatteluun. Ty\u00f6paja on kaikille avoin ja maksuton.<\/p>\n\n\n\n<p class=\"wp-block-paragraph\"><strong>Taideyliopiston ekokahvit 11.11. klo 15\u201315.50<\/strong><br>Lis\u00e4tietoa uniarts-s\u00e4hk\u00f6postiin saapuneessa kalenterikutsussa<\/p>\n\n\n\n<p class=\"wp-block-paragraph\"><strong>Eettisen l\u00e4pp\u00e4rin j\u00e4ljill\u00e4 -elokuvan\u00e4yt\u00f6s ja keskustelutilaisuus 11.11. kello 18\u201320<br>Zoom<br>Ilmoittaudu mukaan klikkaamalla&nbsp;<a href=\"https:\/\/docs.google.com\/forms\/d\/e\/1FAIpQLSfuq1okPv5cchJHMBxx6P1XsaEfDEUHzwpgk03t-0ut61QY5g\/viewform\"><em>t\u00e4t\u00e4 linkki\u00e4 (aukeaa uuteen ikkunaan).<\/em><\/a><\/strong><\/p>\n\n\n\n<p class=\"wp-block-paragraph\">Tietokone ja puhelin helpottavat el\u00e4m\u00e4\u00e4mme monella tapaa, mutta niiden valmistamiseen liittyy monia ihmisoikeus- ja ymp\u00e4rist\u00f6ongelmia. Elektroniikkatuotannon eettiset ep\u00e4kohdat liittyv\u00e4t niin Kongon lapsity\u00f6voimaan kuin elektroniikkatehtaiden vaarallisiin ty\u00f6oloihin. Miss\u00e4 on elektroniikkateollisuuden eettinen l\u00e4pp\u00e4ri? Miksi sellaista ei ole olemassa? Eettisen l\u00e4pp\u00e4rin j\u00e4ljill\u00e4 -dokumenttielokuva kertoo suomalaisen ihmisoikeusaktivisti Anna H\u00e4rrin yrityksest\u00e4 mullistaa elektroniikkateollisuuteen liittyv\u00e4t ihmisoikeusrikkomukset ja ymp\u00e4rist\u00f6haasteet. H\u00e4rri on p\u00e4\u00e4tt\u00e4nyt rakentaa eettisen l\u00e4pp\u00e4rin. H\u00e4rri ei kaihda haasteita, vaan matkustaa rohkeasti eettisten mineraalien ja elektroniikan per\u00e4ss\u00e4 niin Etel\u00e4-Kongon kobolttikaivoksille kuin Sotkamon Talvivaaraan. Elokuvan j\u00e4lkeen keskustellaan asiantuntijoiden johdolla globaalista elektroniikkatuotannosta ja siit\u00e4, mit\u00e4 me kaikki voimme edist\u00e4\u00e4 eettisemm\u00e4n elektroniikan k\u00e4ytt\u00f6\u00e4. Tilaisuus on kaikille avoin ja maksuton.<\/p>","protected":false},"excerpt":{"rendered":"<p>Hanke haastaa opiskelijat pohtimaan kulutustottumustemme vaikutuksia ja tekee tutuksi YK:n kest\u00e4v\u00e4n kehityksen tavoitteita. Hanke tutustuttaa opiskelijat erityisesti tavoitteeseen numero 12, joka keskittyy [&hellip;]<\/p>\n","protected":false},"author":13,"featured_media":0,"comment_status":"closed","ping_status":"open","sticky":false,"template":"","format":"standard","meta":{"_coblocks_attr":"","_coblocks_dimensions":"","_coblocks_responsive_height":"","_coblocks_accordion_ie_support":"","_crdt_document":"","advanced_seo_description":"","jetpack_seo_html_title":"","jetpack_seo_noindex":false,"_jetpack_memberships_contains_paid_content":false,"footnotes":"","jetpack_publicize_message":"","jetpack_publicize_feature_enabled":true,"jetpack_social_post_already_shared":false,"jetpack_social_options":{"image_generator_settings":{"template":"highway","default_image_id":0,"font":"","enabled":false},"version":2},"_wpas_customize_per_network":false},"categories":[1],"tags":[143981783],"class_list":["post-10592","post","type-post","status-publish","format-standard","hentry","category-taiyo","tag-featured"],"jetpack_publicize_connections":[],"jetpack_featured_media_url":"","jetpack_sharing_enabled":true,"jetpack_shortlink":"https:\/\/wp.me\/p2w00X-2KQ","jetpack_likes_enabled":true,"amp_enabled":true,"_links":{"self":[{"href":"https:\/\/taiyo.fi\/sv\/wp-json\/wp\/v2\/posts\/10592","targetHints":{"allow":["GET"]}}],"collection":[{"href":"https:\/\/taiyo.fi\/sv\/wp-json\/wp\/v2\/posts"}],"about":[{"href":"https:\/\/taiyo.fi\/sv\/wp-json\/wp\/v2\/types\/post"}],"author":[{"embeddable":true,"href":"https:\/\/taiyo.fi\/sv\/wp-json\/wp\/v2\/users\/13"}],"replies":[{"embeddable":true,"href":"https:\/\/taiyo.fi\/sv\/wp-json\/wp\/v2\/comments?post=10592"}],"version-history":[{"count":7,"href":"https:\/\/taiyo.fi\/sv\/wp-json\/wp\/v2\/posts\/10592\/revisions"}],"predecessor-version":[{"id":10601,"href":"https:\/\/taiyo.fi\/sv\/wp-json\/wp\/v2\/posts\/10592\/revisions\/10601"}],"wp:attachment":[{"href":"https:\/\/taiyo.fi\/sv\/wp-json\/wp\/v2\/media?parent=10592"}],"wp:term":[{"taxonomy":"category","embeddable":true,"href":"https:\/\/taiyo.fi\/sv\/wp-json\/wp\/v2\/categories?post=10592"},{"taxonomy":"post_tag","embeddable":true,"href":"https:\/\/taiyo.fi\/sv\/wp-json\/wp\/v2\/tags?post=10592"}],"curies":[{"name":"wp","href":"https:\/\/api.w.org\/{rel}","templated":true}]}}