{"id":1032,"date":"2013-04-19T14:16:15","date_gmt":"2013-04-19T12:16:15","guid":{"rendered":"http:\/\/taiyo.fi\/?p=1032"},"modified":"2013-04-19T14:26:09","modified_gmt":"2013-04-19T12:26:09","slug":"taiyon-uuden-alun-kevatbileet-ovat-taalla-20-4","status":"publish","type":"post","link":"https:\/\/taiyo.fi\/sv\/2013\/04\/19\/taiyon-uuden-alun-kevatbileet-ovat-taalla-20-4\/","title":{"rendered":"TaiYo:n Uuden alun kev\u00e4tbileet ovat t\u00e4\u00e4ll\u00e4 20.4.!"},"content":{"rendered":"<p>UUDEN ALUN KEV\u00c4TBILEET LAUANTAINA 20.4.<\/p>\n<p>Lauantaina on vuorossa t\u00e4m\u00e4n kev\u00e4\u00e4n mahtavimmat bileet! TaiYo juhlistaa ensimm\u00e4ist\u00e4 vuosip\u00e4iv\u00e4\u00e4ns\u00e4 20.4. klo 21 alkaen. Silloin TeaKin Tori t\u00e4yttyy valosta, taiteesta ja mielett\u00f6m\u00e4n hyv\u00e4st\u00e4 meiningist\u00e4!<\/p>\n<p>Ohjelmassa on luvassa rutkasti tanssilattiaa kuumentavaa musiikkia, hilpe\u00e4t\u00e4 seuraa ja muuten vain parasta bilemeininki\u00e4. Tule sin\u00e4kin juhlistamaan orastavaa kev\u00e4tt\u00e4 ja Uutta alkua! Torilla on tilaa ja valoa \u2013 kaikki ylioppilaskunnan j\u00e4senet ovat l\u00e4mpim\u00e4sti tervetulleita! Sis\u00e4\u00e4np\u00e4\u00e4sy 2 e sis\u00e4lt\u00e4\u00e4 narikan. Asu vapaa, kev\u00e4inen.<\/p>\n<p>Kev\u00e4tbileet Facebookissa: <a href=\"\/sv\/www.facebook.com\/#!\/events\/353795548053574\/\">www.facebook.com\/#!\/events\/353795548053574\/<\/a><\/p>\n<p>&#8212;<\/p>\n<p>KONST:S V\u00c5RFEST NU P\u00c5 L\u00d6RDAG 20.4.<\/p>\n<p>V\u00e5ren \u00e4r h\u00e4r! Och s\u00e5 \u00e4r ocks\u00e5 Konstuniversitetets studentk\u00e5r som firar \u00e5rsdag och den f\u00f6rsta v\u00e5ren med en v\u00e5rfest p\u00e5 Tori i TeaK.<\/p>\n<p>Fr.o.m. l\u00f6rdag 20.4. kl 21 fylls Tori med ljus och konst. I b\u00f6rjan av kv\u00e4llen f\u00f6revisar studeranden fr\u00e5n de tre akademierna sin egen konst och senare v\u00e4rms dansgolvet upp med hj\u00e4lp av b\u00e4nd och dj:n.<\/p>\n<p>Tori erbjuder b\u00e5de utrymme och ljus \u2013 alla medlemmar i studentk\u00e5ren \u00e4r hj\u00e4rtligt v\u00e4lkomna! Intr\u00e4de 2 e, inneh\u00e5ller garderobsavgift. Kl\u00e4dseln \u00e4r fri, v\u00e5rig.<\/p>\n<p>V\u00e5rfesten p\u00e5 Facebook: <a href=\"\/sv\/www.facebook.com\/#!\/events\/353795548053574\/\">www.facebook.com\/#!\/events\/353795548053574\/<\/a><\/p>\n<p>&#8212;<\/p>\n<p>ARTSU SPRING PARTY THIS SATURDAY 20.4.<\/p>\n<p>The Spring is here! And so is the University of the Arts Student Union who is celebrating its anniversary together with the first spring with a spring party at Tori in TeaK.<\/p>\n<p>Saturday 20th April Tori is filled with light and art. The evening starts with the art of the students of all academies and continues to heat up with bands and dj:s.<\/p>\n<p>All the members of the student union are warmly welcome to fill Tori! Entrance 2 e, including the cloakroom fee. Dress code is free, with a hint of spring.<\/p>\n<p>The Spring Party on Facebook: <a href=\"\/sv\/www.facebook.com\/#!\/events\/353795548053574\/\">www.facebook.com\/#!\/events\/353795548053574\/<\/a><\/p>","protected":false},"excerpt":{"rendered":"<p>UUDEN ALUN KEV\u00c4TBILEET LAUANTAINA 20.4. Lauantaina on vuorossa t\u00e4m\u00e4n kev\u00e4\u00e4n mahtavimmat bileet! TaiYo juhlistaa ensimm\u00e4ist\u00e4 vuosip\u00e4iv\u00e4\u00e4ns\u00e4 20.4. klo 21 alkaen. Silloin TeaKin [&hellip;]<\/p>\n","protected":false},"author":13,"featured_media":1033,"comment_status":"open","ping_status":"open","sticky":false,"template":"","format":"standard","meta":{"_coblocks_attr":"","_coblocks_dimensions":"","_coblocks_responsive_height":"","_coblocks_accordion_ie_support":"","_crdt_document":"","advanced_seo_description":"","jetpack_seo_html_title":"","jetpack_seo_noindex":false,"_jetpack_memberships_contains_paid_content":false,"footnotes":"","jetpack_publicize_message":"","jetpack_publicize_feature_enabled":true,"jetpack_social_post_already_shared":false,"jetpack_social_options":{"image_generator_settings":{"template":"highway","default_image_id":0,"font":"","enabled":false},"version":2},"_wpas_customize_per_network":false},"categories":[1],"tags":[],"class_list":["post-1032","post","type-post","status-publish","format-standard","has-post-thumbnail","hentry","category-taiyo"],"jetpack_publicize_connections":[],"jetpack_featured_media_url":"https:\/\/i0.wp.com\/taiyo.fi\/wp-content\/uploads\/2013\/04\/uusialku.jpg?fit=509%2C720&ssl=1","jetpack_sharing_enabled":true,"jetpack_shortlink":"https:\/\/wp.me\/p2w00X-gE","jetpack_likes_enabled":true,"amp_enabled":true,"_links":{"self":[{"href":"https:\/\/taiyo.fi\/sv\/wp-json\/wp\/v2\/posts\/1032","targetHints":{"allow":["GET"]}}],"collection":[{"href":"https:\/\/taiyo.fi\/sv\/wp-json\/wp\/v2\/posts"}],"about":[{"href":"https:\/\/taiyo.fi\/sv\/wp-json\/wp\/v2\/types\/post"}],"author":[{"embeddable":true,"href":"https:\/\/taiyo.fi\/sv\/wp-json\/wp\/v2\/users\/13"}],"replies":[{"embeddable":true,"href":"https:\/\/taiyo.fi\/sv\/wp-json\/wp\/v2\/comments?post=1032"}],"version-history":[{"count":3,"href":"https:\/\/taiyo.fi\/sv\/wp-json\/wp\/v2\/posts\/1032\/revisions"}],"predecessor-version":[{"id":1036,"href":"https:\/\/taiyo.fi\/sv\/wp-json\/wp\/v2\/posts\/1032\/revisions\/1036"}],"wp:featuredmedia":[{"embeddable":true,"href":"https:\/\/taiyo.fi\/sv\/wp-json\/wp\/v2\/media\/1033"}],"wp:attachment":[{"href":"https:\/\/taiyo.fi\/sv\/wp-json\/wp\/v2\/media?parent=1032"}],"wp:term":[{"taxonomy":"category","embeddable":true,"href":"https:\/\/taiyo.fi\/sv\/wp-json\/wp\/v2\/categories?post=1032"},{"taxonomy":"post_tag","embeddable":true,"href":"https:\/\/taiyo.fi\/sv\/wp-json\/wp\/v2\/tags?post=1032"}],"curies":[{"name":"wp","href":"https:\/\/api.w.org\/{rel}","templated":true}]}}