{"id":9436,"date":"2021-03-26T14:40:09","date_gmt":"2021-03-26T12:40:09","guid":{"rendered":"https:\/\/taiyo.fi\/?p=9436"},"modified":"2021-03-26T14:40:09","modified_gmt":"2021-03-26T12:40:09","slug":"lauri-grunthal-valittu-taiyon-paasihteeriksi-lauri-grunthal-elected-as-artsus-secretary-general","status":"publish","type":"post","link":"https:\/\/taiyo.fi\/en\/2021\/03\/26\/lauri-grunthal-valittu-taiyon-paasihteeriksi-lauri-grunthal-elected-as-artsus-secretary-general\/","title":{"rendered":"Lauri Gr\u00fcnthal valittu TaiYo:n p\u00e4\u00e4sihteeriksi \u2013 Lauri Gr\u00fcnthal elected as ArtSU&#8217;s Secretary General"},"content":{"rendered":"<p class=\"wp-block-paragraph\">TaiYo:n edustajisto on valinnut ylioppilaskunnan uudeksi p\u00e4\u00e4sihteeriksi musiikin ja humanististen tieteiden kandidaatti Lauri Gr\u00fcnthalin. H\u00e4n aloittaa perehtymisens\u00e4 teht\u00e4v\u00e4\u00e4n<strong> <\/strong>p\u00e4\u00e4si\u00e4isen j\u00e4lkeen ja alkaa luotsaamaan TaiYo:n toimintaa 26.4. alkaen. Uuden p\u00e4\u00e4sihteerin valinta tuli ajankohtaiseksi, kun TaiYo:n perhevapailla oleva pitk\u00e4aikainen p\u00e4\u00e4sihteeri Ville Sinnem\u00e4ki siirtyi muihin teht\u00e4viin ja h\u00e4nen sijaisensa Jaakko Kalskeen toimikausi p\u00e4\u00e4ttyy sovitusti 25.4.<\/p>\n\n\n\n<p class=\"wp-block-paragraph\">Lauri Gr\u00fcnthal siirtyy TaiYo:on historian ja yhteiskuntaopin opettajan teht\u00e4v\u00e4st\u00e4, ja jatkaa viel\u00e4 keskener\u00e4isi\u00e4 opintojaan ty\u00f6n ohella. Aiempaa kokemusta h\u00e4nell\u00e4 on mm. TaiYo:n hallituksen puheenjohtajan teht\u00e4v\u00e4st\u00e4 vuodelta 2017 sek\u00e4 Helsingin yliopiston ylioppilaskunnan eri vastuuteht\u00e4vist\u00e4.<\/p>\n\n\n\n<p class=\"wp-block-paragraph\">Helsingist\u00e4 kotoisin olevalla Gr\u00fcnthalilla on vahva kokemus Taideyliopiston opiskelijakent\u00e4st\u00e4 eri rooleissa, ja t\u00e4t\u00e4 kautta my\u00f6s hyv\u00e4 k\u00e4sitys ylioppilaskunnan toiminnasta ja yhteis\u00f6st\u00e4.<\/p>\n\n\n\n<p class=\"wp-block-paragraph\">\u201dOn kunnia p\u00e4\u00e4st\u00e4 tekem\u00e4\u00e4n TaiYo:n p\u00e4\u00e4sihteerin\u00e4 t\u00f6it\u00e4 ylioppilaskunnan, opiskelijoiden hyvinvoinnin sek\u00e4 taiteen ja koulutuksen puolesta. Odotan innolla t\u00f6iden alkamista, kaikkea tulevaa ja yhteisty\u00f6t\u00e4 eri tahojen kanssa.\u201d, vastavalittu p\u00e4\u00e4sihteeri Lauri Gr\u00fcnthal kommentoi valintaa.<\/p>\n\n\n\n<h3 class=\"wp-block-heading\"><strong>Lauri Gr\u00fcnthal elected as ArtSU\u2019s Secretary General<\/strong><\/h3>\n\n\n\n<p class=\"wp-block-paragraph\">ArtSU&#8217;s Representative Council has elected Bachelor of Arts in music and history Lauri Gr\u00fcnthal as Secretary General of the Student Union. He will start his orientation period for the position already after Easter and will begin his tasks on April 26. The election of the new Secretary General became topical when the long-time Secretary General Ville Sinnem\u00e4ki was employed elsewhere during his family leave, and his deputy Jaakko Kalske\u2019s term is ending on April 25 as agreed earlier.<\/p>\n\n\n\n<p class=\"wp-block-paragraph\">Lauri Gr\u00fcnthal comes to ArtSU from a teacher\u2019s position and is continuing his studies while working. He has previous experience as the Chair of the Board of ArtSU from 2017 and from various other duties from the Student Union of the University of Helsinki.<\/p>\n\n\n\n<p class=\"wp-block-paragraph\">Originating from Helsinki, Gr\u00fcnthal has strong experience from various positions in Uniarts community and knows the Student Union and its community well.<\/p>\n\n\n\n<p class=\"wp-block-paragraph\">\u201cIt\u2019s an honor to be able to work for the Student Union, the students\u2019 wellbeing and for art and education as the Secretary General of ArtSU. I\u2019m looking forward to beginning working and everything to come and cooperating with different parties.\u201d, comments the newly elected Secretary General Lauri Gr\u00fcnthal on his election.<\/p>","protected":false},"excerpt":{"rendered":"<p>TaiYo:n edustajisto on valinnut ylioppilaskunnan uudeksi p\u00e4\u00e4sihteeriksi musiikin ja humanististen tieteiden kandidaatti Lauri Gr\u00fcnthalin. H\u00e4n aloittaa perehtymisens\u00e4 teht\u00e4v\u00e4\u00e4n p\u00e4\u00e4si\u00e4isen j\u00e4lkeen ja alkaa [&hellip;]<\/p>\n","protected":false},"author":13,"featured_media":9439,"comment_status":"closed","ping_status":"open","sticky":false,"template":"","format":"standard","meta":{"_coblocks_attr":"","_coblocks_dimensions":"","_coblocks_responsive_height":"","_coblocks_accordion_ie_support":"","_crdt_document":"","advanced_seo_description":"","jetpack_seo_html_title":"","jetpack_seo_noindex":false,"_jetpack_memberships_contains_paid_content":false,"footnotes":"","jetpack_publicize_message":"","jetpack_publicize_feature_enabled":true,"jetpack_social_post_already_shared":true,"jetpack_social_options":{"image_generator_settings":{"template":"highway","default_image_id":0,"font":"","enabled":false},"version":2},"_wpas_customize_per_network":false},"categories":[1],"tags":[143981783],"class_list":["post-9436","post","type-post","status-publish","format-standard","has-post-thumbnail","hentry","category-taiyo","tag-featured"],"jetpack_publicize_connections":[],"jetpack_featured_media_url":"https:\/\/i0.wp.com\/taiyo.fi\/wp-content\/uploads\/2021\/03\/Lauri-tiedotuskuva.jpg?fit=5146%2C3887&ssl=1","jetpack_sharing_enabled":true,"jetpack_shortlink":"https:\/\/wp.me\/p2w00X-2sc","jetpack_likes_enabled":true,"amp_enabled":true,"_links":{"self":[{"href":"https:\/\/taiyo.fi\/en\/wp-json\/wp\/v2\/posts\/9436","targetHints":{"allow":["GET"]}}],"collection":[{"href":"https:\/\/taiyo.fi\/en\/wp-json\/wp\/v2\/posts"}],"about":[{"href":"https:\/\/taiyo.fi\/en\/wp-json\/wp\/v2\/types\/post"}],"author":[{"embeddable":true,"href":"https:\/\/taiyo.fi\/en\/wp-json\/wp\/v2\/users\/13"}],"replies":[{"embeddable":true,"href":"https:\/\/taiyo.fi\/en\/wp-json\/wp\/v2\/comments?post=9436"}],"version-history":[{"count":2,"href":"https:\/\/taiyo.fi\/en\/wp-json\/wp\/v2\/posts\/9436\/revisions"}],"predecessor-version":[{"id":9441,"href":"https:\/\/taiyo.fi\/en\/wp-json\/wp\/v2\/posts\/9436\/revisions\/9441"}],"wp:featuredmedia":[{"embeddable":true,"href":"https:\/\/taiyo.fi\/en\/wp-json\/wp\/v2\/media\/9439"}],"wp:attachment":[{"href":"https:\/\/taiyo.fi\/en\/wp-json\/wp\/v2\/media?parent=9436"}],"wp:term":[{"taxonomy":"category","embeddable":true,"href":"https:\/\/taiyo.fi\/en\/wp-json\/wp\/v2\/categories?post=9436"},{"taxonomy":"post_tag","embeddable":true,"href":"https:\/\/taiyo.fi\/en\/wp-json\/wp\/v2\/tags?post=9436"}],"curies":[{"name":"wp","href":"https:\/\/api.w.org\/{rel}","templated":true}]}}