{"id":9382,"date":"2021-03-12T12:16:39","date_gmt":"2021-03-12T10:16:39","guid":{"rendered":"https:\/\/taiyo.fi\/?p=9382"},"modified":"2021-03-12T12:30:34","modified_gmt":"2021-03-12T10:30:34","slug":"jane-karna-taiyon-yhteisokoordinaattoriksi-jane-karna-appointed-as-the-community-coordinator-of-artsu","status":"publish","type":"post","link":"https:\/\/taiyo.fi\/en\/2021\/03\/12\/jane-karna-taiyon-yhteisokoordinaattoriksi-jane-karna-appointed-as-the-community-coordinator-of-artsu\/","title":{"rendered":"Jane K\u00e4rn\u00e4 TaiYo:n yhteis\u00f6koordinaattoriksi \u2013 Jane K\u00e4rn\u00e4 appointed as the Community Coordinator of ArtSU"},"content":{"rendered":"<p class=\"wp-block-paragraph\">Jane K\u00e4rn\u00e4 on aloittanut TaiYo:n uutena yhteis\u00f6koordinaattorina 8.3. K\u00e4rn\u00e4 on teht\u00e4v\u00e4ss\u00e4 vuoden 2021 loppuun asti osana ylioppilaskunnan ja Taideyliopiston yhteist\u00e4 hanketta, johon on saatu OKM:n erityisrahoitusta. Teht\u00e4v\u00e4ss\u00e4\u00e4n K\u00e4rn\u00e4 kartoittaa yhteis\u00f6n tuen tarpeita ja kehitt\u00e4\u00e4 ylioppilaskunnan yhteis\u00f6toimintaa vastaamaan tarpeisiin.<\/p>\n\n\n\n<p class=\"wp-block-paragraph\">\u201cIhmiset, yhteis\u00f6t ja yhteis\u00f6jen kehitt\u00e4minen innostaa mua valtavasti ja on mahtavaa p\u00e4\u00e4st\u00e4 ty\u00f6skentelem\u00e4\u00e4n TaiYo:n ainutlaatuisen yhteis\u00f6n kanssa!\u201d, toteaa uunituore yhteis\u00f6koordinaattori Jane K\u00e4rn\u00e4.<\/p>\n\n\n\n<p class=\"wp-block-paragraph\">P\u00e4\u00e4kaupunkiseudulta kotoisin olevalla K\u00e4rn\u00e4ll\u00e4 on vahva aiempi kokemus yhteis\u00f6toiminnasta mm. Helsingin yliopiston ylioppilaskunnasta sek\u00e4 opiskelijaj\u00e4rjest\u00f6kent\u00e4lt\u00e4. Koulutustaustaltaan K\u00e4rn\u00e4 on filosofian maisteri teatteritieteest\u00e4 Helsingin yliopistosta, ja t\u00e4ll\u00e4 hetkell\u00e4 h\u00e4n opiskelee Vaasan yliopistossa viestint\u00e4tieteit\u00e4.<\/p>\n\n\n\n<p class=\"wp-block-paragraph\">Vapaa-aikaansa K\u00e4rn\u00e4 k\u00e4ytt\u00e4\u00e4 muun muassa vapaaehtoistoimintaan globaalikasvatusj\u00e4rjest\u00f6 CISV:ss\u00e4 sek\u00e4 musikaalifiilistelyyn: \u201cSe voi olla millon mit\u00e4kin; librettojen lukemista, musiikin kuuntelua, musikaaliaiheisten tiktokkien katsomista tai mit\u00e4 vaan musikaaleihin liittyv\u00e4\u00e4\u201d.<\/p>\n\n\n\n<p class=\"wp-block-paragraph\">Janen tavoittaa puhelimitse numerosta 0505977592 ja s\u00e4hk\u00f6postitse jane.karna@uniarts.fi<\/p>\n\n\n\n<h3 class=\"wp-block-heading\">Jane K\u00e4rn\u00e4 appointed as the Community Coordinator of ArtSU<\/h3>\n\n\n\n<p class=\"wp-block-paragraph\">Jane K\u00e4rn\u00e4 has started as the new Community Coordinator of ArtSU on March 8. The position lasts until the end of 2021 as a part of the Ministry of Education funded project of Uniarts and ArtSU. The duties of the coordinator include mapping out the needs of the community and to develop ways in which the student union can answer them.<\/p>\n\n\n\n<p class=\"wp-block-paragraph\">&#8221;People, communities and developing communities inspires me and it&#8217;s great to get to work with the unique community of ArtSU&#8221;, says the newly appointed coordinator Jane k\u00e4rn\u00e4.<\/p>\n\n\n\n<p class=\"wp-block-paragraph\">Originating from the capital metropolitan are, K\u00e4rn\u00e4 has a strong background from community activities from e.g. the Student Union of the University of Helsinki and various student organizations. K\u00e4rn\u00e4 is a Master of Arts from theater research in Helsinki university and currently studies communication sciences in Vaasa university.<\/p>\n\n\n\n<p class=\"wp-block-paragraph\">In free time, K\u00e4rn\u00e4 is active in CISV, a global education organization and enjoys the many aspects of musicals: &#8221;It can be anything; reading librettos, listening to music, watching musical-oriented TikToks or anything related to musicals.&#8221;<\/p>\n\n\n\n<p class=\"wp-block-paragraph\">Jane can be reached via telephone 0505977592 and email jane.karna@uniarts.fi.<\/p>","protected":false},"excerpt":{"rendered":"<p>Jane K\u00e4rn\u00e4 on aloittanut TaiYo:n uutena yhteis\u00f6koordinaattorina 8.3. K\u00e4rn\u00e4 on teht\u00e4v\u00e4ss\u00e4 vuoden 2021 loppuun asti osana ylioppilaskunnan ja Taideyliopiston yhteist\u00e4 hanketta, johon [&hellip;]<\/p>\n","protected":false},"author":13,"featured_media":9383,"comment_status":"closed","ping_status":"open","sticky":false,"template":"","format":"standard","meta":{"_coblocks_attr":"","_coblocks_dimensions":"","_coblocks_responsive_height":"","_coblocks_accordion_ie_support":"","_crdt_document":"","advanced_seo_description":"","jetpack_seo_html_title":"","jetpack_seo_noindex":false,"_jetpack_memberships_contains_paid_content":false,"footnotes":"","jetpack_publicize_message":"","jetpack_publicize_feature_enabled":true,"jetpack_social_post_already_shared":true,"jetpack_social_options":{"image_generator_settings":{"template":"highway","default_image_id":0,"font":"","enabled":false},"version":2},"_wpas_customize_per_network":false},"categories":[1],"tags":[143981783],"class_list":["post-9382","post","type-post","status-publish","format-standard","has-post-thumbnail","hentry","category-taiyo","tag-featured"],"jetpack_publicize_connections":[],"jetpack_featured_media_url":"https:\/\/i0.wp.com\/taiyo.fi\/wp-content\/uploads\/2021\/03\/Jane-tiedotekuva.jpg?fit=4432%2C3064&ssl=1","jetpack_sharing_enabled":true,"jetpack_shortlink":"https:\/\/wp.me\/p2w00X-2rk","jetpack_likes_enabled":true,"amp_enabled":true,"_links":{"self":[{"href":"https:\/\/taiyo.fi\/en\/wp-json\/wp\/v2\/posts\/9382","targetHints":{"allow":["GET"]}}],"collection":[{"href":"https:\/\/taiyo.fi\/en\/wp-json\/wp\/v2\/posts"}],"about":[{"href":"https:\/\/taiyo.fi\/en\/wp-json\/wp\/v2\/types\/post"}],"author":[{"embeddable":true,"href":"https:\/\/taiyo.fi\/en\/wp-json\/wp\/v2\/users\/13"}],"replies":[{"embeddable":true,"href":"https:\/\/taiyo.fi\/en\/wp-json\/wp\/v2\/comments?post=9382"}],"version-history":[{"count":4,"href":"https:\/\/taiyo.fi\/en\/wp-json\/wp\/v2\/posts\/9382\/revisions"}],"predecessor-version":[{"id":9387,"href":"https:\/\/taiyo.fi\/en\/wp-json\/wp\/v2\/posts\/9382\/revisions\/9387"}],"wp:featuredmedia":[{"embeddable":true,"href":"https:\/\/taiyo.fi\/en\/wp-json\/wp\/v2\/media\/9383"}],"wp:attachment":[{"href":"https:\/\/taiyo.fi\/en\/wp-json\/wp\/v2\/media?parent=9382"}],"wp:term":[{"taxonomy":"category","embeddable":true,"href":"https:\/\/taiyo.fi\/en\/wp-json\/wp\/v2\/categories?post=9382"},{"taxonomy":"post_tag","embeddable":true,"href":"https:\/\/taiyo.fi\/en\/wp-json\/wp\/v2\/tags?post=9382"}],"curies":[{"name":"wp","href":"https:\/\/api.w.org\/{rel}","templated":true}]}}