{"id":8423,"date":"2020-11-10T13:39:49","date_gmt":"2020-11-10T11:39:49","guid":{"rendered":"https:\/\/taiyo.fi\/?p=8423"},"modified":"2021-01-25T15:03:26","modified_gmt":"2021-01-25T13:03:26","slug":"helena-vuola","status":"publish","type":"post","link":"https:\/\/taiyo.fi\/en\/2020\/11\/10\/helena-vuola\/","title":{"rendered":"Helena Vuola"},"content":{"rendered":"<p>Hei! Olen opintojani Sibelius-Akatemiassa viimeistelev\u00e4 sellisti ja tulen mielell\u00e4ni soittamaan kaikenlaisiin juhliin ja tilaisuuksiin joko soolona, viulu-selloduona, jousikvartettina tai pianistin kanssa!<\/p>\n<p>Minulla on paljon kokemusta esiintymisest\u00e4 konserteissa ja erilaisilla keikoilla h\u00e4ist\u00e4 yritystilaisuuksiin. Ohjelmisto on muokattavissa tilaisuuden mukaan ja on tyylilt\u00e4\u00e4n monipuolinen; my\u00f6s toiveita saa esitt\u00e4\u00e4. &nbsp;Palkkapyynt\u00f6ni l\u00e4htee yleens\u00e4 200\u20ac:sta per soittaja, mutta on sovittavissa tilaisuuden mukaan.<\/p>\n<p>Ottakaa yhteytt\u00e4, niin sovitaan teid\u00e4nn\u00e4k\u00f6isest\u00e4 musiikkihetkest\u00e4!<\/p>","protected":false},"excerpt":{"rendered":"<p>Sellisti<\/p>","protected":false},"author":13,"featured_media":8420,"comment_status":"closed","ping_status":"open","sticky":false,"template":"","format":"standard","meta":{"_coblocks_attr":"","_coblocks_dimensions":"","_coblocks_responsive_height":"","_coblocks_accordion_ie_support":"","_crdt_document":"","advanced_seo_description":"","jetpack_seo_html_title":"","jetpack_seo_noindex":false,"_jetpack_memberships_contains_paid_content":false,"footnotes":"","jetpack_publicize_message":"","jetpack_publicize_feature_enabled":true,"jetpack_social_post_already_shared":true,"jetpack_social_options":{"image_generator_settings":{"template":"highway","default_image_id":0,"font":"","enabled":false},"version":2},"_wpas_customize_per_network":false},"categories":[1],"tags":[143982006,143981811,143981792,143981991,143981801,143981935,143981990,143981819,143981839,143981912,143982008,143982007],"class_list":["post-8423","post","type-post","status-publish","format-standard","has-post-thumbnail","hentry","category-taiyo","tag-cellist","tag-duo","tag-esiintyja","tag-jousikvartetti","tag-klassinen","tag-music","tag-musiikki","tag-performer","tag-quartet","tag-sellisti","tag-stringquartet","tag-yhtye"],"jetpack_publicize_connections":[],"jetpack_featured_media_url":"https:\/\/i0.wp.com\/taiyo.fi\/wp-content\/uploads\/2020\/10\/0ac3b495-330d-4bb0-bbb5-0ec0c32419d9.jpeg?fit=1080%2C1080&ssl=1","jetpack_sharing_enabled":true,"jetpack_shortlink":"https:\/\/wp.me\/p2w00X-2bR","jetpack_likes_enabled":true,"amp_enabled":true,"_links":{"self":[{"href":"https:\/\/taiyo.fi\/en\/wp-json\/wp\/v2\/posts\/8423","targetHints":{"allow":["GET"]}}],"collection":[{"href":"https:\/\/taiyo.fi\/en\/wp-json\/wp\/v2\/posts"}],"about":[{"href":"https:\/\/taiyo.fi\/en\/wp-json\/wp\/v2\/types\/post"}],"author":[{"embeddable":true,"href":"https:\/\/taiyo.fi\/en\/wp-json\/wp\/v2\/users\/13"}],"replies":[{"embeddable":true,"href":"https:\/\/taiyo.fi\/en\/wp-json\/wp\/v2\/comments?post=8423"}],"version-history":[{"count":1,"href":"https:\/\/taiyo.fi\/en\/wp-json\/wp\/v2\/posts\/8423\/revisions"}],"predecessor-version":[{"id":8517,"href":"https:\/\/taiyo.fi\/en\/wp-json\/wp\/v2\/posts\/8423\/revisions\/8517"}],"wp:featuredmedia":[{"embeddable":true,"href":"https:\/\/taiyo.fi\/en\/wp-json\/wp\/v2\/media\/8420"}],"wp:attachment":[{"href":"https:\/\/taiyo.fi\/en\/wp-json\/wp\/v2\/media?parent=8423"}],"wp:term":[{"taxonomy":"category","embeddable":true,"href":"https:\/\/taiyo.fi\/en\/wp-json\/wp\/v2\/categories?post=8423"},{"taxonomy":"post_tag","embeddable":true,"href":"https:\/\/taiyo.fi\/en\/wp-json\/wp\/v2\/tags?post=8423"}],"curies":[{"name":"wp","href":"https:\/\/api.w.org\/{rel}","templated":true}]}}