{"id":7543,"date":"2020-05-01T12:15:00","date_gmt":"2020-05-01T10:15:00","guid":{"rendered":"https:\/\/taiyo.fi\/?p=7543"},"modified":"2020-05-04T17:22:01","modified_gmt":"2020-05-04T15:22:01","slug":"taiyon-pj-sofia-charifin-puhe-ylioppilaiden-vapun-vastaanotossa-1-5-2020","status":"publish","type":"post","link":"https:\/\/taiyo.fi\/en\/2020\/05\/01\/taiyon-pj-sofia-charifin-puhe-ylioppilaiden-vapun-vastaanotossa-1-5-2020\/","title":{"rendered":"TaiYo:n pj. Sofia Charifin puhe Ylioppilaiden Vapun vastaanotossa 1.5.2020"},"content":{"rendered":"<p class=\"wp-block-paragraph\">Hyv\u00e4 kotikonnuillaan juhliva vappukansa!<\/p>\n\n\n\n<p class=\"wp-block-paragraph\">Erikoinen vappu, eik\u00f6?<\/p>\n\n\n\n<p class=\"wp-block-paragraph\">Voimme varmaan kaikki my\u00f6nt\u00e4\u00e4, ett\u00e4 t\u00e4m\u00e4n poikkeusajan aikana taide on ollut jonkinlainen pelastus meille kaikille: kirjat, elokuvat, musiikki, online-tanssitunnit tai vaikka saven kuivumisen odottaminen harhauttavat ajatukset v\u00e4lill\u00e4 muualle. Aika vierii eteenp\u00e4in, eiv\u00e4tk\u00e4 p\u00e4iv\u00e4t tunnu niin pitkilt\u00e4.<\/p>\n\n\n\n<p class=\"wp-block-paragraph\">Taide kuuluu kaikille ja jokaisen tulisi saada tehd\u00e4 sit\u00e4 varsinkin nyt. Taiteen kent\u00e4ll\u00e4 t\u00e4m\u00e4 ei kuitenkaan viel\u00e4 n\u00e4y. Itse havahduin sen valkoisuuteen viime syksyn\u00e4, kun huomasin olevani osa v\u00e4hemmist\u00f6\u00e4. En ollut vain suomalainen nuori opiskelija Helsingist\u00e4. Olin osa kiinti\u00f6t\u00e4 &#8211; maahanmuuttajataustainen opiskelija.<\/p>\n\n\n\n<p class=\"wp-block-paragraph\">Mun lapsuudessa m\u00e4 sain harrastaa. Meill\u00e4 ei ollut paljon rahaa, mutta m\u00e4 sain harrastaa. Onneksi &#8211; koska nyt m\u00e4 saan olla yksi niist\u00e4 harvoista esimerkeist\u00e4 niille kaikille nuorille, jotka ei samaistu hahmoihin telkkarissa tai n\u00e4e lavalla itsens\u00e4 n\u00e4k\u00f6isi\u00e4 ihmisi\u00e4.<\/p>\n\n\n\n<p class=\"wp-block-paragraph\">Ilman taidetta m\u00e4 en osais k\u00e4sitell\u00e4 asioita kuten moninaisuus tai rasismi. Ilman taidetta en olis l\u00f6yt\u00e4nyt vastauksia niihin kysymyksiin, joita koulussa ei kysytty. Ilman taidetta en olis tajunnut, ett\u00e4 mustakin voi tulla taiteilija. Jokaisella on oikeus tehd\u00e4 ja kokea taidetta, jopa niill\u00e4, joita ei siihen kannusteta tai joilla ei ole siihen mahdollisuutta. Ilman taidetta en selvi\u00e4is t\u00e4st\u00e4 ajasta, eik\u00e4 varmaan moni teist\u00e4k\u00e4\u00e4n. Pidet\u00e4\u00e4n huoli siit\u00e4, ett\u00e4 taide pysyy t\u00e4rke\u00e4n\u00e4 osana yhteiskuntaamme.<\/p>\n\n\n\n<p class=\"wp-block-paragraph\">Annetaan itsellemme lupa nauttia t\u00e4st\u00e4 vapusta, mutta hieman eri tavalla kuin aikaisemmin. Muistetaan my\u00f6s kannustaa kaikkia niit\u00e4, jotka soittavat naapurissa saksofonia ja niit\u00e4, joiden tanssiaskeleet kuuluvat yl\u00e4kerrasta juuri silloin, kun olet nukahtamassa p\u00e4iv\u00e4unille. Viimeisen\u00e4 haluan rohkaista meit\u00e4 kaikkia kokeilemaan jotain uutta ja innostavaa, mit\u00e4 emme ole uskaltaneet kokeilla, sill\u00e4 taide kuuluu kaikille.<\/p>\n\n\n\n<p class=\"wp-block-paragraph\">Palataan nyt kaikki tarkistamaan, ett\u00e4 onko se savi kuivunut vai ei.<\/p>\n\n\n\n<p class=\"wp-block-paragraph\">Hyv\u00e4\u00e4 ja turvallista Vappua kaikille!<\/p>\n\n\n\n<p class=\"wp-block-paragraph\"><em>TV1:ss\u00e4 suorana esitetty Ylioppilaiden Vapun vastaanotto on katsottavissa kokonaisuudessaan osoitteessa <a href=\"https:\/\/areena.yle.fi\/1-50512747\">https:\/\/areena.yle.fi\/1-50512747<\/a>.<\/em><\/p>","protected":false},"excerpt":{"rendered":"<p>Hyv\u00e4 kotikonnuillaan juhliva vappukansa! Erikoinen vappu, eik\u00f6? Voimme varmaan kaikki my\u00f6nt\u00e4\u00e4, ett\u00e4 t\u00e4m\u00e4n poikkeusajan aikana taide on ollut jonkinlainen pelastus meille kaikille: [&hellip;]<\/p>\n","protected":false},"author":13,"featured_media":7153,"comment_status":"closed","ping_status":"open","sticky":false,"template":"","format":"standard","meta":{"_coblocks_attr":"","_coblocks_dimensions":"","_coblocks_responsive_height":"","_coblocks_accordion_ie_support":"","_crdt_document":"","advanced_seo_description":"","jetpack_seo_html_title":"","jetpack_seo_noindex":false,"_jetpack_memberships_contains_paid_content":false,"footnotes":"","jetpack_publicize_message":"","jetpack_publicize_feature_enabled":true,"jetpack_social_post_already_shared":true,"jetpack_social_options":{"image_generator_settings":{"template":"highway","default_image_id":0,"font":"","enabled":false},"version":2},"_wpas_customize_per_network":false},"categories":[1],"tags":[143981783],"class_list":["post-7543","post","type-post","status-publish","format-standard","has-post-thumbnail","hentry","category-taiyo","tag-featured"],"jetpack_publicize_connections":[],"jetpack_featured_media_url":"https:\/\/i0.wp.com\/taiyo.fi\/wp-content\/uploads\/2020\/02\/Mantan-lakitus.jpg?fit=4466%2C2345&ssl=1","jetpack_sharing_enabled":true,"jetpack_shortlink":"https:\/\/wp.me\/p2w00X-1XF","jetpack_likes_enabled":true,"amp_enabled":true,"_links":{"self":[{"href":"https:\/\/taiyo.fi\/en\/wp-json\/wp\/v2\/posts\/7543","targetHints":{"allow":["GET"]}}],"collection":[{"href":"https:\/\/taiyo.fi\/en\/wp-json\/wp\/v2\/posts"}],"about":[{"href":"https:\/\/taiyo.fi\/en\/wp-json\/wp\/v2\/types\/post"}],"author":[{"embeddable":true,"href":"https:\/\/taiyo.fi\/en\/wp-json\/wp\/v2\/users\/13"}],"replies":[{"embeddable":true,"href":"https:\/\/taiyo.fi\/en\/wp-json\/wp\/v2\/comments?post=7543"}],"version-history":[{"count":2,"href":"https:\/\/taiyo.fi\/en\/wp-json\/wp\/v2\/posts\/7543\/revisions"}],"predecessor-version":[{"id":7545,"href":"https:\/\/taiyo.fi\/en\/wp-json\/wp\/v2\/posts\/7543\/revisions\/7545"}],"wp:featuredmedia":[{"embeddable":true,"href":"https:\/\/taiyo.fi\/en\/wp-json\/wp\/v2\/media\/7153"}],"wp:attachment":[{"href":"https:\/\/taiyo.fi\/en\/wp-json\/wp\/v2\/media?parent=7543"}],"wp:term":[{"taxonomy":"category","embeddable":true,"href":"https:\/\/taiyo.fi\/en\/wp-json\/wp\/v2\/categories?post=7543"},{"taxonomy":"post_tag","embeddable":true,"href":"https:\/\/taiyo.fi\/en\/wp-json\/wp\/v2\/tags?post=7543"}],"curies":[{"name":"wp","href":"https:\/\/api.w.org\/{rel}","templated":true}]}}