{"id":7151,"date":"2020-02-07T15:40:03","date_gmt":"2020-02-07T13:40:03","guid":{"rendered":"https:\/\/taiyo.fi\/?p=7151"},"modified":"2020-02-13T19:36:06","modified_gmt":"2020-02-13T17:36:06","slug":"taiyo-lakittaa-mantan-30-4-tule-mukaan-2","status":"publish","type":"post","link":"https:\/\/taiyo.fi\/en\/2020\/02\/07\/taiyo-lakittaa-mantan-30-4-tule-mukaan-2\/","title":{"rendered":"TaiYo lakittaa Mantan 30.4. \u2013 tule mukaan! ArtSU crowns the Manta statue on May Day Eve 30 Apr &#8211; come and join us!"},"content":{"rendered":"<p class=\"wp-block-paragraph\">T\u00e4n\u00e4 vappuna on 4 vuoden tauon j\u00e4lkeen Taideyliopiston ylioppilaskunnan vuoro lakittaa Havis Amandan patsas! Lakitus tapahtuu perinteiseen tapaan Kauppatorilla vapunaattona 30.4. klo 18.00, ja lakituksen ohessa otamme kantaa ilmastokriisiin ja kest\u00e4v\u00e4n kehityksen puolesta. Lakituksen my\u00f6t\u00e4 kaikilla TaiYo:n j\u00e4senill\u00e4 on nyt mahdollisuus p\u00e4\u00e4st\u00e4 esiintym\u00e4\u00e4n valtaisalle yleis\u00f6lle, osallistumaan ainutkertaiseen opiskelijaperinteeseen tai tienaamaan rahaa itselleen tai j\u00e4rjest\u00f6lleen pient\u00e4 ty\u00f6panosta vastaan.<\/p>\n\n\n\n<ul class=\"wp-block-list\"><li>Haluatko esiinty\u00e4\nkymmenille tuhansille ihmisille? Lakituksen osana toteutetaan monitaiteinen\nspektaakkeli, jonka tekij\u00f6iksi haetaan Taideyliopiston opiskelijoita. Kokonaisuus\nrakennetaan mukanaolijoiden osaamisen pohjalta pieneen (mutta sit\u00e4kin ikimuistoisempaan)\ntilaan sovitettuna. Haluatko juuri sin\u00e4 soittaa yl\u00e4ilmoista saksofonia tai lausua\nmanifestia lakitusta seuraavalle yleis\u00f6merelle, tai suunnitella miten tuomme\nsanomamme esiin visuaalisesti? Kerro mit\u00e4 haluaisit tehd\u00e4, niin katsotaan\nyhdess\u00e4 kuinka se saataisiin sopimaan tapahtuman kokonaisuuteen!<\/li><li>Haluatko olla yksi\nlakittajista tai kertoa, kenelle kunnia kuuluisi? Perinteisesti\nylioppilaskuntien hallitukset ovat vallanneet patsaan ymp\u00e4rill\u00e4 roikkuvien\nlakittajien paikat itselleen, mutta viimeksi luodun k\u00e4yt\u00e4nn\u00f6n mukaisesti TaiYo avaa\npaikat kaikkien ylioppilaskunnan toimijoiden\ntavoiteltaviksi. Siisp\u00e4 kysymmekin: kenen tulisi roikkua kunniakkailla\nlakituspaikoilla? Ehdota opiskelijoita, jotka ovat luoneet hyv\u00e4\u00e4 henke\u00e4 ja\nhyvi\u00e4 toimintatapoja, edist\u00e4neet\nakatemioiden v\u00e4list\u00e4 vuorovaikutusta tai muuten toimineet ansiokkaasti\nyliopistoyhteis\u00f6ss\u00e4!<\/li><li>Haluatko ansaita itsellesi tai j\u00e4rjest\u00f6llesi\nrahaa? Tapahtumaan vaaditaan iso joukko v\u00e4liaikaisia j\u00e4rjestyksenvalvojia, ja maksamme\nmieluusti erikseen sovittavan korvauksen j\u00e4rjest\u00f6ille tai muille porukoille,\njotka pystyv\u00e4t kokoamaan tapahtumaan 5-20 hengen joukon j\u00e4rjestyksenvalvojia.\nMy\u00f6s yksityishenkil\u00f6t voivat ilmoittautua mukaan, niin kokoamme kaikista\nhalukkaista sopivan porukan. J\u00e4rkk\u00e4reiden ei tarvitse olla Taideyliopiston\nopiskelijoita eik\u00e4 heill\u00e4 tarvitse olla JV-korttia, vaan kuka tahansa\nt\u00e4ysi-ik\u00e4inen henkil\u00f6 kelpaa \u2013 kunhan sitoutuu olemaan paikalla selvin p\u00e4in ja\nkoko poliisin edellytt\u00e4m\u00e4n ajan (30.4. arviolta klo 16-20; kellonajat\nt\u00e4smentyv\u00e4t viel\u00e4).<\/li><\/ul>\n\n\n\n<p class=\"wp-block-paragraph\">Jos mik\u00e4 tahansa yll\u00e4olevista teht\u00e4vist\u00e4 kiinnostaa, kerro ajatuksistasi 24.2. klo 12 menness\u00e4 seuraavalla lomakkeella: <a href=\"https:\/\/forms.gle\/FpDkNAwjCvyHPMMj9\">https:\/\/forms.gle\/FpDkNAwjCvyHPMMj9<\/a>. Halutessasi voit my\u00f6s ottaa yhteytt\u00e4 TaiYo:n hallituksen j\u00e4sen Sini Kaartiseen (sini.kaartinen (at) uniarts.fi, puh. 044\u00a0543 1461).<\/p>\n\n\n\n<h3 class=\"wp-block-heading\"><strong>ArtSU crowns the Manta statue on May Day Eve 30 Apr&nbsp;&#8211; come and join\nus!<\/strong><strong><\/strong><\/h3>\n\n\n\n<p class=\"wp-block-paragraph\">This\nyear, after a 4-year break, it is ArtSU\u2019s turn to carry out one of Finland\u2019s\nbiggest student traditions and crown the Havis Amanda statue with a student cap!\nThe crowning will take place traditionally on May Day Eve, 30 April at 6pm at\nHelsinki\u2019s Market Square, and as a part of the event, we will take a stand on\nthe climate crisis and on sustainable development. The event also gives ArtSU\u2019s\nmembers the opportunity to perform to a huge audience, to participate in a\nunique student tradition and to earn money for themselves or their organization\nfor a small amount of work.<\/p>\n\n\n\n<ul class=\"wp-block-list\"><li>Do you want to perform to tens of thousands of people? As\npart of the crowning event, we will create a multidisciplinary art performance\nand we\u2019re looking for Uniarts students to take part in it. The show will be\nbuilt on the craft and talent of its participants, and fitted in a small (but\nvery memorable) space. Do you want to play the saxophone in the sky, recite a\nmanifesto to an ocean of people or plan how we will visualize our climate message?\nTell us what you would like to do, and let&#8217;s see how it fits the big picture of\nthe event!<\/li><li>Do you want to be one of the people crowning the statue, or\nto tell us who should get the honour? Traditionally, Student Union boards have\ntaken over these places at the center of the show, but just like four years\nago, ArtSU is opening up the places for all members of the Student Union to\npursue. So we ask: who should get the honour to put the cap on the statue&#8217;s\nhead? Suggest students who have created a good atmosphere, promoted good\npractices or interaction between academies, or otherwise have served the\nuniversity community well!<\/li><li>Do you want to make some money for yourself or your\norganization? A large number of temporary security guards will be required for\nthe event, and we will be happy to pay a separately agreed fee to organizations\nor other groups capable of bringing together 5 to 20 guards. Individuals can\nalso sign up. Temporary guards do not have to be Uniarts students and do not need\nan official security guard licence: anyone of legal age is eligible, as long as\nthey commit to being present and sober for the full time required by the police\n(30 April, approximately 4pm-8pm; exact times to be specified).<\/li><\/ul>\n\n\n\n<p class=\"wp-block-paragraph\">If you are interested in any of the tasks above, please tell us your ideas by 24 Feb, 12 noon via the following form: <a href=\"https:\/\/forms.gle\/FpDkNAwjCvyHPMMj9\">https:\/\/forms.gle\/FpDkNAwjCvyHPMMj9<\/a>. If you wish, you can also contact ArtSU\u2019s Board Member Sini Kaartinen for details (sini.kaartinen (at) uniarts.fi, tel. +358 44 543 1461).<\/p>","protected":false},"excerpt":{"rendered":"<p>T\u00e4n\u00e4 vappuna on 4 vuoden tauon j\u00e4lkeen Taideyliopiston ylioppilaskunnan vuoro lakittaa Havis Amandan patsas! Lakitus tapahtuu perinteiseen tapaan Kauppatorilla vapunaattona 30.4. klo [&hellip;]<\/p>\n","protected":false},"author":13,"featured_media":7153,"comment_status":"closed","ping_status":"open","sticky":false,"template":"","format":"standard","meta":{"_coblocks_attr":"","_coblocks_dimensions":"","_coblocks_responsive_height":"","_coblocks_accordion_ie_support":"","_crdt_document":"","advanced_seo_description":"","jetpack_seo_html_title":"","jetpack_seo_noindex":false,"_jetpack_memberships_contains_paid_content":false,"footnotes":"","jetpack_publicize_message":"","jetpack_publicize_feature_enabled":true,"jetpack_social_post_already_shared":true,"jetpack_social_options":{"image_generator_settings":{"template":"highway","default_image_id":0,"font":"","enabled":false},"version":2},"_wpas_customize_per_network":false},"categories":[1],"tags":[143981783],"class_list":["post-7151","post","type-post","status-publish","format-standard","has-post-thumbnail","hentry","category-taiyo","tag-featured"],"jetpack_publicize_connections":[],"jetpack_featured_media_url":"https:\/\/i0.wp.com\/taiyo.fi\/wp-content\/uploads\/2020\/02\/Mantan-lakitus.jpg?fit=4466%2C2345&ssl=1","jetpack_sharing_enabled":true,"jetpack_shortlink":"https:\/\/wp.me\/p2w00X-1Rl","jetpack_likes_enabled":true,"amp_enabled":true,"_links":{"self":[{"href":"https:\/\/taiyo.fi\/en\/wp-json\/wp\/v2\/posts\/7151","targetHints":{"allow":["GET"]}}],"collection":[{"href":"https:\/\/taiyo.fi\/en\/wp-json\/wp\/v2\/posts"}],"about":[{"href":"https:\/\/taiyo.fi\/en\/wp-json\/wp\/v2\/types\/post"}],"author":[{"embeddable":true,"href":"https:\/\/taiyo.fi\/en\/wp-json\/wp\/v2\/users\/13"}],"replies":[{"embeddable":true,"href":"https:\/\/taiyo.fi\/en\/wp-json\/wp\/v2\/comments?post=7151"}],"version-history":[{"count":4,"href":"https:\/\/taiyo.fi\/en\/wp-json\/wp\/v2\/posts\/7151\/revisions"}],"predecessor-version":[{"id":7169,"href":"https:\/\/taiyo.fi\/en\/wp-json\/wp\/v2\/posts\/7151\/revisions\/7169"}],"wp:featuredmedia":[{"embeddable":true,"href":"https:\/\/taiyo.fi\/en\/wp-json\/wp\/v2\/media\/7153"}],"wp:attachment":[{"href":"https:\/\/taiyo.fi\/en\/wp-json\/wp\/v2\/media?parent=7151"}],"wp:term":[{"taxonomy":"category","embeddable":true,"href":"https:\/\/taiyo.fi\/en\/wp-json\/wp\/v2\/categories?post=7151"},{"taxonomy":"post_tag","embeddable":true,"href":"https:\/\/taiyo.fi\/en\/wp-json\/wp\/v2\/tags?post=7151"}],"curies":[{"name":"wp","href":"https:\/\/api.w.org\/{rel}","templated":true}]}}