{"id":6885,"date":"2019-11-25T13:03:36","date_gmt":"2019-11-25T11:03:36","guid":{"rendered":"https:\/\/taiyo.fi\/?p=6885"},"modified":"2019-11-25T13:03:37","modified_gmt":"2019-11-25T11:03:37","slug":"maiju-westergard","status":"publish","type":"post","link":"https:\/\/taiyo.fi\/en\/2019\/11\/25\/maiju-westergard\/","title":{"rendered":"Maiju Westerg\u00e5rd"},"content":{"rendered":"<p>Olen musiikin maisteriksi pian valmistuva 27-vuotias musiikkikasvattaja. Olen syventynyt opinnoissani pop\/jazz-lauluun ja sen pedagogiikkaan. Opetankin laulua yksityisesti ja otan mielell\u00e4ni vastaan uusia oppilaita.<\/p>\n<p>Tunneillani k\u00e4yd\u00e4\u00e4n l\u00e4pi laulamisen eri osa-alueita, kuten tervett\u00e4 \u00e4\u00e4nenk\u00e4ytt\u00f6\u00e4 ja tulkintaa. T\u00e4rkeint\u00e4 on aina laulamisen ilo. Tunnit r\u00e4\u00e4t\u00e4l\u00f6id\u00e4\u00e4n yksil\u00f6llisesti jokaiselle oppilaalle t\u00e4m\u00e4n l\u00e4ht\u00f6kohdat, kiinnostuksenkohteet ja tavoitteet huomioiden. Laulettavia kappaleita saa halutessaan valita itse.<\/p>\n<p>Olen perehtynyt kandidaatin sek\u00e4 maisterin tutkielmissani lasten ja nuorten laulunopetukseen, joten tunneilleni ovat ehdottomasti tervetulleita kaikenik\u00e4iset ja -tasoiset laulajat.<\/p>\n<p>Jos kiinnostuit, ota rohkeasti yhteytt\u00e4 ja kysy lis\u00e4\u00e4! Ensimm\u00e4inen tunti on kokeilukerta, joka ei sido mihink\u00e4\u00e4n.<\/p>\n<p>&nbsp;<\/p>\n<p>&nbsp;<\/p>","protected":false},"excerpt":{"rendered":"<p>Pop\/jazz-laulunopetusta kaikenik\u00e4isille<\/p>","protected":false},"author":13,"featured_media":6884,"comment_status":"closed","ping_status":"open","sticky":false,"template":"","format":"standard","meta":{"_coblocks_attr":"","_coblocks_dimensions":"","_coblocks_responsive_height":"","_coblocks_accordion_ie_support":"","_crdt_document":"","advanced_seo_description":"","jetpack_seo_html_title":"","jetpack_seo_noindex":false,"_jetpack_memberships_contains_paid_content":false,"footnotes":"","jetpack_publicize_message":"","jetpack_publicize_feature_enabled":true,"jetpack_social_post_already_shared":true,"jetpack_social_options":{"image_generator_settings":{"template":"highway","default_image_id":0,"font":"","enabled":false},"version":2},"_wpas_customize_per_network":false},"categories":[1],"tags":[143981798,143981804,143981802,143981962,143981931,143981805],"class_list":["post-6885","post","type-post","status-publish","format-standard","has-post-thumbnail","hentry","category-taiyo","tag-laulu","tag-opettaja","tag-pop-jazz","tag-pop-jazz-laulu","tag-singing","tag-teacher"],"jetpack_publicize_connections":[],"jetpack_featured_media_url":"https:\/\/i0.wp.com\/taiyo.fi\/wp-content\/uploads\/2019\/11\/img_573474.jpg?fit=516%2C640&ssl=1","jetpack_sharing_enabled":true,"jetpack_shortlink":"https:\/\/wp.me\/p2w00X-1N3","jetpack_likes_enabled":true,"amp_enabled":true,"_links":{"self":[{"href":"https:\/\/taiyo.fi\/en\/wp-json\/wp\/v2\/posts\/6885","targetHints":{"allow":["GET"]}}],"collection":[{"href":"https:\/\/taiyo.fi\/en\/wp-json\/wp\/v2\/posts"}],"about":[{"href":"https:\/\/taiyo.fi\/en\/wp-json\/wp\/v2\/types\/post"}],"author":[{"embeddable":true,"href":"https:\/\/taiyo.fi\/en\/wp-json\/wp\/v2\/users\/13"}],"replies":[{"embeddable":true,"href":"https:\/\/taiyo.fi\/en\/wp-json\/wp\/v2\/comments?post=6885"}],"version-history":[{"count":1,"href":"https:\/\/taiyo.fi\/en\/wp-json\/wp\/v2\/posts\/6885\/revisions"}],"predecessor-version":[{"id":6896,"href":"https:\/\/taiyo.fi\/en\/wp-json\/wp\/v2\/posts\/6885\/revisions\/6896"}],"wp:featuredmedia":[{"embeddable":true,"href":"https:\/\/taiyo.fi\/en\/wp-json\/wp\/v2\/media\/6884"}],"wp:attachment":[{"href":"https:\/\/taiyo.fi\/en\/wp-json\/wp\/v2\/media?parent=6885"}],"wp:term":[{"taxonomy":"category","embeddable":true,"href":"https:\/\/taiyo.fi\/en\/wp-json\/wp\/v2\/categories?post=6885"},{"taxonomy":"post_tag","embeddable":true,"href":"https:\/\/taiyo.fi\/en\/wp-json\/wp\/v2\/tags?post=6885"}],"curies":[{"name":"wp","href":"https:\/\/api.w.org\/{rel}","templated":true}]}}