{"id":6831,"date":"2019-11-07T17:07:41","date_gmt":"2019-11-07T15:07:41","guid":{"rendered":"https:\/\/taiyo.fi\/?p=6831"},"modified":"2019-11-08T18:29:32","modified_gmt":"2019-11-08T16:29:32","slug":"taiyon-edustajistovaalien-tulos-on-selvilla-the-results-of-artsus-council-elections-are-ready","status":"publish","type":"post","link":"https:\/\/taiyo.fi\/en\/2019\/11\/07\/taiyon-edustajistovaalien-tulos-on-selvilla-the-results-of-artsus-council-elections-are-ready\/","title":{"rendered":"TaiYo:n edustajistovaalien tulos on selvill\u00e4! &#8211; The results of ArtSU\u2019s Council elections are ready!"},"content":{"rendered":"<p class=\"wp-block-paragraph\"><strong>P\u00c4IVITYS 8.11.: Lopullinen vaalitulos on nyt vahvistettu ja l\u00f6ytyy <a href=\"https:\/\/taiyo.fi\/wp-content\/uploads\/2019\/11\/TaiYo-vaalitulos-2019-lopullinen.pdf\">here<\/a>.<\/strong><\/p>\n\n\n\n<p class=\"wp-block-paragraph\">31.10.-6.11.2019 k\u00e4ydyiss\u00e4 Taideyliopiston ylioppilaskunnan edustajistovaaleissa k\u00e4ytti \u00e4\u00e4nt\u00e4\u00e4n yhteens\u00e4 392 ylioppilaskunnan j\u00e4sent\u00e4 eli 22,9 % \u00e4\u00e4nioikeutetuista. \u00c4\u00e4nestysprosentti laski reilun prosenttiyksik\u00f6n edellisiin vaaleihin verrattuna ja j\u00e4i selv\u00e4sti alle valtakunnallisen keskiarvon. Innokkaimmin \u00e4\u00e4nestettiin Kuvataideakatemiassa, jossa \u00e4\u00e4nestysprosentti nousi yli 40 %:n, kun Sibelius-Akatemiassa se j\u00e4i alle 20 %:n.<\/p>\n\n\n\n<p class=\"wp-block-paragraph\">Vaaleissa oli ehdolla yhteens\u00e4 23 TaiYo:n j\u00e4sent\u00e4, joista 15\nvalittiin vertauslukujen suuruusj\u00e4rjestyksen mukaisesti edustajiston j\u00e4seniksi\nja loput varaj\u00e4seniksi. Vaaliliitoista menestyi parhaiten Sibelius-Akatemian\nvaaliliitto, joka ker\u00e4si l\u00e4hes puolet \u00e4\u00e4nist\u00e4 ja sai uuteen edustajistoon 7\npaikkaa. Kuvan vaaliliitto ja Teakin vaaliliitto ker\u00e4siv\u00e4t kumpikin hieman yli\nnelj\u00e4nneksen \u00e4\u00e4nist\u00e4 ja saivat kumpikin 4 paikkaa edustajistoon. Vaalien\n\u00e4\u00e4nikuningattareksi nousi Teakin vaaliliittoa edustava Sara-Maria Pirhonen 37\n\u00e4\u00e4nell\u00e4, mutta suosituimpien ehdokkaiden lista oli kaiken kaikkiaan varsin\ntasainen kymmenen ehdokkaan ker\u00e4tess\u00e4 v\u00e4hint\u00e4\u00e4n 20 \u00e4\u00e4nt\u00e4.<\/p>\n\n\n\n<p class=\"wp-block-paragraph\">Lopullinen vaalitulos l\u00f6ytyy kokonaisuudessaan TaiYo:n nettisivuilta <a href=\"https:\/\/taiyo.fi\/wp-content\/uploads\/2019\/11\/TaiYo-vaalitulos-2019-lopullinen.pdf\">t\u00e4m\u00e4n linkin takaa<\/a>. Onnea uusille edustajiston j\u00e4senille ja varaj\u00e4senille!<\/p>\n\n\n\n<h3 class=\"wp-block-heading\"><strong>Resultatet av&nbsp;KonSts delegationsval \u00e4r\nklar<\/strong><\/h3>\n\n\n\n<p class=\"wp-block-paragraph\">R\u00f6sterna har r\u00e4knats och resultatet av KonSts delegationsval \u00e4r nu klar! Du kan l\u00e4sa slutliga resultatet i sin helhet p\u00e5 KonSts webbsidor <a href=\"https:\/\/taiyo.fi\/wp-content\/uploads\/2019\/11\/TaiYo-vaalitulos-2019-lopullinen.pdf\">h\u00e4r<\/a>.<\/p>\n\n\n\n<h3 class=\"wp-block-heading\"><strong>The results of ArtSU\u2019s Council elections are\nready<\/strong><\/h3>\n\n\n\n<p class=\"wp-block-paragraph\">The votes have been counted and the results of ArtSU\u2019s council elections are ready! The confirmed final results can be found on ArtSU&#8217;s website <a href=\"https:\/\/taiyo.fi\/wp-content\/uploads\/2019\/11\/TaiYo-vaalitulos-2019-lopullinen.pdf\">here<\/a>.<\/p>","protected":false},"excerpt":{"rendered":"<p>P\u00c4IVITYS 8.11.: Lopullinen vaalitulos on nyt vahvistettu ja l\u00f6ytyy t\u00e4\u00e4lt\u00e4. 31.10.-6.11.2019 k\u00e4ydyiss\u00e4 Taideyliopiston ylioppilaskunnan edustajistovaaleissa k\u00e4ytti \u00e4\u00e4nt\u00e4\u00e4n yhteens\u00e4 392 ylioppilaskunnan j\u00e4sent\u00e4 eli [&hellip;]<\/p>\n","protected":false},"author":13,"featured_media":6739,"comment_status":"closed","ping_status":"open","sticky":false,"template":"","format":"standard","meta":{"_coblocks_attr":"","_coblocks_dimensions":"","_coblocks_responsive_height":"","_coblocks_accordion_ie_support":"","_crdt_document":"","advanced_seo_description":"","jetpack_seo_html_title":"","jetpack_seo_noindex":false,"_jetpack_memberships_contains_paid_content":false,"footnotes":"","jetpack_publicize_message":"","jetpack_publicize_feature_enabled":true,"jetpack_social_post_already_shared":true,"jetpack_social_options":{"image_generator_settings":{"template":"highway","default_image_id":0,"font":"","enabled":false},"version":2},"_wpas_customize_per_network":false},"categories":[1],"tags":[143981783],"class_list":["post-6831","post","type-post","status-publish","format-standard","has-post-thumbnail","hentry","category-taiyo","tag-featured"],"jetpack_publicize_connections":[],"jetpack_featured_media_url":"https:\/\/i0.wp.com\/taiyo.fi\/wp-content\/uploads\/2019\/10\/aanesta_fullScreen_1366x768_FI.jpg?fit=1366%2C768&ssl=1","jetpack_sharing_enabled":true,"jetpack_shortlink":"https:\/\/wp.me\/p2w00X-1Mb","jetpack_likes_enabled":true,"amp_enabled":true,"_links":{"self":[{"href":"https:\/\/taiyo.fi\/en\/wp-json\/wp\/v2\/posts\/6831","targetHints":{"allow":["GET"]}}],"collection":[{"href":"https:\/\/taiyo.fi\/en\/wp-json\/wp\/v2\/posts"}],"about":[{"href":"https:\/\/taiyo.fi\/en\/wp-json\/wp\/v2\/types\/post"}],"author":[{"embeddable":true,"href":"https:\/\/taiyo.fi\/en\/wp-json\/wp\/v2\/users\/13"}],"replies":[{"embeddable":true,"href":"https:\/\/taiyo.fi\/en\/wp-json\/wp\/v2\/comments?post=6831"}],"version-history":[{"count":4,"href":"https:\/\/taiyo.fi\/en\/wp-json\/wp\/v2\/posts\/6831\/revisions"}],"predecessor-version":[{"id":6841,"href":"https:\/\/taiyo.fi\/en\/wp-json\/wp\/v2\/posts\/6831\/revisions\/6841"}],"wp:featuredmedia":[{"embeddable":true,"href":"https:\/\/taiyo.fi\/en\/wp-json\/wp\/v2\/media\/6739"}],"wp:attachment":[{"href":"https:\/\/taiyo.fi\/en\/wp-json\/wp\/v2\/media?parent=6831"}],"wp:term":[{"taxonomy":"category","embeddable":true,"href":"https:\/\/taiyo.fi\/en\/wp-json\/wp\/v2\/categories?post=6831"},{"taxonomy":"post_tag","embeddable":true,"href":"https:\/\/taiyo.fi\/en\/wp-json\/wp\/v2\/tags?post=6831"}],"curies":[{"name":"wp","href":"https:\/\/api.w.org\/{rel}","templated":true}]}}