{"id":6557,"date":"2019-09-12T16:35:42","date_gmt":"2019-09-12T14:35:42","guid":{"rendered":"https:\/\/taiyo.fi\/?p=6557"},"modified":"2019-09-30T15:47:22","modified_gmt":"2019-09-30T13:47:22","slug":"taiyon-edustajistovaalit-tulevat-lahde-sinakin-ehdolle-2019","status":"publish","type":"post","link":"https:\/\/taiyo.fi\/en\/2019\/09\/12\/taiyon-edustajistovaalit-tulevat-lahde-sinakin-ehdolle-2019\/","title":{"rendered":"TaiYo:n edustajistovaalit tulevat \u2013 l\u00e4hde sin\u00e4kin ehdolle! ArtSU\u2019s council elections are coming up \u2013 now is the time to run for council!"},"content":{"rendered":"<p class=\"wp-block-paragraph\"><em>P\u00e5 svenska nedan \/ In English below<\/em><\/p>\n\n\n\n<p class=\"wp-block-paragraph\">Taideyliopiston ylioppilaskunnan edustajistovaalit j\u00e4rjestet\u00e4\u00e4n taas syksyll\u00e4 2019. Vaaleissa valitaan TaiYo:n edustajistoon 2 vuoden toimikaudeksi 15 varsinaista ja 15 varaj\u00e4sent\u00e4. \u00c4\u00e4nioikeus on edustajistovaaleissa kaikilla l\u00e4sn\u00e4olevaksi ilmoittautuneilla ylioppilaskunnan j\u00e4senill\u00e4, ja \u00e4\u00e4nest\u00e4\u00e4 voi ennakko\u00e4\u00e4nestysp\u00e4iv\u00e4n\u00e4 31.10. sek\u00e4 varsinaisina vaalip\u00e4ivin\u00e4 5.11. ja 6.11. oman akatemiansa tiloissa.<\/p>\n\n\n\n<p class=\"wp-block-paragraph\">Vaaleissa valittava edustajisto on ylioppilaskunnan ylin\np\u00e4\u00e4tt\u00e4v\u00e4 elin, joka mm. p\u00e4\u00e4tt\u00e4\u00e4 TaiYo:n j\u00e4senmaksusta ja s\u00e4\u00e4nn\u00f6ist\u00e4, hyv\u00e4ksyy\ntoimintasuunnitelman ja talousarvion sek\u00e4 valitsee ylioppilaskunnan\nhallituksen, p\u00e4\u00e4sihteerin ja Taideyliopiston hallituksen opiskelijaj\u00e4senet. Tuleva\nedustajisto p\u00e4\u00e4see my\u00f6s p\u00e4\u00e4tt\u00e4m\u00e4\u00e4n mm. ylioppilaskunnan taidepoliittisista\nlinjoista.<\/p>\n\n\n\n<p class=\"wp-block-paragraph\">Ehdolle edustajistoon voivat asettua kaikki Taideyliopistoon\nl\u00e4sn\u00e4- tai poissaolevaksi ilmoittautuneet Taideyliopiston ylioppilaskunnan\nj\u00e4senet. Ehdokasasettelu on nyt k\u00e4ynniss\u00e4, ja kaikki ehdokasilmoitukset sek\u00e4\nsopimukset vaaliliitoista ja vaalirenkaista on j\u00e4tett\u00e4v\u00e4 viimeist\u00e4\u00e4n 9.10. klo\n12.00 menness\u00e4.<\/p>\n\n\n\n<p class=\"wp-block-paragraph\"><strong>Kannustamme kaikkia Taideyliopiston opiskelijoiden yhteisist\u00e4 asioista kiinnostuneita l\u00e4htem\u00e4\u00e4n ehdolle!<\/strong> Edustajistossa toimiminen ei vaadi kohtuuttomasti aikaa eik\u00e4 edellyt\u00e4 aiempaa kokemusta, mutta sit\u00e4 kautta p\u00e4\u00e4see vaikuttamaan opiskelijoiden asioihin, oppii uutta, saa hy\u00f6dyllist\u00e4 kokemusta ja tutustuu uusiin ihmisiin yli akatemiarajojen. Mihin suuntaan sin\u00e4 haluaisit kehitt\u00e4\u00e4 Suomen suurinta nuorten taiteilijoiden yhteis\u00f6\u00e4?<\/p>\n\n\n\n<p class=\"wp-block-paragraph\"><strong>Voit lukea lis\u00e4\u00e4 siit\u00e4, miksi ehdokkaaksi l\u00e4hteminen kannattaa <\/strong><a href=\"https:\/\/taiyo.fi\/en\/tule-ehdokkaaksi-taiyon-edustajistovaaleissa\/\"><strong>here<\/strong><\/a><strong>.<\/strong><\/p>\n\n\n\n<p class=\"wp-block-paragraph\">Tarkemmat tiedot vaaleista, yksityiskohtaiset ohjeet ehdolle asettumisesta ja kaikki tarvittavat lomakkeet l\u00f6ytyv\u00e4t TaiYo:n nettisivuilta osoitteesta <a href=\"https:\/\/taiyo.fi\/en\/edustajistovaalit\/\">www.taiyo.fi\/edustajistovaalit<\/a>. Lis\u00e4ksi vaalien perustiedot sis\u00e4lt\u00e4vi\u00e4 vaalijulistuksia ja ehdokaslomakkeita l\u00f6ytyy my\u00f6s paperisena kaikilta kampuksilta.<\/p>\n\n\n\n<p class=\"wp-block-paragraph\"><strong>More information:<br><\/strong>Vaality\u00f6ntekij\u00e4 Maria Valkeavuolle (maria.valkeavuolle@uniarts.fi, puh. 040&nbsp;846 3357)<br>P\u00e4\u00e4sihteeri Ville Sinnem\u00e4ki (taiyo-paasihteeri@uniarts.fi, puh. 040&nbsp;710 4296).<\/p>\n\n\n\n<figure class=\"wp-block-image\"><img loading=\"lazy\" decoding=\"async\" width=\"1080\" height=\"1080\" data-attachment-id=\"6572\" data-permalink=\"https:\/\/taiyo.fi\/en\/2019\/09\/12\/taiyon-edustajistovaalit-tulevat-lahde-sinakin-ehdolle-2019\/insta_nelio%cc%88_asetu_ehdolle_fi\/\" data-orig-file=\"https:\/\/i0.wp.com\/taiyo.fi\/wp-content\/uploads\/2019\/09\/insta_nelio%CC%88_asetu_ehdolle_FI.jpg?fit=1080%2C1080&amp;ssl=1\" data-orig-size=\"1080,1080\" data-comments-opened=\"0\" data-image-meta=\"{&quot;aperture&quot;:&quot;0&quot;,&quot;credit&quot;:&quot;&quot;,&quot;camera&quot;:&quot;&quot;,&quot;caption&quot;:&quot;&quot;,&quot;created_timestamp&quot;:&quot;0&quot;,&quot;copyright&quot;:&quot;&quot;,&quot;focal_length&quot;:&quot;0&quot;,&quot;iso&quot;:&quot;0&quot;,&quot;shutter_speed&quot;:&quot;0&quot;,&quot;title&quot;:&quot;&quot;,&quot;orientation&quot;:&quot;1&quot;}\" data-image-title=\"insta_nelio\u0308_asetu_ehdolle_FI\" data-image-description=\"\" data-image-caption=\"\" data-large-file=\"https:\/\/i0.wp.com\/taiyo.fi\/wp-content\/uploads\/2019\/09\/insta_nelio%CC%88_asetu_ehdolle_FI.jpg?fit=700%2C700&amp;ssl=1\" src=\"https:\/\/i2.wp.com\/taiyo.fi\/wp-content\/uploads\/2019\/09\/insta_nelio\u0308_asetu_ehdolle_FI.jpg?fit=900%2C900&amp;ssl=1\" alt=\"\" class=\"wp-image-6572\" srcset=\"https:\/\/i0.wp.com\/taiyo.fi\/wp-content\/uploads\/2019\/09\/insta_nelio%CC%88_asetu_ehdolle_FI.jpg?w=1080&amp;ssl=1 1080w, https:\/\/i0.wp.com\/taiyo.fi\/wp-content\/uploads\/2019\/09\/insta_nelio%CC%88_asetu_ehdolle_FI.jpg?resize=150%2C150&amp;ssl=1 150w, https:\/\/i0.wp.com\/taiyo.fi\/wp-content\/uploads\/2019\/09\/insta_nelio%CC%88_asetu_ehdolle_FI.jpg?resize=300%2C300&amp;ssl=1 300w, https:\/\/i0.wp.com\/taiyo.fi\/wp-content\/uploads\/2019\/09\/insta_nelio%CC%88_asetu_ehdolle_FI.jpg?resize=768%2C768&amp;ssl=1 768w, https:\/\/i0.wp.com\/taiyo.fi\/wp-content\/uploads\/2019\/09\/insta_nelio%CC%88_asetu_ehdolle_FI.jpg?resize=1024%2C1024&amp;ssl=1 1024w, https:\/\/i0.wp.com\/taiyo.fi\/wp-content\/uploads\/2019\/09\/insta_nelio%CC%88_asetu_ehdolle_FI.jpg?resize=65%2C65&amp;ssl=1 65w, https:\/\/i0.wp.com\/taiyo.fi\/wp-content\/uploads\/2019\/09\/insta_nelio%CC%88_asetu_ehdolle_FI.jpg?resize=50%2C50&amp;ssl=1 50w\" sizes=\"auto, (max-width: 1080px) 100vw, 1080px\" \/><\/figure>\n\n\n\n<h3 class=\"wp-block-heading\"><strong>KonSts d<\/strong><strong>elegationsval kommer \u2013\nkandidera du ocks\u00e5!<\/strong><\/h3>\n\n\n\n<p class=\"wp-block-paragraph\">H\u00f6sten 2019\nh\u00e5ller Konstuniversitetets studentk\u00e5r igen delegationsval. I valet utses 15\nordinarie delegationsmedlemmar och 15 suppleanter i KonSts delegation f\u00f6r en\nmandatperiod av tv\u00e5 \u00e5r. R\u00f6stber\u00e4ttigade i delegationsvalet \u00e4r alla\nn\u00e4rvaroanm\u00e4lda studentk\u00e5rsmedlemmar. Man kan r\u00f6sta i sin egen akademi under\nf\u00f6rhandsr\u00f6stningen 31.10 och p\u00e5 de egentliga valdagarna 5.11 och 6.11.<\/p>\n\n\n\n<p class=\"wp-block-paragraph\">Delegationen \u00e4r\nstudentk\u00e5rens h\u00f6gsta beslutande organ som bl.a. beslutar om studentk\u00e5rsavgiften\noch stadgarna, godk\u00e4nner verksamhetsplanen och budgeten samt v\u00e4ljer\nstudentk\u00e5rens styrelse och generalsekreterare och studentrepresentanterna i\nKonstuniversitetets styrelse. Nya delegationen ska ocks\u00e5 besluta om\nstudentk\u00e5rens konstpolitiska riktlinjer.<\/p>\n\n\n\n<p class=\"wp-block-paragraph\">Kandidera i valet\nkan alla medlemmar av Konstuniversitetets studentk\u00e5r som har anm\u00e4lt sig som\nn\u00e4rvarande eller fr\u00e5nvarande vid Konstuniversitetet. Kandidatuppst\u00e4llningen\np\u00e5g\u00e5r just nu och alla kandidatanm\u00e4lningar och avtal om valf\u00f6rbund och\nvalringar ska l\u00e4mnas in senast 9.10 f\u00f6re kl. 12.00.<\/p>\n\n\n\n<p class=\"wp-block-paragraph\"><strong>Vi uppmanar alla studerande vid Konstuniversitetet som intresserar sig f\u00f6r gemensamma fr\u00e5gor att kandidera! <\/strong>Du beh\u00f6ver inte ha tidigare erfarenhet av studentk\u00e5rsverksamhet och det kr\u00e4vs inte mycket tid f\u00f6r att medverka i delegationen, men som delegationsmedlem f\u00e5r du chansen att p\u00e5verka studie\u00e4renden, l\u00e4ra dig nya saker, f\u00e5 nyttig erfarenhet och l\u00e4ra k\u00e4nna nya m\u00e4nniskor fr\u00e5n olika akademier. Hur skulle du utveckla Finlands st\u00f6rsta samh\u00e4lle av unga artister?<\/p>\n\n\n\n<p class=\"wp-block-paragraph\"><strong>Du kan l\u00e4sa mer om varf\u00f6r det \u00e4r en bra id\u00e9 att kandidera <\/strong><a href=\"https:\/\/taiyo.fi\/en\/tule-ehdokkaaksi-taiyon-edustajistovaaleissa\/\"><strong>h\u00e4r<\/strong><\/a><strong>.<\/strong><\/p>\n\n\n\n<p class=\"wp-block-paragraph\">N\u00e4rmare information om valet, anvisningar f\u00f6r hur man st\u00e4ller upp som kandidat och alla n\u00f6dv\u00e4ndiga blanketter finns p\u00e5 KonSts webbplats <a href=\"https:\/\/taiyo.fi\/en\/edustajistovaalit\/\">www.taiyo.fi\/edustajistovaalit<\/a>. Dessutom finns valaffischer och kandidatblanketter i pappersform p\u00e5 alla campus.<\/p>\n\n\n\n<p class=\"wp-block-paragraph\"><strong>Mera information:<br><\/strong>Valarbetare Maria Valkeavuolle (maria.valkeavuolle@uniarts.fi, tfn 040&nbsp;846 3357)<br>Generalsekreterare Ville Sinnem\u00e4ki (taiyo-paasihteeri@uniarts.fi, tfn 040&nbsp;710 4296).<\/p>\n\n\n\n<figure class=\"wp-block-image\"><img loading=\"lazy\" decoding=\"async\" width=\"1080\" height=\"1080\" data-attachment-id=\"6573\" data-permalink=\"https:\/\/taiyo.fi\/en\/2019\/09\/12\/taiyon-edustajistovaalit-tulevat-lahde-sinakin-ehdolle-2019\/insta_nelio%cc%88_asetu_ehdolle2_en\/\" data-orig-file=\"https:\/\/i0.wp.com\/taiyo.fi\/wp-content\/uploads\/2019\/09\/insta_nelio%CC%88_asetu_ehdolle2_EN.jpg?fit=1080%2C1080&amp;ssl=1\" data-orig-size=\"1080,1080\" data-comments-opened=\"0\" data-image-meta=\"{&quot;aperture&quot;:&quot;0&quot;,&quot;credit&quot;:&quot;&quot;,&quot;camera&quot;:&quot;&quot;,&quot;caption&quot;:&quot;&quot;,&quot;created_timestamp&quot;:&quot;0&quot;,&quot;copyright&quot;:&quot;&quot;,&quot;focal_length&quot;:&quot;0&quot;,&quot;iso&quot;:&quot;0&quot;,&quot;shutter_speed&quot;:&quot;0&quot;,&quot;title&quot;:&quot;&quot;,&quot;orientation&quot;:&quot;1&quot;}\" data-image-title=\"insta_nelio\u0308_asetu_ehdolle2_EN\" data-image-description=\"\" data-image-caption=\"\" data-large-file=\"https:\/\/i0.wp.com\/taiyo.fi\/wp-content\/uploads\/2019\/09\/insta_nelio%CC%88_asetu_ehdolle2_EN.jpg?fit=700%2C700&amp;ssl=1\" src=\"https:\/\/i1.wp.com\/taiyo.fi\/wp-content\/uploads\/2019\/09\/insta_nelio\u0308_asetu_ehdolle2_EN.jpg?fit=900%2C900&amp;ssl=1\" alt=\"\" class=\"wp-image-6573\" srcset=\"https:\/\/i0.wp.com\/taiyo.fi\/wp-content\/uploads\/2019\/09\/insta_nelio%CC%88_asetu_ehdolle2_EN.jpg?w=1080&amp;ssl=1 1080w, https:\/\/i0.wp.com\/taiyo.fi\/wp-content\/uploads\/2019\/09\/insta_nelio%CC%88_asetu_ehdolle2_EN.jpg?resize=150%2C150&amp;ssl=1 150w, https:\/\/i0.wp.com\/taiyo.fi\/wp-content\/uploads\/2019\/09\/insta_nelio%CC%88_asetu_ehdolle2_EN.jpg?resize=300%2C300&amp;ssl=1 300w, https:\/\/i0.wp.com\/taiyo.fi\/wp-content\/uploads\/2019\/09\/insta_nelio%CC%88_asetu_ehdolle2_EN.jpg?resize=768%2C768&amp;ssl=1 768w, https:\/\/i0.wp.com\/taiyo.fi\/wp-content\/uploads\/2019\/09\/insta_nelio%CC%88_asetu_ehdolle2_EN.jpg?resize=1024%2C1024&amp;ssl=1 1024w, https:\/\/i0.wp.com\/taiyo.fi\/wp-content\/uploads\/2019\/09\/insta_nelio%CC%88_asetu_ehdolle2_EN.jpg?resize=65%2C65&amp;ssl=1 65w, https:\/\/i0.wp.com\/taiyo.fi\/wp-content\/uploads\/2019\/09\/insta_nelio%CC%88_asetu_ehdolle2_EN.jpg?resize=50%2C50&amp;ssl=1 50w\" sizes=\"auto, (max-width: 1080px) 100vw, 1080px\" \/><\/figure>\n\n\n\n<h3 class=\"wp-block-heading\"><strong>ArtSU\u2019s council elections are coming up \u2013 now\nis the time to run for council!<\/strong><\/h3>\n\n\n\n<p class=\"wp-block-paragraph\">University\nof the Arts Student Union\u2019s representative council elections are coming up\nagain this fall. In the elections, 15 members and 15 vice members will be\nelected to ArtSU\u2019s representative council for a two year term. All Student\nUnion members who are registered as present students have the right to vote in\nthe election. Voting takes place on October 31 (advance voting day) and\nNovember 5-6 (official voting days) in the premises of your own academy.<\/p>\n\n\n\n<p class=\"wp-block-paragraph\">The representative\ncouncil is the highest decision-making body of the Student Union and decides\ne.g. on ArtSU\u2019s statutes, membership fee, action plan and budget and appoints\nthe Student Union\u2019s executive board and secretary general as well as the\nstudent members of the University\u2019s executive board. The new Council also gets\nto decide on the Student Union\u2019s arts policy paper.<\/p>\n\n\n\n<p class=\"wp-block-paragraph\">Every Student\nUnion member (registered as a present or absent student) can become a candidate\nand run for council. The nomination of candidates is now on, and all nomination\nforms as well as coalition and alliance agreements must be submitted by October\n9, 12.00 noon.<\/p>\n\n\n\n<p class=\"wp-block-paragraph\"><strong>We encourage all students who are interested in the students\u2019 common affairs to run for council! <\/strong>There are no requirements of previous experience and being a council member doesn\u2019t take too much of your time, but it gives you the chance to influence student affairs, learn new things, get valuable experience and meet new people from different academies. How would you develop Finland\u2019s biggest community of young artists?<\/p>\n\n\n\n<p class=\"wp-block-paragraph\"><strong>You can read more about why it is a good idea to become a candidate <\/strong><a href=\"https:\/\/taiyo.fi\/en\/tule-ehdokkaaksi-taiyon-edustajistovaaleissa\/\"><strong>here<\/strong><\/a><strong>.<\/strong><\/p>\n\n\n\n<p class=\"wp-block-paragraph\">More information on the elections, instructions on running for council and nomination forms can be found on the Student Union\u2019s website at <a href=\"https:\/\/taiyo.fi\/en\/edustajistovaalit\/\">www.taiyo.fi\/edustajistovaalit<\/a>. The election declaration and nomination forms are also available in paper format on all campuses.<\/p>\n\n\n\n<p class=\"wp-block-paragraph\"><strong>More information:<br><\/strong>Election coordinator Maria Valkeavuolle (maria.valkeavuolle@uniarts.fi, tel. 040&nbsp;846 3357)<br>Secretary General Ville Sinnem\u00e4ki (taiyo-paasihteeri@uniarts.fi, tel. 040&nbsp;710 4296).<\/p>","protected":false},"excerpt":{"rendered":"<p>P\u00e5 svenska nedan \/ In English below Taideyliopiston ylioppilaskunnan edustajistovaalit j\u00e4rjestet\u00e4\u00e4n taas syksyll\u00e4 2019. Vaaleissa valitaan TaiYo:n edustajistoon 2 vuoden toimikaudeksi 15 [&hellip;]<\/p>\n","protected":false},"author":13,"featured_media":6620,"comment_status":"closed","ping_status":"open","sticky":false,"template":"","format":"standard","meta":{"_coblocks_attr":"","_coblocks_dimensions":"","_coblocks_responsive_height":"","_coblocks_accordion_ie_support":"","_crdt_document":"","advanced_seo_description":"","jetpack_seo_html_title":"","jetpack_seo_noindex":false,"_jetpack_memberships_contains_paid_content":false,"footnotes":"","jetpack_publicize_message":"","jetpack_publicize_feature_enabled":true,"jetpack_social_post_already_shared":true,"jetpack_social_options":{"image_generator_settings":{"template":"highway","default_image_id":0,"font":"","enabled":false},"version":2},"_wpas_customize_per_network":false},"categories":[1],"tags":[143981783],"class_list":["post-6557","post","type-post","status-publish","format-standard","has-post-thumbnail","hentry","category-taiyo","tag-featured"],"jetpack_publicize_connections":[],"jetpack_featured_media_url":"https:\/\/i0.wp.com\/taiyo.fi\/wp-content\/uploads\/2019\/09\/leikattu_telkkari_asetu_ehdolle_FI.jpg?fit=1366%2C509&ssl=1","jetpack_sharing_enabled":true,"jetpack_shortlink":"https:\/\/wp.me\/p2w00X-1HL","jetpack_likes_enabled":true,"amp_enabled":true,"_links":{"self":[{"href":"https:\/\/taiyo.fi\/en\/wp-json\/wp\/v2\/posts\/6557","targetHints":{"allow":["GET"]}}],"collection":[{"href":"https:\/\/taiyo.fi\/en\/wp-json\/wp\/v2\/posts"}],"about":[{"href":"https:\/\/taiyo.fi\/en\/wp-json\/wp\/v2\/types\/post"}],"author":[{"embeddable":true,"href":"https:\/\/taiyo.fi\/en\/wp-json\/wp\/v2\/users\/13"}],"replies":[{"embeddable":true,"href":"https:\/\/taiyo.fi\/en\/wp-json\/wp\/v2\/comments?post=6557"}],"version-history":[{"count":5,"href":"https:\/\/taiyo.fi\/en\/wp-json\/wp\/v2\/posts\/6557\/revisions"}],"predecessor-version":[{"id":6588,"href":"https:\/\/taiyo.fi\/en\/wp-json\/wp\/v2\/posts\/6557\/revisions\/6588"}],"wp:featuredmedia":[{"embeddable":true,"href":"https:\/\/taiyo.fi\/en\/wp-json\/wp\/v2\/media\/6620"}],"wp:attachment":[{"href":"https:\/\/taiyo.fi\/en\/wp-json\/wp\/v2\/media?parent=6557"}],"wp:term":[{"taxonomy":"category","embeddable":true,"href":"https:\/\/taiyo.fi\/en\/wp-json\/wp\/v2\/categories?post=6557"},{"taxonomy":"post_tag","embeddable":true,"href":"https:\/\/taiyo.fi\/en\/wp-json\/wp\/v2\/tags?post=6557"}],"curies":[{"name":"wp","href":"https:\/\/api.w.org\/{rel}","templated":true}]}}