{"id":640,"date":"2013-02-25T12:28:09","date_gmt":"2013-02-25T10:28:09","guid":{"rendered":"http:\/\/taiyo.fi\/?p=640"},"modified":"2013-02-25T12:28:09","modified_gmt":"2013-02-25T10:28:09","slug":"kannanotto-jarki-takaisin-opintotukikeskusteluun","status":"publish","type":"post","link":"https:\/\/taiyo.fi\/en\/2013\/02\/25\/kannanotto-jarki-takaisin-opintotukikeskusteluun\/","title":{"rendered":"Kannanotto: J\u00e4rki takaisin opintotukikeskusteluun!"},"content":{"rendered":"<p>Ylioppilas- ja opiskelijakuntien yhteiskannanotto:<br \/>\n<strong>J\u00e4rki takaisin opintotukikeskusteluun!<\/strong><\/p>\n<p>Opiskelijaliike on raivostunut siit\u00e4, miten\u00a0opiskelijoiden perusoikeus ihmisarvoiseen toimeentuloon asetetaan j\u00e4lleen kerran kyseenalaiseksi. Vuosi sitten p\u00e4\u00e4tettiin perustaa\u00a0ty\u00f6ryhm\u00e4, jonka teht\u00e4v\u00e4n\u00e4 oli keksi\u00e4 puolessa vuodessa kustannusneutraali\u00a0t\u00e4ysuudistus opintotukeen ja lyhent\u00e4\u00e4 sill\u00e4 opintoaikoja. Ty\u00f6ryhm\u00e4n\u00a0aikataulu ja tavoitteet olivat alun perinkin t\u00e4ysin ep\u00e4realistisia.\u00a0 Aikataulun puitteissa ei ollut mahdollisuutta kuulla asiantuntijoita\u00a0saatika tehd\u00e4 kunnollisia laskelmia. Tavoite puolestaan\u00a0oli \u2013 ja on edelleen \u2013\u00a0suunnattu v\u00e4\u00e4r\u00e4\u00e4n paikkaan. Opintoaikojen lyhentymiseen voidaan\u00a0vaikuttaa hyv\u00e4ll\u00e4 koulutuspolitiikalla, ei tiukentamalla el\u00e4misen\u00a0perusedellytyksi\u00e4.<\/p>\n<p>Yll\u00e4tyksen\u00e4 ei tullut, ett\u00e4 ty\u00f6ryhm\u00e4 ei p\u00e4\u00e4ssyt mihink\u00e4\u00e4n lopputulokseen. Keskustelu opintotuen tulevaisuudesta\u00a0siirrettiin t\u00e4ll\u00e4 poliittisella suhmuroinnilla kabinetteihin.\u00a0 Opiskelijat on j\u00e4tetty odottamaan varpaillaan, mit\u00e4 heid\u00e4n p\u00e4\u00e4ns\u00e4\u00a0menoksi seuraavaksi keksit\u00e4\u00e4n. Joka suunnasta heitell\u00e4\u00e4n yht\u00e4 \u00e4lytt\u00f6mi\u00e4\u00a0ajatuksia. Toiset haluavat muuttaa opintotukea niin, ett\u00e4 opintojen loppuvaiheessa saisi opintorahan sijaan pelkk\u00e4\u00e4 lainaa, kun taas toiset\u00a0mieluummin rajoittaisivat opintotukikuukausien\u00a0k\u00e4ytt\u00f6aikaa.<\/p>\n<p>\u201dEih\u00e4n kukaan voi tosissaan kuvitella, ett\u00e4 heikent\u00e4m\u00e4ll\u00e4 loppuvaiheessa olevien opiskelijoiden\u00a0toimeentuloa voidaan kannustaa ket\u00e4\u00e4n valmistumaan\u201d,\u00a0ihmettelee Tamyn hallituksen puheenjohtaja Jari J\u00e4rvenp\u00e4\u00e4.<\/p>\n<p>Paine ty\u00f6urien pident\u00e4miseen on kova, mutta\u00a0toimimattomien n\u00e4enn\u00e4isratkaisujen kehitt\u00e4minen kertoo l\u00e4hinn\u00e4\u00a0poliitikkojen lyhytn\u00e4k\u00f6isest\u00e4 ajattelusta. Tiukentamalla todella niukkaa opintotukea entisest\u00e4\u00e4n\u00a0ja lis\u00e4\u00e4m\u00e4ll\u00e4 opiskeluaikaista taloudellista ep\u00e4varmuutta ei saada opiskelijoita valmistumaan nopeammin. Lainapainotteisempi opintotuki\u00a0lis\u00e4isi ty\u00f6ntekoa entisest\u00e4\u00e4n ja opintotukikuukausien m\u00e4\u00e4r\u00e4\u00e4 tai\u00a0k\u00e4ytt\u00f6aikaa rajaamalla lis\u00e4tt\u00e4isiin opintonsa kokonaan keskeytt\u00e4vien\u00a0m\u00e4\u00e4r\u00e4\u00e4. L\u00e4hes kaikissa ehdotuksissa palkitaan niit\u00e4, jotka p\u00e4rj\u00e4\u00e4v\u00e4t\u00a0hyvin, mutta tiukennetaan jo valmiiksi vaikeassa taloudellisessa\u00a0asemassa olevien, kuten perheellisten opiskelijoiden ja mielenterveyskuntoutujien, asemaa entisest\u00e4\u00e4n.<\/p>\n<p>\u201dHeikoimmassa asemassa olevien selk\u00e4nahasta ei voida nyht\u00e4\u00e4 valtiontalouden s\u00e4\u00e4st\u00f6j\u00e4. Viimeist\u00e4\u00e4n nyt opiskelijoiden mitta on\u00a0t\u00e4yttynyt!\u201d, julistaa TUOn opiskelijakunnan hallituksen puheenjohtaja Heini Kuusisto.<\/p>\n<p>Viimeiset opintotukeen kohdistetut mittavat\u00a0uudistukset astuivat voimaan vuonna 2011, alle kaksi vuotta sitten.\u00a0 Milloin opiskelijoiden annetaan keskitty\u00e4 opiskeluun? Miksi ei keskityt\u00e4\u00a0jo tehtyjen muutosten seuraamiseen ja arviointiin? Opintotuen on tarkoitus turvata opiskelijoiden toimeentulo. On t\u00e4ysin ala-arvoista ja vastuutonta k\u00e4ytt\u00e4\u00e4 opintotukikeskustelua poliittisena h\u00e4m\u00e4ysliikkeen\u00e4, koska ty\u00f6urakeskustelun oikeasti hankalia kysymyksi\u00e4 el\u00e4kei\u00e4st\u00e4, ty\u00f6ss\u00e4 jaksamisen ongelmista ja kannustinloukkuja\u00a0luovasta etuusj\u00e4rjestelm\u00e4st\u00e4 ei olla valmiita ratkaisemaan. Opintotukea kirist\u00e4vill\u00e4 toimenpiteill\u00e4 ei saavuteta haluttuja tuloksia.\u00a0 Asiantuntijat ovat jo moneen kertaan todenneet opintotuen riitt\u00e4m\u00e4tt\u00f6m\u00e4n tason p\u00e4\u00e4asialliseksi opintoja hidastavaksi tekij\u00e4ksi.\u00a0 Nyt on aika tehd\u00e4 p\u00e4\u00e4t\u00f6ksi\u00e4 oikean tiedon eik\u00e4 vain poliittisen paineen perusteella.<\/p>\n<p>Piia Kuosmanen, Aalto-yliopiston ylioppilaskunnan hallituksen puheenjohtaja<\/p>\n<p>Lauri Koskentausta, Helsingin yliopiston ylioppilaskunnan hallituksen puheenjohtaja<\/p>\n<p>Mari Kr\u00f6ger, Jyv\u00e4skyl\u00e4n yliopiston ylioppilaskunnan hallituksen puheenjohtaja<\/p>\n<p>Valle Uimonen, Oulun yliopiston ylioppilaskunnan hallituksen puheenjohtaja<\/p>\n<p>Annika Kempe, Taideyliopiston ylioppilaskunnan hallituksen puheenjohtaja<\/p>\n<p>Markus Karppanen, Tampereen teknillisen yliopiston ylioppilaskunnan hallituksen puheenjohtaja<\/p>\n<p>Jari J\u00e4rvenp\u00e4\u00e4, Tampereen yliopiston ylioppilaskunnan hallituksen puheenjohtaja<\/p>\n<p>Heikki Isotalo, Turun yliopiston ylioppilaskunnan hallituksen puheenjohtaja<\/p>\n<p>Ina Bistr\u00f6m, \u00c5bo Akademis Studentk\u00e5rs styrelseordf\u00f6rande<\/p>\n<p>Heini Kuusisto, Turun ammattikorkeakoulun opiskelijakunta \u2013 TUOn hallituksen puheenjohtaja<\/p>\n<p>Emma Koskimaa, Humanistisen ammattikorkeakoulun opiskelijakunta HUMAKOn hallituksen puheenjohtaja<\/p>\n<p>Igor Parri, Haaga-Helian opiskelijakunta HELGAn hallituksen puheenjohtaja<\/p>\n<p>Antti Erkheikki, Kemi-Tornion ammattikorkeakoulun opiskelijakunta KETOAKKUn hallituksen puheenjohtaja<\/p>\n<p>Riku Kemppinen, H\u00e4meen ammattikorkeakoulun opiskelijakunta HAMKOn hallituksen puheenjohtaja<\/p>\n<p>Patrik Eskelinen, Saimaan ammattikorkeakoulun opiskelijakunta SAIKOn hallituksen puheenjohtaja<\/p>\n<p>Pasi Toivonen, Lahden ammattikorkekoulun opiskelijakunta LAMKOn hallituksen puheenjohtaja<\/p>\n<p>Ida Talvinen, Satakunnan ammattikorkeakoulun opiskelijakunta SAMMAKKOn hallituksen puheenjohtaja<\/p>\n<p>Erkko Virtanen, Diakonia ammattikorkeakoulun opiskelijakunta \u2013 O\u00b4Diakon hallituksen puheenjohtaja<\/p>\n<p>Joonas Peltonen, Opiskelijakunta POKAn hallituksen puheenjohtaja<\/p>\n<p>Henri M\u00e4ntysaari, Tampereen ammattikorkeakoulun opiskelijakunta Tamkon hallituksen puheenjohtaja<\/p>\n<p>Matti Lepp\u00e4lehto, Sein\u00e4joen ammattikorkeakoulun opiskelijakunta SAMOn hallituksen puheenjohtaja<\/p>\n<p>Aleksanteri Repo, Kymenlaakson ammattikorkeakoulun opiskelijakunta Klaanin hallituksen puheenjohtaja<\/p>\n<p>Mikkel N\u00e4kk\u00e4l\u00e4j\u00e4rvi, Vaasan ammattikorkeakoulun opiskelijakunta VAMOKin hallituksen puheenjohtaja<\/p>\n<p>Neea Liinp\u00e4\u00e4, Jyv\u00e4skyl\u00e4n ammattikorkeakoulun opiskelijakunta JAMKOn hallituksen puheenjohtaja<\/p>\n<p>Tekla Hietala, Savonia ammattikorkeakoulun opiskelijakunta SAVOTTAn hallituksen puheenjohtaja<\/p>\n<p>Susanne Lievonen, Laurea-Ammattikorkeakoulun opiskelijakunta LAUREAMKOn hallituksen puheenjohtaja<\/p>\n<p>Noora Nousiainen, Oulun seudun ammattikorkeakoulun opiskelijakunta OSAKOn hallituksen puheenjohtaja<\/p>\n<p>Nita Ahola, Mikkelin ammatikorkeakoulun opiskelijakunta MAMOKin hallituksen puheenjohtaja<\/p>\n<p>Daniel Nenonen, Studerandek\u00e5ren Noviums styrelseordf\u00f6rande<\/p>\n<p>Jussi Lammi, Opiskelijakunta COPSAn hallituksen puheenjohtaja<\/p>\n<p>Joona Jakkila, Opiskelijakunta CAMOSin hallituksen puheenjohtaja<\/p>\n<p>Janne Kallunki, Kajaanin ammattikorkeakoulun opiskelijakunta KAMOn hallituksen puheenjohtaja<\/p>\n<p>Jenna Martikainen, Arcada studerandek\u00e5r &#8211; ASKs styrelseordf\u00f6rande<\/p>\n<p>&nbsp;<\/p>","protected":false},"excerpt":{"rendered":"<p>Ylioppilas- ja opiskelijakuntien yhteiskannanotto: J\u00e4rki takaisin opintotukikeskusteluun! Opiskelijaliike on raivostunut siit\u00e4, miten\u00a0opiskelijoiden perusoikeus ihmisarvoiseen toimeentuloon asetetaan j\u00e4lleen kerran kyseenalaiseksi. Vuosi sitten p\u00e4\u00e4tettiin [&hellip;]<\/p>\n","protected":false},"author":13,"featured_media":0,"comment_status":"open","ping_status":"open","sticky":false,"template":"","format":"standard","meta":{"_coblocks_attr":"","_coblocks_dimensions":"","_coblocks_responsive_height":"","_coblocks_accordion_ie_support":"","_crdt_document":"","advanced_seo_description":"","jetpack_seo_html_title":"","jetpack_seo_noindex":false,"_jetpack_memberships_contains_paid_content":false,"footnotes":"","jetpack_publicize_message":"","jetpack_publicize_feature_enabled":true,"jetpack_social_post_already_shared":false,"jetpack_social_options":{"image_generator_settings":{"template":"highway","default_image_id":0,"font":"","enabled":false},"version":2},"_wpas_customize_per_network":false},"categories":[1],"tags":[],"class_list":["post-640","post","type-post","status-publish","format-standard","hentry","category-taiyo"],"jetpack_publicize_connections":[],"jetpack_featured_media_url":"","jetpack_sharing_enabled":true,"jetpack_shortlink":"https:\/\/wp.me\/p2w00X-ak","jetpack_likes_enabled":true,"amp_enabled":true,"_links":{"self":[{"href":"https:\/\/taiyo.fi\/en\/wp-json\/wp\/v2\/posts\/640","targetHints":{"allow":["GET"]}}],"collection":[{"href":"https:\/\/taiyo.fi\/en\/wp-json\/wp\/v2\/posts"}],"about":[{"href":"https:\/\/taiyo.fi\/en\/wp-json\/wp\/v2\/types\/post"}],"author":[{"embeddable":true,"href":"https:\/\/taiyo.fi\/en\/wp-json\/wp\/v2\/users\/13"}],"replies":[{"embeddable":true,"href":"https:\/\/taiyo.fi\/en\/wp-json\/wp\/v2\/comments?post=640"}],"version-history":[{"count":2,"href":"https:\/\/taiyo.fi\/en\/wp-json\/wp\/v2\/posts\/640\/revisions"}],"predecessor-version":[{"id":642,"href":"https:\/\/taiyo.fi\/en\/wp-json\/wp\/v2\/posts\/640\/revisions\/642"}],"wp:attachment":[{"href":"https:\/\/taiyo.fi\/en\/wp-json\/wp\/v2\/media?parent=640"}],"wp:term":[{"taxonomy":"category","embeddable":true,"href":"https:\/\/taiyo.fi\/en\/wp-json\/wp\/v2\/categories?post=640"},{"taxonomy":"post_tag","embeddable":true,"href":"https:\/\/taiyo.fi\/en\/wp-json\/wp\/v2\/tags?post=640"}],"curies":[{"name":"wp","href":"https:\/\/api.w.org\/{rel}","templated":true}]}}