{"id":6347,"date":"2019-08-05T12:55:48","date_gmt":"2019-08-05T10:55:48","guid":{"rendered":"https:\/\/taiyo.fi\/?p=6347"},"modified":"2019-08-09T19:59:39","modified_gmt":"2019-08-09T17:59:39","slug":"taiyon-toimiston-ja-lukuvuositarrojen-jaon-aikataulut-opening-hours-for-artsus-office-and-for-handing-out-term-stickers","status":"publish","type":"post","link":"https:\/\/taiyo.fi\/en\/2019\/08\/05\/taiyon-toimiston-ja-lukuvuositarrojen-jaon-aikataulut-opening-hours-for-artsus-office-and-for-handing-out-term-stickers\/","title":{"rendered":"TaiYo:n toimiston ja lukuvuositarrojen jaon aikataulut &#8211; Opening hours for ArtSU\u2019s office and for handing out term stickers"},"content":{"rendered":"<p class=\"wp-block-paragraph\">TaiYo:n toimisto (Nervanderinkatu 13, 4. krs) on kes\u00e4tauon j\u00e4lkeen\ntaas avoinna ja palvelee 16.8. asti ma-ti &amp; to-pe klo 14-16 ja ke klo 14-18.\n19.8. l\u00e4htien toimistolla on laajennetut aukioloajat, ja nelj\u00e4n viikon ajan eli\n13.9. asti se palvelee ma-ti ja to-pe klo 12-16 sek\u00e4 ke klo 12-18. Sek\u00e4 uudet\nlukuvuositarrat ett\u00e4 kalenterit ovat jo jaossa toimistolla.<\/p>\n\n\n\n<p class=\"wp-block-paragraph\">Toimiston lis\u00e4ksi TaiYo:lla on ajalla 21.8.-4.9. k\u00e4yt\u00f6ss\u00e4 ylim\u00e4\u00e4r\u00e4iset\nlukuvuositarrojen ja kalenterien jakelupisteet Kuvataideakatemian ja\nTeatterikorkeakoulun ala-auloissa. TeaKin tarranjakopiste on avoinna ma-pe klo\n11-13 ja KuvAn tarranjakopiste ma-pe klo 14-16.<\/p>\n\n\n\n<p class=\"wp-block-paragraph\"><strong>\u00d6ppettider f\u00f6r KonSts kansli och utdelning av l\u00e4s\u00e5rsdekaler<\/strong><\/p>\n\n\n\n<p class=\"wp-block-paragraph\">KonSts kansli (Nervandersgatan\n13, 4 v\u00e5n.) har igen \u00f6ppet efter sommarlovet, och t.o.m. 16.8 har kansliet\n\u00f6ppet m\u00e5-ti &amp; to-fr kl. 14-16 och on kl. 14-18. Under perioden 19.8-13.9\nska kansliet ha l\u00e4ngre \u00f6ppettider: m\u00e5-ti &amp; to-fr kl. 12-16 och on kl. 12-18.\nMan kan redan h\u00e4mta sin l\u00e4s\u00e5rsdekal och nya kalendern fr\u00e5n kansliet.<\/p>\n\n\n\n<p class=\"wp-block-paragraph\">Under perioden 21.8-4.9 finns det ocks\u00e5 separata utdelningspunkter f\u00f6r l\u00e4s\u00e5rsdekaler och kalendrar p\u00e5 Bildkonstakademin och Teaterh\u00f6gskolan. Utdelningspunkten p\u00e5 TeaK har \u00f6ppet m\u00e5-fre kl. 11-13 och Utdelningspunkten p\u00e5 KuvA m\u00e5-fre kl. 14-16.<\/p>\n\n\n\n<p class=\"wp-block-paragraph\"><strong>Opening hours for ArtSU\u2019s office and for handing out term stickers<\/strong><\/p>\n\n\n\n<p class=\"wp-block-paragraph\">ArtSU\u2019s\noffice (Nervanderinkatu 13, 4th floor) is again open after the summer break and\nis open until 16 Aug on Mon-Tue &amp; Thu-Fri at 14-16 and on Wed at 14-18. From\n19 August to 13 September, the office will have longer opening hours and will\nbe open on Mon-Tue &amp; Thu-Fri at 12-16 and on Wed at 12-18. You can already\nget your new term sticker and the student calendar at the office.<\/p>\n\n\n\n<p class=\"wp-block-paragraph\">From August 21 to\nSeptember 4 there will also be additional service points at the Academy of Fine\nArts and Theatre Academy for handing out term stickers and calendars. The service point in TeaK will be open\nMon-Fri 11-13 and the service point\nin KuvA Mon-Fri 14-16.<\/p>","protected":false},"excerpt":{"rendered":"<p>TaiYo:n toimisto (Nervanderinkatu 13, 4. krs) on kes\u00e4tauon j\u00e4lkeen taas avoinna ja palvelee 16.8. asti ma-ti &amp; to-pe klo 14-16 ja ke [&hellip;]<\/p>\n","protected":false},"author":13,"featured_media":2366,"comment_status":"closed","ping_status":"open","sticky":false,"template":"","format":"standard","meta":{"_coblocks_attr":"","_coblocks_dimensions":"","_coblocks_responsive_height":"","_coblocks_accordion_ie_support":"","_crdt_document":"","advanced_seo_description":"","jetpack_seo_html_title":"","jetpack_seo_noindex":false,"_jetpack_memberships_contains_paid_content":false,"footnotes":"","jetpack_publicize_message":"","jetpack_publicize_feature_enabled":true,"jetpack_social_post_already_shared":true,"jetpack_social_options":{"image_generator_settings":{"template":"highway","default_image_id":0,"font":"","enabled":false},"version":2},"_wpas_customize_per_network":false},"categories":[1],"tags":[143981783],"class_list":["post-6347","post","type-post","status-publish","format-standard","has-post-thumbnail","hentry","category-taiyo","tag-featured"],"jetpack_publicize_connections":[],"jetpack_featured_media_url":"https:\/\/i0.wp.com\/taiyo.fi\/wp-content\/uploads\/2014\/06\/taiyo-nettibanneri.jpg?fit=784%2C296&ssl=1","jetpack_sharing_enabled":true,"jetpack_shortlink":"https:\/\/wp.me\/p2w00X-1En","jetpack_likes_enabled":true,"amp_enabled":true,"_links":{"self":[{"href":"https:\/\/taiyo.fi\/en\/wp-json\/wp\/v2\/posts\/6347","targetHints":{"allow":["GET"]}}],"collection":[{"href":"https:\/\/taiyo.fi\/en\/wp-json\/wp\/v2\/posts"}],"about":[{"href":"https:\/\/taiyo.fi\/en\/wp-json\/wp\/v2\/types\/post"}],"author":[{"embeddable":true,"href":"https:\/\/taiyo.fi\/en\/wp-json\/wp\/v2\/users\/13"}],"replies":[{"embeddable":true,"href":"https:\/\/taiyo.fi\/en\/wp-json\/wp\/v2\/comments?post=6347"}],"version-history":[{"count":1,"href":"https:\/\/taiyo.fi\/en\/wp-json\/wp\/v2\/posts\/6347\/revisions"}],"predecessor-version":[{"id":6348,"href":"https:\/\/taiyo.fi\/en\/wp-json\/wp\/v2\/posts\/6347\/revisions\/6348"}],"wp:featuredmedia":[{"embeddable":true,"href":"https:\/\/taiyo.fi\/en\/wp-json\/wp\/v2\/media\/2366"}],"wp:attachment":[{"href":"https:\/\/taiyo.fi\/en\/wp-json\/wp\/v2\/media?parent=6347"}],"wp:term":[{"taxonomy":"category","embeddable":true,"href":"https:\/\/taiyo.fi\/en\/wp-json\/wp\/v2\/categories?post=6347"},{"taxonomy":"post_tag","embeddable":true,"href":"https:\/\/taiyo.fi\/en\/wp-json\/wp\/v2\/tags?post=6347"}],"curies":[{"name":"wp","href":"https:\/\/api.w.org\/{rel}","templated":true}]}}