{"id":5730,"date":"2019-01-17T18:02:28","date_gmt":"2019-01-17T16:02:28","guid":{"rendered":"https:\/\/taiyo.fi\/?p=5730"},"modified":"2019-01-17T18:02:28","modified_gmt":"2019-01-17T16:02:28","slug":"taiyon-hallitus-jakoi-vastuualueet-vuodelle-2019-artsus-executive-board-organized-for-2019","status":"publish","type":"post","link":"https:\/\/taiyo.fi\/en\/2019\/01\/17\/taiyon-hallitus-jakoi-vastuualueet-vuodelle-2019-artsus-executive-board-organized-for-2019\/","title":{"rendered":"TaiYo:n hallitus jakoi vastuualueet vuodelle 2019 &#8211; ArtSU&#8217;s Executive Board organized for 2019"},"content":{"rendered":"<p>Ylioppilaskunnan vuoden 2019 hallitus piti ensimm\u00e4isen kokouksensa 16.1.2019 ja p\u00e4\u00e4tti keskin\u00e4isest\u00e4 ty\u00f6njaostaan seuraavasti:<\/p>\n<ul>\n<li>Sofia Suomalainen: hallituksen puheenjohtaja<\/li>\n<li>Hanna Hyyti\u00e4inen: varapj., kulttuuripolitiikka, kansainv\u00e4liset asiat<\/li>\n<li>Tuomas Kettunen: varapj., koulutuspolitiikka, tuutorointi<\/li>\n<li>Sofia Charifi: viestint\u00e4, kaupunkiasiat<\/li>\n<li>Santtu Laine: Vapaan taiteen tila, ty\u00f6el\u00e4m\u00e4asiat, kehitysyhteisty\u00f6<\/li>\n<li>Laura Renvall: sosiaalipolitiikka, opiskelijayhteis\u00f6<\/li>\n<li>Aurora Visa: tapahtumat, koulutuspolitiikka<\/li>\n<\/ul>\n<p>Hallituksen j\u00e4senten yhteystiedot l\u00f6ytyv\u00e4t\u00a0<a href=\"https:\/\/taiyo.fi\/en\/ylioppilaskunta\/hallitus\/\">The Board<\/a>-sivulta. Mik\u00e4li sinulla on kysytt\u00e4v\u00e4\u00e4 tai tiedotettavaa ylioppilaskunnan suuntaan, ota rohkeasti yhteytt\u00e4 kyseisest\u00e4 aihealueesta vastaavaan hallituksen j\u00e4seneen! Kaikissa asioissa voit toki olla yhteydess\u00e4 my\u00f6s ylioppilaskunnan toimistoon ja ty\u00f6ntekij\u00f6ihin, joiden yhteystiedot l\u00f6ytyv\u00e4t <a href=\"https:\/\/taiyo.fi\/en\/ylioppilaskunta\/yhteystiedot\/\">Contact Information<\/a>Contact Information.<\/p>\n<h3><strong>KonSts styrelse konstituerade sig<\/strong><\/h3>\n<p>Konstuniversitetets Studentk\u00e5rs styrelse f\u00f6r 2019 konstituerade sig i sitt f\u00f6rsta m\u00f6te den 16.1.2019. Ansvarsomr\u00e5dena f\u00f6r styrelsemedlemmarna \u00e4r f\u00f6ljande:<\/p>\n<ul>\n<li>Sofia Suomalainen: styrelseordf\u00f6rande<\/li>\n<li>Hanna Hyyti\u00e4inen: vice ordf\u00f6rande, kulturpolitik, internationella \u00e4renden<\/li>\n<li>Tuomas Kettunen: vice ordf\u00f6rande, utbildningspolitik, tutorering<\/li>\n<li>Sofia Charifi: kommunikation, stadsfr\u00e5gor<\/li>\n<li>Santtu Laine: Rummet f\u00f6r fri konst, arbetslivet, utvecklingssamarbete<\/li>\n<li>Laura Renvall: socialpolitik, studentgemenskapen<\/li>\n<li>Aurora Visa: evenemang, utbildningspolitik<\/li>\n<\/ul>\n<p>Styrelsens kontaktuppgifter finns <a href=\"https:\/\/taiyo.fi\/en\/ylioppilaskunta\/hallitus\/\">h\u00e4r<\/a>.<\/p>\n<h3><strong>ArtSU&#8217;s Executive Board organized for 2019<\/strong><\/h3>\n<p>ArtSU\u2019s Executive Board 2019 was organized in the board\u2019s first meeting on 16 Jan. The board members will take care of the following fields of responsibility:<\/p>\n<ul>\n<li>Sofia Suomalainen: Chair of the Board<\/li>\n<li>Hanna Hyyti\u00e4inen: vice Chair, cultural politics, international affairs<\/li>\n<li>Tuomas Kettunen: vice Chair, educational politics, tutoring<\/li>\n<li>Sofia Charifi: communication, city politics<\/li>\n<li>Santtu Laine: Space for Free Arts, working life, development cooperation<\/li>\n<li>Laura Renvall: social politics, student community<\/li>\n<li>Aurora Visa: events, educational politics<\/li>\n<\/ul>\n<p>You can find the board members\u2019 contact information <a href=\"https:\/\/taiyo.fi\/en\/ylioppilaskunta\/hallitus\/\">here<\/a>.<\/p>\n<p>&nbsp;<\/p>","protected":false},"excerpt":{"rendered":"<p>Ylioppilaskunnan vuoden 2019 hallitus piti ensimm\u00e4isen kokouksensa 16.1.2019 ja p\u00e4\u00e4tti keskin\u00e4isest\u00e4 ty\u00f6njaostaan seuraavasti: Sofia Suomalainen: hallituksen puheenjohtaja Hanna Hyyti\u00e4inen: varapj., kulttuuripolitiikka, kansainv\u00e4liset [&hellip;]<\/p>\n","protected":false},"author":13,"featured_media":2366,"comment_status":"closed","ping_status":"open","sticky":false,"template":"","format":"standard","meta":{"_coblocks_attr":"","_coblocks_dimensions":"","_coblocks_responsive_height":"","_coblocks_accordion_ie_support":"","_crdt_document":"","advanced_seo_description":"","jetpack_seo_html_title":"","jetpack_seo_noindex":false,"_jetpack_memberships_contains_paid_content":false,"footnotes":"","jetpack_publicize_message":"","jetpack_publicize_feature_enabled":true,"jetpack_social_post_already_shared":true,"jetpack_social_options":{"image_generator_settings":{"template":"highway","default_image_id":0,"font":"","enabled":false},"version":2},"_wpas_customize_per_network":false},"categories":[1],"tags":[143981783],"class_list":["post-5730","post","type-post","status-publish","format-standard","has-post-thumbnail","hentry","category-taiyo","tag-featured"],"jetpack_publicize_connections":[],"jetpack_featured_media_url":"https:\/\/i0.wp.com\/taiyo.fi\/wp-content\/uploads\/2014\/06\/taiyo-nettibanneri.jpg?fit=784%2C296&ssl=1","jetpack_sharing_enabled":true,"jetpack_shortlink":"https:\/\/wp.me\/p2w00X-1uq","jetpack_likes_enabled":true,"amp_enabled":true,"_links":{"self":[{"href":"https:\/\/taiyo.fi\/en\/wp-json\/wp\/v2\/posts\/5730","targetHints":{"allow":["GET"]}}],"collection":[{"href":"https:\/\/taiyo.fi\/en\/wp-json\/wp\/v2\/posts"}],"about":[{"href":"https:\/\/taiyo.fi\/en\/wp-json\/wp\/v2\/types\/post"}],"author":[{"embeddable":true,"href":"https:\/\/taiyo.fi\/en\/wp-json\/wp\/v2\/users\/13"}],"replies":[{"embeddable":true,"href":"https:\/\/taiyo.fi\/en\/wp-json\/wp\/v2\/comments?post=5730"}],"version-history":[{"count":1,"href":"https:\/\/taiyo.fi\/en\/wp-json\/wp\/v2\/posts\/5730\/revisions"}],"predecessor-version":[{"id":5731,"href":"https:\/\/taiyo.fi\/en\/wp-json\/wp\/v2\/posts\/5730\/revisions\/5731"}],"wp:featuredmedia":[{"embeddable":true,"href":"https:\/\/taiyo.fi\/en\/wp-json\/wp\/v2\/media\/2366"}],"wp:attachment":[{"href":"https:\/\/taiyo.fi\/en\/wp-json\/wp\/v2\/media?parent=5730"}],"wp:term":[{"taxonomy":"category","embeddable":true,"href":"https:\/\/taiyo.fi\/en\/wp-json\/wp\/v2\/categories?post=5730"},{"taxonomy":"post_tag","embeddable":true,"href":"https:\/\/taiyo.fi\/en\/wp-json\/wp\/v2\/tags?post=5730"}],"curies":[{"name":"wp","href":"https:\/\/api.w.org\/{rel}","templated":true}]}}