{"id":4565,"date":"2017-08-25T16:32:28","date_gmt":"2017-08-25T14:32:28","guid":{"rendered":"http:\/\/taiyo.fi\/?p=4565"},"modified":"2017-08-31T17:13:11","modified_gmt":"2017-08-31T15:13:11","slug":"tervetuloa-taiyon-terassikahveille-1-9","status":"publish","type":"post","link":"https:\/\/taiyo.fi\/en\/2017\/08\/25\/tervetuloa-taiyon-terassikahveille-1-9\/","title":{"rendered":"Tervetuloa TaiYo:n terassikahveille 1.9.!"},"content":{"rendered":"<p>Taideyliopiston ylioppilaskunta (TaiYo) j\u00e4rjest\u00e4\u00e4 perjantaina 1.9. klo 13-15 eli Taideyliopiston uusien opiskelijoiden tilaisuuden ja lukuvuoden avajaisten v\u00e4liss\u00e4 terassikahvit Sibelius-Akatemian N-talon 4. kerroksen terassilla (Nervanderinkatu 13). Tarjolla on kahvia, mehua ja keksej\u00e4 ym. erityisesti kaikille uusille opiskelijoille, mutta my\u00f6s vanhemmat opiskelijat ovat l\u00e4mpim\u00e4sti tervetulleita mukaan tutustumaan fukseihin. Paikalla voi piipahtaa lyhyesti matkalla klo 13.30 alkavaan avajaisjumalanpalvelukseen tai j\u00e4\u00e4d\u00e4 hengaamaan pidemm\u00e4ksi aikaa, jos ei ole muuta menoa. Sateen sattuessa kahvit ovat tarjolla TaiYo:n toimistolla samassa osoitteessa, ja terassilta l\u00e4hdet\u00e4\u00e4n yhdess\u00e4 n. klo 14.45 Musiikkitaloon seuraamaan yliopiston lukuvuoden avajaisia. Tervetuloa mukaan!<\/p>\n<p>Facebook: <a href=\"http:\/\/www.facebook.com\/events\/116049829057879\">www.facebook.com\/events\/116049829057879<\/a><\/p>\n<p>&#8212;<\/p>\n<p><strong>Welcome to ArtSU\u2019s Terrace Caf\u00e9 on 1 Sept!<\/strong><\/p>\n<p>On Friday 1 September, between Uniarts Helsinki&#8217;s new students&#8217; common event and the opening ceremony of the new academic year, University of the Arts Student Union (ArtSU) serves coffee on the 4th floor terrace of Sibelius Academy\u2019s N-house (Nervanderinkatu 13) from 1pm to 3pm. We offer coffee, juice and biscuits etc. especially to all new students, but also older students are welcome to join in and to get to know the freshmen. You are welcome to just pop in on your way to the celebratory service at Temppeliaukio Church, or to stay longer if you have no other plans. In case of rain, the coffee service will be moved to ArtSU\u2019s office at the same address, and in any case we will leave together for the official opening ceremony at the Music Centre at ca. 2.45pm. Come and join us!<\/p>\n<p>Facebook: <a href=\"http:\/\/www.facebook.com\/events\/116049829057879\">www.facebook.com\/events\/116049829057879<\/a><\/p>\n<p>&#8212;<\/p>\n<p><strong>V\u00e4lkommen till KonSts terrasskaf\u00e9 1.9!<\/strong><\/p>\n<p>Konstuniversitetets studentk\u00e5r (KonSt) bjuder p\u00e5 kaffe, saft, kex osv. p\u00e5 terrassen vid Sibelius-Akademins N-hus (Nervandersgatan 13, 4 v\u00e5n.) fredagen 1.9 kl. 13-15, f\u00f6re Konstuniversitetets inskription. Tillf\u00e4llet \u00e4r riktad speciellt till alla guln\u00e4bbar, men ocks\u00e5 \u00e4ldre studeranden \u00e4r v\u00e4lkomna med att h\u00e4lsa gulisar. Man kan antingen titta in snabbt p\u00e5 v\u00e4g till festgudstj\u00e4nsten i Tempelplatsens kyrka eller stanna l\u00e4ngre om man vill. Ca. kl. 14.45 forts\u00e4tter vi alla tillsammans till universitetets inskription i Musikhuset. V\u00e4lkommen med!<\/p>\n<p>Facebook: <a href=\"http:\/\/www.facebook.com\/events\/116049829057879\">www.facebook.com\/events\/116049829057879<\/a><\/p>","protected":false},"excerpt":{"rendered":"<p>Taideyliopiston ylioppilaskunta (TaiYo) j\u00e4rjest\u00e4\u00e4 perjantaina 1.9. klo 13-15 eli Taideyliopiston uusien opiskelijoiden tilaisuuden ja lukuvuoden avajaisten v\u00e4liss\u00e4 terassikahvit Sibelius-Akatemian N-talon 4. kerroksen [&hellip;]<\/p>\n","protected":false},"author":13,"featured_media":4566,"comment_status":"closed","ping_status":"open","sticky":false,"template":"","format":"standard","meta":{"_coblocks_attr":"","_coblocks_dimensions":"","_coblocks_responsive_height":"","_coblocks_accordion_ie_support":"","advanced_seo_description":"","jetpack_seo_html_title":"","jetpack_seo_noindex":false,"jetpack_seo_schema_type":"","_jetpack_newsletter_access":"","_jetpack_dont_email_post_to_subs":false,"_jetpack_newsletter_tier_id":0,"_jetpack_memberships_contains_paywalled_content":false,"_wpcom_ai_launchpad_first_post":false,"_jetpack_feature_clip_id":0,"_jetpack_memberships_contains_paid_content":false,"footnotes":"","jetpack_publicize_message":"{title}\n\n{excerpt}\n\n{url}","jetpack_publicize_feature_enabled":true,"jetpack_social_post_already_shared":false,"jetpack_social_options":{"image_generator_settings":{"template":"highway","default_image_id":0,"font":"","enabled":false},"version":2},"_wpas_customize_per_network":false,"jetpack_post_was_ever_published":false},"categories":[1],"tags":[],"class_list":["post-4565","post","type-post","status-publish","format-standard","has-post-thumbnail","hentry","category-taiyo"],"jetpack_publicize_connections":[],"jetpack_sharing_enabled":true,"jetpack_shortlink":"https:\/\/wp.me\/p2w00X-1bD","jetpack_likes_enabled":true,"amp_enabled":true,"jetpack_featured_media_url":"https:\/\/i0.wp.com\/taiyo.fi\/wp-content\/uploads\/2017\/08\/terassi.jpg?fit=969%2C547&ssl=1","_links":{"self":[{"href":"https:\/\/taiyo.fi\/en\/wp-json\/wp\/v2\/posts\/4565","targetHints":{"allow":["GET"]}}],"collection":[{"href":"https:\/\/taiyo.fi\/en\/wp-json\/wp\/v2\/posts"}],"about":[{"href":"https:\/\/taiyo.fi\/en\/wp-json\/wp\/v2\/types\/post"}],"author":[{"embeddable":true,"href":"https:\/\/taiyo.fi\/en\/wp-json\/wp\/v2\/users\/13"}],"replies":[{"embeddable":true,"href":"https:\/\/taiyo.fi\/en\/wp-json\/wp\/v2\/comments?post=4565"}],"version-history":[{"count":3,"href":"https:\/\/taiyo.fi\/en\/wp-json\/wp\/v2\/posts\/4565\/revisions"}],"predecessor-version":[{"id":4576,"href":"https:\/\/taiyo.fi\/en\/wp-json\/wp\/v2\/posts\/4565\/revisions\/4576"}],"wp:featuredmedia":[{"embeddable":true,"href":"https:\/\/taiyo.fi\/en\/wp-json\/wp\/v2\/media\/4566"}],"wp:attachment":[{"href":"https:\/\/taiyo.fi\/en\/wp-json\/wp\/v2\/media?parent=4565"}],"wp:term":[{"taxonomy":"category","embeddable":true,"href":"https:\/\/taiyo.fi\/en\/wp-json\/wp\/v2\/categories?post=4565"},{"taxonomy":"post_tag","embeddable":true,"href":"https:\/\/taiyo.fi\/en\/wp-json\/wp\/v2\/tags?post=4565"}],"curies":[{"name":"wp","href":"https:\/\/api.w.org\/{rel}","templated":true}]}}