{"id":4338,"date":"2017-04-21T16:17:39","date_gmt":"2017-04-21T14:17:39","guid":{"rendered":"http:\/\/taiyo.fi\/?p=4338"},"modified":"2017-04-21T16:21:55","modified_gmt":"2017-04-21T14:21:55","slug":"taiyon-vappu-2017-artsus-may-day-celebrations","status":"publish","type":"post","link":"https:\/\/taiyo.fi\/en\/2017\/04\/21\/taiyon-vappu-2017-artsus-may-day-celebrations\/","title":{"rendered":"TaiYo:n vappu 2017 &#8211; ArtSU\u2019s May Day celebrations"},"content":{"rendered":"<p><em>VAPPUAATTO: Klo 14 TaiYo:n etkot Musiikkitalon nurtsilla, klo 17 yhteisl\u00e4ht\u00f6 Mantalle<\/em><br \/>\n<em>VAPUNP\u00c4IV\u00c4: Klo 9 ohjelmaa Ullanlinnanm\u00e4ell\u00e4, klo 10 alkaen TaiYo-teltta p\u00e4ivyst\u00e4\u00e4<\/em><\/p>\n<p>TaiYo:n vapunvietto k\u00e4ynnistyy piknik-tunnelmissa vappuaattona su 30.4.2017 klo 14 alkaen yhteisill\u00e4 vappuetkoilla Musiikkitalon nurtsilla. Kaikki taideyliopistolaiset ovat tervetulleita mukaan ja paikalle voi tulla miss\u00e4 vaiheessa iltap\u00e4iv\u00e4\u00e4 vain, mutta nopeimmille on tarjolla skumppaa ja hitaammat joutuvat tyytym\u00e4\u00e4n booliin. Etkoilla on my\u00f6s myynniss\u00e4 TaiYo:n lakkimerkkej\u00e4, jonka voi kiinnitt\u00e4\u00e4 ylioppilaslakkiin niiss\u00e4 oletusarvoisesti olevan Helsingin yliopiston lyyran tilalle. Noin klo 17 l\u00e4hdemme yhdess\u00e4 katsomaan Mantan lakitusta, josta vastaa t\u00e4n\u00e4 vuonna Svenska Handelsh\u00f6gskolans Studentk\u00e5r.<\/p>\n<p>Vapunp\u00e4iv\u00e4n\u00e4 1.5. p\u00e4\u00e4kaupunkiseudun ylioppilaat kokoontuvat perinteiseen tapaan Ullanlinnanm\u00e4elle. Virallinen ohjelma, jonka osana kuullaan mm. TaiYo:n, AYY:n ja HYY:n puheenjohtajien vappupuheet sek\u00e4 Ylioppilaskunnan Laulajien kuorolaulua, alkaa jo klo 9.00. Ohjelman j\u00e4lkeen n. klo 10 TaiYo:n v\u00e4ki siirtyy nauttimaan piknik-tunnelmasta TaiYo:n omalle teltalle (tarkemmat koordinaatit tiedotetaan my\u00f6hemmin). Teltalla on tarjolla kaikille taideyliopistolaisille my\u00f6s vappuisaa sy\u00f6t\u00e4v\u00e4\u00e4 ja juotavaa \u2013 tervetuloa mukaan nostamaan malja yhdess\u00e4 muiden taideopiskelijoiden kanssa!<\/p>\n<p>Facebook: <a href=\"http:\/\/www.facebook.com\/events\/1502744139758403\">www.facebook.com\/events\/1502744139758403<\/a><\/p>\n<p>&#8212;<\/p>\n<p><strong>Valborg med KonSt<\/strong><\/p>\n<p>KonSt b\u00f6rjar fira Valborgsm\u00e4ssoafton (s\u00f6ndagen 30.4) kl. 14 med en gemensam picknick p\u00e5 gr\u00e4smattan utanf\u00f6r Musikhuset. Vi bjuder p\u00e5 skumvin f\u00f6r de som kommer tidigt och b\u00e5l f\u00f6r de som kommer lite senare. Ca. kl. 17 \u00f6verg\u00e5r vi tillsammans till Salutorget f\u00f6r att titta m\u00f6ssp\u00e5l\u00e4ggningen av Havis Amanda. I \u00e5r \u00e4r det Svenska Handelsh\u00f6gskolans Studentk\u00e5r som har \u00e4ran att f\u00f6ra vidare kr\u00f6ningstraditionen.<\/p>\n<p>M\u00e5ndagen 1.5 samlas huvudstadsregionens studenter traditionellt till Ullanlinnanm\u00e4ki. Programmet b\u00f6rjar redan kl. 9, d\u00e5 vi h\u00f6r bl.a. ett tal av KonSts ordf\u00f6rande. Efter den officiella delen fr.o.m. kl. 10 kan du hitta andra konststuderande bland folkm\u00e4ngden under en stor KonSt-banderoll (exakta koordinaterna annonseras n\u00e4sta vecka). Igen bjuder vi p\u00e5 n\u00e5got att \u00e4ta och dricka \u2013 kom och h\u00f6ja glaset med oss!<\/p>\n<p>Facebook: <a href=\"http:\/\/www.facebook.com\/events\/1502744139758403\">www.facebook.com\/events\/1502744139758403<\/a><\/p>\n<p>&#8212;<\/p>\n<p><strong>ArtSU\u2019s May Day celebrations<\/strong><\/p>\n<p>On May Day\u2019s eve (Sun 30 April) ArtSU will begin celebrations at 2pm with a picnic on the lawn in front of Music Centre. All ArtSU members are welcome, and there will be sparkling wine for those who come early and punch for those who come later. At around 5pm we will leave together for the Market Square to watch the traditional capping of Havis Amanda statue \u2013 this is something you do not want to miss!<\/p>\n<p>The traditional student celebrations on May 1st start at 9 am at Ullanlinnanm\u00e4ki with music and speeches, including a speech by ArtSU\u2019s chairperson. After the official program, from ca. 10 am onwards, you can find ArtsU\u2019s folks in the picnic crowd with a big ArtSU banner (exact coordinates will be announced next week). Yet again there will be a little something to eat and drink \u2013 come and have a toast with us!<\/p>\n<p>Facebook: <a href=\"http:\/\/www.facebook.com\/events\/1502744139758403\">www.facebook.com\/events\/1502744139758403<\/a><\/p>\n<p>&nbsp;<\/p>","protected":false},"excerpt":{"rendered":"<p>VAPPUAATTO: Klo 14 TaiYo:n etkot Musiikkitalon nurtsilla, klo 17 yhteisl\u00e4ht\u00f6 Mantalle VAPUNP\u00c4IV\u00c4: Klo 9 ohjelmaa Ullanlinnanm\u00e4ell\u00e4, klo 10 alkaen TaiYo-teltta p\u00e4ivyst\u00e4\u00e4 TaiYo:n [&hellip;]<\/p>\n","protected":false},"author":13,"featured_media":4347,"comment_status":"closed","ping_status":"open","sticky":false,"template":"","format":"standard","meta":{"_coblocks_attr":"","_coblocks_dimensions":"","_coblocks_responsive_height":"","_coblocks_accordion_ie_support":"","advanced_seo_description":"","jetpack_seo_html_title":"","jetpack_seo_noindex":false,"jetpack_seo_schema_type":"","_jetpack_newsletter_access":"","_jetpack_dont_email_post_to_subs":false,"_jetpack_newsletter_tier_id":0,"_jetpack_memberships_contains_paywalled_content":false,"_wpcom_ai_launchpad_first_post":false,"_jetpack_feature_clip_id":0,"_jetpack_memberships_contains_paid_content":false,"footnotes":"","jetpack_publicize_message":"{title}\n\n{excerpt}\n\n{url}","jetpack_publicize_feature_enabled":true,"jetpack_social_post_already_shared":false,"jetpack_social_options":{"image_generator_settings":{"template":"highway","default_image_id":0,"font":"","enabled":false},"version":2},"_wpas_customize_per_network":false,"jetpack_post_was_ever_published":false},"categories":[1],"tags":[],"class_list":["post-4338","post","type-post","status-publish","format-standard","has-post-thumbnail","hentry","category-taiyo"],"jetpack_publicize_connections":[],"jetpack_sharing_enabled":true,"jetpack_shortlink":"https:\/\/wp.me\/p2w00X-17Y","jetpack_likes_enabled":true,"amp_enabled":true,"jetpack_featured_media_url":"https:\/\/i0.wp.com\/taiyo.fi\/wp-content\/uploads\/2017\/04\/vappuevent-2017-leikattu.jpg?fit=2554%2C1390&ssl=1","_links":{"self":[{"href":"https:\/\/taiyo.fi\/en\/wp-json\/wp\/v2\/posts\/4338","targetHints":{"allow":["GET"]}}],"collection":[{"href":"https:\/\/taiyo.fi\/en\/wp-json\/wp\/v2\/posts"}],"about":[{"href":"https:\/\/taiyo.fi\/en\/wp-json\/wp\/v2\/types\/post"}],"author":[{"embeddable":true,"href":"https:\/\/taiyo.fi\/en\/wp-json\/wp\/v2\/users\/13"}],"replies":[{"embeddable":true,"href":"https:\/\/taiyo.fi\/en\/wp-json\/wp\/v2\/comments?post=4338"}],"version-history":[{"count":7,"href":"https:\/\/taiyo.fi\/en\/wp-json\/wp\/v2\/posts\/4338\/revisions"}],"predecessor-version":[{"id":4346,"href":"https:\/\/taiyo.fi\/en\/wp-json\/wp\/v2\/posts\/4338\/revisions\/4346"}],"wp:featuredmedia":[{"embeddable":true,"href":"https:\/\/taiyo.fi\/en\/wp-json\/wp\/v2\/media\/4347"}],"wp:attachment":[{"href":"https:\/\/taiyo.fi\/en\/wp-json\/wp\/v2\/media?parent=4338"}],"wp:term":[{"taxonomy":"category","embeddable":true,"href":"https:\/\/taiyo.fi\/en\/wp-json\/wp\/v2\/categories?post=4338"},{"taxonomy":"post_tag","embeddable":true,"href":"https:\/\/taiyo.fi\/en\/wp-json\/wp\/v2\/tags?post=4338"}],"curies":[{"name":"wp","href":"https:\/\/api.w.org\/{rel}","templated":true}]}}