{"id":3931,"date":"2016-08-12T11:30:35","date_gmt":"2016-08-12T09:30:35","guid":{"rendered":"http:\/\/taiyo.fi\/?p=3931"},"modified":"2016-08-12T11:30:35","modified_gmt":"2016-08-12T09:30:35","slug":"taiyon-toimiston-ja-lukuvuositarrojen-jaon-aikataulut-3","status":"publish","type":"post","link":"https:\/\/taiyo.fi\/en\/2016\/08\/12\/taiyon-toimiston-ja-lukuvuositarrojen-jaon-aikataulut-3\/","title":{"rendered":"TaiYo:n toimiston ja lukuvuositarrojen jaon aikataulut"},"content":{"rendered":"<p><strong>TaiYo:n toimiston ja lukuvuositarrojen jaon aikataulut<\/strong><\/p>\n<p>TaiYo:n toimisto (Nervanderinkatu 13, 4. krs) on kes\u00e4tauon j\u00e4lkeen taas avoinna. 15.8. l\u00e4htien toimistolla on laajennetut aukioloajat, ja viiden viikon ajan eli 16.9. asti se palvelee ma-ti ja to-pe klo 10-15 sek\u00e4 ke klo 13-18. Uudet lukuvuositarrat ovat olleet jaossa toimistolla jo elokuun alusta l\u00e4htien, ja kalenterien pit\u00e4isi saapua 15.8.<\/p>\n<p>Toimiston lis\u00e4ksi TaiYo:lla on ajalla 24.8.-7.9. k\u00e4yt\u00f6ss\u00e4 ylim\u00e4\u00e4r\u00e4iset lukuvuositarrojen ja kalenterien jakelupisteet Kuvataideakatemian ja Teatterikorkeakoulun ala-auloissa. TeaKin tarranjakopiste on avoinna ma-pe klo 11-13 ja KuvAn tarranjakopiste ma-pe klo 14-16.<\/p>\n<p>&#8212;<\/p>\n<p><strong>\u00d6ppettider f\u00f6r KonSts kansli och utdelning av l\u00e4s\u00e5rsdekaler<\/strong><\/p>\n<p>KonSts kansli (Nervandersgatan 13, 4 v\u00e5n.) har igen \u00f6ppet efter sommarlovet. Under perioden 15.8-16.9 ska kansliet ha l\u00e4ngre \u00f6ppettider: m\u00e5-ti och to-fre kl. 10-15 och ons kl. 13-18. Man kan redan h\u00e4mta sin l\u00e4s\u00e5rsdekal fr\u00e5n kansliet, och kalendern borde komma ut den 15.8.<\/p>\n<p>Under perioden 24.8-7.9 finns det ocks\u00e5 separata utdelningspunkter f\u00f6r l\u00e4s\u00e5rsdekaler och kalendrar p\u00e5 Bildkonstakademin och Teaterh\u00f6gskolan. Utdelningspunkten p\u00e5 TeaK har \u00f6ppet m\u00e5-fre kl. 11-13 och Utdelningspunkten p\u00e5 KuvA m\u00e5-fre kl. 14-16.<\/p>\n<p>&#8212;<\/p>\n<p><strong>Opening hours for ArtSU\u2019s office and for handing out term stickers<\/strong><\/p>\n<p>ArtSU\u2019s office (Nervanderinkatu 13, 4th floor) is again open after the summer break. From August 15 to September 16, the office will have longer opening hours and will be open Mon-Tue and Thu-Fri 10-15 and Wed 13-18. You can already get your new term sticker at the office, and the calendars should be available on Aug 15.<\/p>\n<p>From August 24 to September 7 there will also be additional service points at the Academy of Fine Arts and Theatre Academy for handing out term stickers and calendars. The service point in TeaK will be open Mon-Fri 11-13 and the service point in KuvA Mon-Fri 14-16.<\/p>","protected":false},"excerpt":{"rendered":"<p>TaiYo:n toimiston ja lukuvuositarrojen jaon aikataulut TaiYo:n toimisto (Nervanderinkatu 13, 4. krs) on kes\u00e4tauon j\u00e4lkeen taas avoinna. 15.8. l\u00e4htien toimistolla on laajennetut [&hellip;]<\/p>\n","protected":false},"author":13,"featured_media":2366,"comment_status":"closed","ping_status":"open","sticky":false,"template":"","format":"standard","meta":{"_coblocks_attr":"","_coblocks_dimensions":"","_coblocks_responsive_height":"","_coblocks_accordion_ie_support":"","_crdt_document":"","advanced_seo_description":"","jetpack_seo_html_title":"","jetpack_seo_noindex":false,"_jetpack_memberships_contains_paid_content":false,"footnotes":"","jetpack_publicize_message":"","jetpack_publicize_feature_enabled":true,"jetpack_social_post_already_shared":false,"jetpack_social_options":{"image_generator_settings":{"template":"highway","default_image_id":0,"font":"","enabled":false},"version":2},"_wpas_customize_per_network":false},"categories":[1],"tags":[],"class_list":["post-3931","post","type-post","status-publish","format-standard","has-post-thumbnail","hentry","category-taiyo"],"jetpack_publicize_connections":[],"jetpack_featured_media_url":"https:\/\/i0.wp.com\/taiyo.fi\/wp-content\/uploads\/2014\/06\/taiyo-nettibanneri.jpg?fit=784%2C296&ssl=1","jetpack_sharing_enabled":true,"jetpack_shortlink":"https:\/\/wp.me\/p2w00X-11p","jetpack_likes_enabled":true,"amp_enabled":true,"_links":{"self":[{"href":"https:\/\/taiyo.fi\/en\/wp-json\/wp\/v2\/posts\/3931","targetHints":{"allow":["GET"]}}],"collection":[{"href":"https:\/\/taiyo.fi\/en\/wp-json\/wp\/v2\/posts"}],"about":[{"href":"https:\/\/taiyo.fi\/en\/wp-json\/wp\/v2\/types\/post"}],"author":[{"embeddable":true,"href":"https:\/\/taiyo.fi\/en\/wp-json\/wp\/v2\/users\/13"}],"replies":[{"embeddable":true,"href":"https:\/\/taiyo.fi\/en\/wp-json\/wp\/v2\/comments?post=3931"}],"version-history":[{"count":12,"href":"https:\/\/taiyo.fi\/en\/wp-json\/wp\/v2\/posts\/3931\/revisions"}],"predecessor-version":[{"id":3943,"href":"https:\/\/taiyo.fi\/en\/wp-json\/wp\/v2\/posts\/3931\/revisions\/3943"}],"wp:featuredmedia":[{"embeddable":true,"href":"https:\/\/taiyo.fi\/en\/wp-json\/wp\/v2\/media\/2366"}],"wp:attachment":[{"href":"https:\/\/taiyo.fi\/en\/wp-json\/wp\/v2\/media?parent=3931"}],"wp:term":[{"taxonomy":"category","embeddable":true,"href":"https:\/\/taiyo.fi\/en\/wp-json\/wp\/v2\/categories?post=3931"},{"taxonomy":"post_tag","embeddable":true,"href":"https:\/\/taiyo.fi\/en\/wp-json\/wp\/v2\/tags?post=3931"}],"curies":[{"name":"wp","href":"https:\/\/api.w.org\/{rel}","templated":true}]}}