{"id":214,"date":"2012-10-02T21:02:32","date_gmt":"2012-10-02T19:02:32","guid":{"rendered":"http:\/\/taiyo.fi\/?p=214"},"modified":"2012-10-02T21:38:32","modified_gmt":"2012-10-02T19:38:32","slug":"lisavaali-keskiviikkona-ja-torstaina-10-11-10","status":"publish","type":"post","link":"https:\/\/taiyo.fi\/en\/2012\/10\/02\/lisavaali-keskiviikkona-ja-torstaina-10-11-10\/","title":{"rendered":"Lis\u00e4vaali keskiviikkona ja torstaina 10.-11.10."},"content":{"rendered":"<p>Taideyliopiston ylioppilaskunnan ensimm\u00e4iset edustajistovaalit ovat hyv\u00e4ss\u00e4 vauhdissa. \u00c4\u00e4nest\u00e4minen on mahdollista viel\u00e4 huomenna 3.10.2012 Kuvataideakatemialla, Sibelius-Akatemian Musiikkitalolla sek\u00e4 Teatterikorkeakoulun valo- ja \u00e4\u00e4nisuunnittelun laitoksella.<\/p>\n<p>Valitettavasti vaalin kahta ensimm\u00e4ist\u00e4 p\u00e4iv\u00e4\u00e4 koskien matkaan on ilmaantunut pieni mutka. Kuvataideakatemian \u00e4\u00e4nestyspisteell\u00e4 on t\u00e4n\u00e4\u00e4n annettu \u00e4\u00e4ni, jonka antaja ei ole Kuvataideakatemian ylioppilaskunnan j\u00e4sen. Henkil\u00f6n \u00e4\u00e4nioikeus todettiin asianmukaisesti Kuvataideakatemian toimittamasta listasta, mutta lista oli virheellinen. Listaa laadittaessa Kuvataideakatemia ei ollut huomioinut, ett\u00e4 jatko-opiskelijoiden ylioppilaskunnan j\u00e4senyys on vapaaehtoinen eik\u00e4 jokainen jatko-opiskelija siten ole automaattisesti ylioppilaskunnan j\u00e4sen.<\/p>\n<p>Annettua \u00e4\u00e4nilippua ei ollut mahdollista erottaa muista lipuista ja samassa uurnassa on my\u00f6s 1.10.2012 annetut \u00e4\u00e4net. Ainoa tapa saada luotettava tulos on mit\u00e4t\u00f6id\u00e4 kaikki Kuvataideakatemian \u00e4\u00e4nestyspisteell\u00e4 1.10.2012 ja 2.10.2012 annetut \u00e4\u00e4net.<\/p>\n<p>Edellisen kohdan p\u00e4\u00e4t\u00f6ksen perusteella keskusvaalilautakunta on julistanut lis\u00e4vaalin. Lis\u00e4vaalissa \u00e4\u00e4nioikeus on kaikilla Kuvataideakatemian ylioppilaskunnan j\u00e4senill\u00e4, joiden \u00e4\u00e4net on mit\u00e4t\u00f6ity edell\u00e4. Lis\u00e4ksi \u00e4\u00e4nioikeus on niill\u00e4 Kuvataideakatemian ylioppilaskunnan, Sibelius-Akatemian ylioppilaskunnan ja Teatterikorkeakoulun ylioppilaskunnan j\u00e4senill\u00e4, jotka eiv\u00e4t 1.-3.10. \u00e4\u00e4nestyksess\u00e4 ole k\u00e4ytt\u00e4neet \u00e4\u00e4nioikeuttaan.<\/p>\n<p>Lis\u00e4vaali j\u00e4rjestet\u00e4\u00e4n keskiviikkona 10.10.2012 ja torstaina 11.10.2012 Kuvataideakatemialla (Kaikukatu 4, Helsinki). \u00c4\u00e4nestyspaikka on auki klo 11-18. Keskusvaalilautakunnan lis\u00e4vaalijulistus l\u00f6ytyy t\u00e4\u00e4lt\u00e4: <a href=\"http:\/\/taiyo.fi\/wp-content\/uploads\/2012\/10\/2012-10-02_kvl_liite-x_lisc3a4vaalijulistus.doc\">Lis\u00e4vaalijulistus 2.10.2012<\/a>.<\/p>\n<p>Keskusvaalilautakunta kannustaa kaikkia k\u00e4ytt\u00e4m\u00e4\u00e4n \u00e4\u00e4nioikeuttaan, jotta uudesta edustajistosta saadaan pienist\u00e4 vastoink\u00e4ymisist\u00e4 huolimatta mahdollisimman hyvin uuden ylioppilaskunnan j\u00e4senist\u00f6n n\u00e4k\u00f6inen!<\/p>\n<p>More information:<br \/>\nKeskusvaalilautakunnan sihteeri Saara Hyrkk\u00f6, p. 040 710 4227, saara.hyrkko@gmail.com<\/p>","protected":false},"excerpt":{"rendered":"<p>Taideyliopiston ylioppilaskunnan ensimm\u00e4iset edustajistovaalit ovat hyv\u00e4ss\u00e4 vauhdissa. \u00c4\u00e4nest\u00e4minen on mahdollista viel\u00e4 huomenna 3.10.2012 Kuvataideakatemialla, Sibelius-Akatemian Musiikkitalolla sek\u00e4 Teatterikorkeakoulun valo- ja \u00e4\u00e4nisuunnittelun laitoksella. [&hellip;]<\/p>\n","protected":false},"author":13,"featured_media":0,"comment_status":"open","ping_status":"open","sticky":false,"template":"","format":"standard","meta":{"_coblocks_attr":"","_coblocks_dimensions":"","_coblocks_responsive_height":"","_coblocks_accordion_ie_support":"","_crdt_document":"","advanced_seo_description":"","jetpack_seo_html_title":"","jetpack_seo_noindex":false,"_jetpack_memberships_contains_paid_content":false,"footnotes":"","jetpack_publicize_message":"","jetpack_publicize_feature_enabled":true,"jetpack_social_post_already_shared":false,"jetpack_social_options":{"image_generator_settings":{"template":"highway","default_image_id":0,"font":"","enabled":false},"version":2},"_wpas_customize_per_network":false},"categories":[1],"tags":[],"class_list":["post-214","post","type-post","status-publish","format-standard","hentry","category-taiyo"],"jetpack_publicize_connections":[],"jetpack_featured_media_url":"","jetpack_sharing_enabled":true,"jetpack_shortlink":"https:\/\/wp.me\/p2w00X-3s","jetpack_likes_enabled":true,"amp_enabled":true,"_links":{"self":[{"href":"https:\/\/taiyo.fi\/en\/wp-json\/wp\/v2\/posts\/214","targetHints":{"allow":["GET"]}}],"collection":[{"href":"https:\/\/taiyo.fi\/en\/wp-json\/wp\/v2\/posts"}],"about":[{"href":"https:\/\/taiyo.fi\/en\/wp-json\/wp\/v2\/types\/post"}],"author":[{"embeddable":true,"href":"https:\/\/taiyo.fi\/en\/wp-json\/wp\/v2\/users\/13"}],"replies":[{"embeddable":true,"href":"https:\/\/taiyo.fi\/en\/wp-json\/wp\/v2\/comments?post=214"}],"version-history":[{"count":3,"href":"https:\/\/taiyo.fi\/en\/wp-json\/wp\/v2\/posts\/214\/revisions"}],"predecessor-version":[{"id":217,"href":"https:\/\/taiyo.fi\/en\/wp-json\/wp\/v2\/posts\/214\/revisions\/217"}],"wp:attachment":[{"href":"https:\/\/taiyo.fi\/en\/wp-json\/wp\/v2\/media?parent=214"}],"wp:term":[{"taxonomy":"category","embeddable":true,"href":"https:\/\/taiyo.fi\/en\/wp-json\/wp\/v2\/categories?post=214"},{"taxonomy":"post_tag","embeddable":true,"href":"https:\/\/taiyo.fi\/en\/wp-json\/wp\/v2\/tags?post=214"}],"curies":[{"name":"wp","href":"https:\/\/api.w.org\/{rel}","templated":true}]}}