{"id":1637,"date":"2013-10-30T15:20:37","date_gmt":"2013-10-30T13:20:37","guid":{"rendered":"http:\/\/taiyo.fi\/?p=1637"},"modified":"2013-10-30T19:07:52","modified_gmt":"2013-10-30T17:07:52","slug":"edustajistovaalien-aanestys-alkaa","status":"publish","type":"post","link":"https:\/\/taiyo.fi\/en\/2013\/10\/30\/edustajistovaalien-aanestys-alkaa\/","title":{"rendered":"Edustajistovaalien \u00e4\u00e4nestys alkaa!"},"content":{"rendered":"<p>Taideyliopiston ylioppilaskunnan (TaiYo) ensimm\u00e4isten omien edustajistovaalien \u00e4\u00e4nestys k\u00e4ynnistyy ennakko\u00e4\u00e4nestyksell\u00e4 torstaina 31.10. Ennakko\u00e4\u00e4nestysp\u00e4iv\u00e4n\u00e4 Kuvataideakatemian opiskelijat voivat \u00e4\u00e4nest\u00e4\u00e4 hallinnon v\u00e4st\u00f6tiloissa Fabriikissa (4. kerros), Sibelius-Akatemian opiskelijat T-talolla (2. kerros), Teatterikorkeakoulun opiskelijat Valo- ja \u00e4\u00e4nisuunnittelun laitoksella (4. kerros) ja Sibelius-Akatemian Kuopion opiskelijat Kuopion yksik\u00f6ss\u00e4. Kaikki \u00e4\u00e4nestyspisteet ovat avoinna klo 11-18.<\/p>\n<p>Varsinaiset vaalip\u00e4iv\u00e4t ovat tiistai 5.11. ja keskiviikko 6.11. T\u00e4ll\u00f6in Kuvataideakatemian opiskelijat voivat \u00e4\u00e4nest\u00e4\u00e4 kumpanakin p\u00e4iv\u00e4n\u00e4 Taiteen talon aulassa, Sibelius-Akatemian opiskelijat tiistaina 5.11. R-talon aulassa ja keskiviikkona 6.11. M-talon aulassa sek\u00e4 Teatterikorkeakoulun opiskelijat kumpanakin p\u00e4iv\u00e4n\u00e4 TeaKin torilla. My\u00f6s varsinaisina vaalip\u00e4ivin\u00e4 kaikki \u00e4\u00e4nestyspisteet ovat avoinna klo 11-18, ja vaalitulosta j\u00e4nnitet\u00e4\u00e4n vaalivalvojaisissa TeaKin Bunkkerissa keskiviikkona 6.11. klo 19 alkaen.<\/p>\n<p>Edustajistovaaleissa on \u00e4\u00e4nioikeus kaikilla Taideyliopistoon l\u00e4sn\u00e4olevaksi ilmoittautuneilla Taideyliopiston ylioppilaskunnan j\u00e4senill\u00e4. Kukin voi \u00e4\u00e4nest\u00e4\u00e4 vain oman akatemiansa \u00e4\u00e4nestyspisteell\u00e4 \u2013 muistathan ottaa henkil\u00f6llisyystodistuksen tai opiskelijakortin mukaan, kun menet \u00e4\u00e4nest\u00e4m\u00e4\u00e4n! Lis\u00e4tietoa \u00e4\u00e4nest\u00e4misest\u00e4 ja \u00e4\u00e4nestyspaikoista l\u00f6yd\u00e4t <a href=\"http:\/\/taiyo.fi\/en\/edustajistovaalit-2013\/ohjeita-aanestajalle\/\">here<\/a>.<\/p>\n<p>Edustajistovaaleissa on ehdolla yhteens\u00e4 25 ehdokasta. Tarkka lista ehdokkaista \u00e4\u00e4nestysnumeroineen l\u00f6ytyy <a href=\"http:\/\/taiyo.fi\/en\/edustajistovaalit-2013\/ehdokkaat\/\">here<\/a>, ja monien ehdokkaiden esittelyihin ja mielipiteisiin voi k\u00e4yd\u00e4 tutustumassa ylioppilaskuntien yhteisess\u00e4 vaalikoneessa osoitteessa <a href=\"http:\/\/edustajistovaalit.fi\">edustajistovaalit.fi<\/a> .<\/p>\n<p>Edustajisto k\u00e4ytt\u00e4\u00e4 ylioppilaskunnan ylint\u00e4 p\u00e4\u00e4t\u00f6svaltaa, joten muista \u00e4\u00e4nest\u00e4\u00e4 omaa suosikkiehdokastasi! Lis\u00e4tietoja edustajistosta ja yleinen ajankohtaispaketti vaaleista l\u00f6ytyy TaiYo:n <a href=\"\/en\/www.taideylioppilaskunta.fi\/edustajistovaalit-2013\/\">edustajistovaalisivuilta<\/a>.<\/p>\n<p><strong>NOTE:<\/strong> Ylioppilaskunnan toimisto on suljettu edustajistovaalip\u00e4ivin\u00e4 31.10. ja 5.-6.11. Toimisto on auki normaalisti pe 1.11. ja ma 4.11. sek\u00e4 j\u00e4lleen 7.11. alkaen. N\u00e4hd\u00e4\u00e4n \u00e4\u00e4nestyspisteill\u00e4!<\/p>","protected":false},"excerpt":{"rendered":"<p>Taideyliopiston ylioppilaskunnan (TaiYo) ensimm\u00e4isten omien edustajistovaalien \u00e4\u00e4nestys k\u00e4ynnistyy ennakko\u00e4\u00e4nestyksell\u00e4 torstaina 31.10. Ennakko\u00e4\u00e4nestysp\u00e4iv\u00e4n\u00e4 Kuvataideakatemian opiskelijat voivat \u00e4\u00e4nest\u00e4\u00e4 hallinnon v\u00e4st\u00f6tiloissa Fabriikissa (4. kerros), Sibelius-Akatemian [&hellip;]<\/p>\n","protected":false},"author":13,"featured_media":1492,"comment_status":"closed","ping_status":"open","sticky":false,"template":"","format":"standard","meta":{"_coblocks_attr":"","_coblocks_dimensions":"","_coblocks_responsive_height":"","_coblocks_accordion_ie_support":"","_crdt_document":"","advanced_seo_description":"","jetpack_seo_html_title":"","jetpack_seo_noindex":false,"_jetpack_memberships_contains_paid_content":false,"footnotes":"","jetpack_publicize_message":"","jetpack_publicize_feature_enabled":true,"jetpack_social_post_already_shared":false,"jetpack_social_options":{"image_generator_settings":{"template":"highway","default_image_id":0,"font":"","enabled":false},"version":2},"_wpas_customize_per_network":false},"categories":[1],"tags":[],"class_list":["post-1637","post","type-post","status-publish","format-standard","has-post-thumbnail","hentry","category-taiyo"],"jetpack_publicize_connections":[],"jetpack_featured_media_url":"https:\/\/i0.wp.com\/taiyo.fi\/wp-content\/uploads\/2013\/09\/taiyotapettivari.jpg?fit=2480%2C1748&ssl=1","jetpack_sharing_enabled":true,"jetpack_shortlink":"https:\/\/wp.me\/p2w00X-qp","jetpack_likes_enabled":true,"amp_enabled":true,"_links":{"self":[{"href":"https:\/\/taiyo.fi\/en\/wp-json\/wp\/v2\/posts\/1637","targetHints":{"allow":["GET"]}}],"collection":[{"href":"https:\/\/taiyo.fi\/en\/wp-json\/wp\/v2\/posts"}],"about":[{"href":"https:\/\/taiyo.fi\/en\/wp-json\/wp\/v2\/types\/post"}],"author":[{"embeddable":true,"href":"https:\/\/taiyo.fi\/en\/wp-json\/wp\/v2\/users\/13"}],"replies":[{"embeddable":true,"href":"https:\/\/taiyo.fi\/en\/wp-json\/wp\/v2\/comments?post=1637"}],"version-history":[{"count":3,"href":"https:\/\/taiyo.fi\/en\/wp-json\/wp\/v2\/posts\/1637\/revisions"}],"predecessor-version":[{"id":1640,"href":"https:\/\/taiyo.fi\/en\/wp-json\/wp\/v2\/posts\/1637\/revisions\/1640"}],"wp:featuredmedia":[{"embeddable":true,"href":"https:\/\/taiyo.fi\/en\/wp-json\/wp\/v2\/media\/1492"}],"wp:attachment":[{"href":"https:\/\/taiyo.fi\/en\/wp-json\/wp\/v2\/media?parent=1637"}],"wp:term":[{"taxonomy":"category","embeddable":true,"href":"https:\/\/taiyo.fi\/en\/wp-json\/wp\/v2\/categories?post=1637"},{"taxonomy":"post_tag","embeddable":true,"href":"https:\/\/taiyo.fi\/en\/wp-json\/wp\/v2\/tags?post=1637"}],"curies":[{"name":"wp","href":"https:\/\/api.w.org\/{rel}","templated":true}]}}