{"id":11210,"date":"2022-06-14T15:09:25","date_gmt":"2022-06-14T13:09:25","guid":{"rendered":"https:\/\/taiyo.fi\/?p=11210"},"modified":"2022-08-17T15:03:06","modified_gmt":"2022-08-17T13:03:06","slug":"suvi-vendelin-taiyon-taide-ja-kulttuuripolitiikan-asiantuntijaksi","status":"publish","type":"post","link":"https:\/\/taiyo.fi\/en\/2022\/06\/14\/suvi-vendelin-taiyon-taide-ja-kulttuuripolitiikan-asiantuntijaksi\/","title":{"rendered":"Suvi Vendelin elected as ArtSU\u2019s art and cultural policy adviser"},"content":{"rendered":"<p class=\"wp-block-paragraph\">TaiYo:n uudeksi taide- ja kulttuuripolitiikan asiantuntijaksi on valittu Suvi Vendelin. Vendelin aloittaa teht\u00e4v\u00e4ss\u00e4\u00e4n elokuussa, ja h\u00e4nen vastuullaan on ylioppilaskunnan taide- ja kulttuuripoliittisen vaikuttamisty\u00f6n ja erityisesti ylioppilaskunnan oman eduskuntavaalikampanjan koordinointi. TaiYo:lla ei ole aiemmin ollut taide- ja kulttuuripolitiikan asiantuntijaa. <\/p>\n\n\n\n<p class=\"wp-block-paragraph\">Taustaltaan Vendelin on Aalto-yliopiston opiskelija ja vaikuttanut aiemmin esimerkiksi Aalto-yliopiston ylioppilaskunnan ja Suomen ylioppilaskuntien liiton hallituksessa. Lis\u00e4ksi Vendelin on Art for all ry:n perustajaj\u00e4sen.<\/p>\n\n\n\n<p class=\"has-medium-font-size wp-block-paragraph\"><strong>Suvi Vendelin elected as ArtSU\u2019s art and cultural policy adviser<\/strong><\/p>\n\n\n\n<p class=\"wp-block-paragraph\">ArtSU has elected Suvi Vendelin as the student union\u2019s new art and cultural policy adviser. Vendelin will begin in her position in August and will be responsible for coordinating the student union&#8217;s art and cultural policy advocacy work and the student union&#8217;s own parliamentary election campaign. ArtSU has not previously had an art and cultural policy adviser.<\/p>\n\n\n\n<p class=\"wp-block-paragraph\">Suvi Vendelin is a student at the Aalto university, and she has previous experience for example on the board of the Aalto university student union and the National union of university students in Finland (SYL). In addition to that, Vendelin is a founder member of the Art for all ry.<\/p>","protected":false},"excerpt":{"rendered":"<p>TaiYo:n uudeksi taide- ja kulttuuripolitiikan asiantuntijaksi on valittu Suvi Vendelin. Vendelin aloittaa teht\u00e4v\u00e4ss\u00e4\u00e4n elokuussa, ja h\u00e4nen vastuullaan on ylioppilaskunnan taide- ja kulttuuripoliittisen [&hellip;]<\/p>\n","protected":false},"author":13,"featured_media":11209,"comment_status":"closed","ping_status":"open","sticky":false,"template":"","format":"standard","meta":{"_coblocks_attr":"","_coblocks_dimensions":"","_coblocks_responsive_height":"","_coblocks_accordion_ie_support":"","_crdt_document":"","advanced_seo_description":"","jetpack_seo_html_title":"","jetpack_seo_noindex":false,"_jetpack_memberships_contains_paid_content":false,"footnotes":"","jetpack_publicize_message":"","jetpack_publicize_feature_enabled":true,"jetpack_social_post_already_shared":true,"jetpack_social_options":{"image_generator_settings":{"template":"highway","default_image_id":0,"font":"","enabled":false},"version":2},"_wpas_customize_per_network":false},"categories":[1],"tags":[],"class_list":["post-11210","post","type-post","status-publish","format-standard","has-post-thumbnail","hentry","category-taiyo"],"jetpack_publicize_connections":[],"jetpack_featured_media_url":"https:\/\/i0.wp.com\/taiyo.fi\/wp-content\/uploads\/2022\/06\/P1050936-2.jpg?fit=4592%2C3064&ssl=1","jetpack_sharing_enabled":true,"jetpack_shortlink":"https:\/\/wp.me\/p2w00X-2UO","jetpack_likes_enabled":true,"amp_enabled":true,"_links":{"self":[{"href":"https:\/\/taiyo.fi\/en\/wp-json\/wp\/v2\/posts\/11210","targetHints":{"allow":["GET"]}}],"collection":[{"href":"https:\/\/taiyo.fi\/en\/wp-json\/wp\/v2\/posts"}],"about":[{"href":"https:\/\/taiyo.fi\/en\/wp-json\/wp\/v2\/types\/post"}],"author":[{"embeddable":true,"href":"https:\/\/taiyo.fi\/en\/wp-json\/wp\/v2\/users\/13"}],"replies":[{"embeddable":true,"href":"https:\/\/taiyo.fi\/en\/wp-json\/wp\/v2\/comments?post=11210"}],"version-history":[{"count":2,"href":"https:\/\/taiyo.fi\/en\/wp-json\/wp\/v2\/posts\/11210\/revisions"}],"predecessor-version":[{"id":11212,"href":"https:\/\/taiyo.fi\/en\/wp-json\/wp\/v2\/posts\/11210\/revisions\/11212"}],"wp:featuredmedia":[{"embeddable":true,"href":"https:\/\/taiyo.fi\/en\/wp-json\/wp\/v2\/media\/11209"}],"wp:attachment":[{"href":"https:\/\/taiyo.fi\/en\/wp-json\/wp\/v2\/media?parent=11210"}],"wp:term":[{"taxonomy":"category","embeddable":true,"href":"https:\/\/taiyo.fi\/en\/wp-json\/wp\/v2\/categories?post=11210"},{"taxonomy":"post_tag","embeddable":true,"href":"https:\/\/taiyo.fi\/en\/wp-json\/wp\/v2\/tags?post=11210"}],"curies":[{"name":"wp","href":"https:\/\/api.w.org\/{rel}","templated":true}]}}