{"id":11089,"date":"2022-05-25T14:23:21","date_gmt":"2022-05-25T12:23:21","guid":{"rendered":"https:\/\/taiyo.fi\/?p=11089"},"modified":"2022-12-19T12:55:12","modified_gmt":"2022-12-19T10:55:12","slug":"laulaja-kitaristi-ja-instrumenttipedagogi-allan-raffaele","status":"publish","type":"post","link":"https:\/\/taiyo.fi\/en\/2022\/05\/25\/laulaja-kitaristi-ja-instrumenttipedagogi-allan-raffaele\/","title":{"rendered":"Laulaja, kitaristi ja instrumenttipedagogi Allan Raffaele"},"content":{"rendered":"<h4>Voin toteuttaa lempiteoksesi Sinulle tai l\u00e4heisellesi juhlap\u00e4iv\u00e4n\u00e4. Syntym\u00e4p\u00e4iv\u00e4t, h\u00e4\u00e4t, yritystilaisuudet ja muut merkkip\u00e4iv\u00e4t. Youtube-linkki: <a href=\"https:\/\/youtu.be\/VHNrqLRl4T0\" rel=\"nofollow\">https:\/\/youtu.be\/VHNrqLRl4T0<\/a>. Esiintymisvideoita voi katsoa lis\u00e4\u00e4 verkkosivultani. Tarjoan my\u00f6s laulutunteja ja kitaransoiton opetusta. Ota yhteytt\u00e4, niin neuvotellaan korvauksesta!<\/h4>","protected":false},"excerpt":{"rendered":"<p>Tenori ja klassinen kitara<\/p>","protected":false},"author":2,"featured_media":11087,"comment_status":"closed","ping_status":"open","sticky":false,"template":"","format":"standard","meta":{"_coblocks_attr":"","_coblocks_dimensions":"","_coblocks_responsive_height":"","_coblocks_accordion_ie_support":"","_crdt_document":"","advanced_seo_description":"","jetpack_seo_html_title":"","jetpack_seo_noindex":false,"_jetpack_memberships_contains_paid_content":false,"footnotes":"","jetpack_publicize_message":"","jetpack_publicize_feature_enabled":true,"jetpack_social_post_already_shared":true,"jetpack_social_options":{"image_generator_settings":{"template":"highway","default_image_id":0,"font":"","enabled":false},"version":2},"_wpas_customize_per_network":false},"categories":[1],"tags":[143981792,143981793,143981801,143981798,143981804,143982061,143981957],"class_list":["post-11089","post","type-post","status-publish","format-standard","has-post-thumbnail","hentry","category-taiyo","tag-esiintyja","tag-kitara","tag-klassinen","tag-laulu","tag-opettaja","tag-tenori","tag-trubaduuri"],"jetpack_publicize_connections":[],"jetpack_featured_media_url":"https:\/\/i0.wp.com\/taiyo.fi\/wp-content\/uploads\/2022\/04\/valokuva_merikanto_laulukilpailu21.jpeg?fit=1307%2C1600&ssl=1","jetpack_sharing_enabled":true,"jetpack_shortlink":"https:\/\/wp.me\/p2w00X-2SR","jetpack_likes_enabled":true,"amp_enabled":true,"_links":{"self":[{"href":"https:\/\/taiyo.fi\/en\/wp-json\/wp\/v2\/posts\/11089","targetHints":{"allow":["GET"]}}],"collection":[{"href":"https:\/\/taiyo.fi\/en\/wp-json\/wp\/v2\/posts"}],"about":[{"href":"https:\/\/taiyo.fi\/en\/wp-json\/wp\/v2\/types\/post"}],"author":[{"embeddable":true,"href":"https:\/\/taiyo.fi\/en\/wp-json\/wp\/v2\/users\/2"}],"replies":[{"embeddable":true,"href":"https:\/\/taiyo.fi\/en\/wp-json\/wp\/v2\/comments?post=11089"}],"version-history":[{"count":2,"href":"https:\/\/taiyo.fi\/en\/wp-json\/wp\/v2\/posts\/11089\/revisions"}],"predecessor-version":[{"id":11756,"href":"https:\/\/taiyo.fi\/en\/wp-json\/wp\/v2\/posts\/11089\/revisions\/11756"}],"wp:featuredmedia":[{"embeddable":true,"href":"https:\/\/taiyo.fi\/en\/wp-json\/wp\/v2\/media\/11087"}],"wp:attachment":[{"href":"https:\/\/taiyo.fi\/en\/wp-json\/wp\/v2\/media?parent=11089"}],"wp:term":[{"taxonomy":"category","embeddable":true,"href":"https:\/\/taiyo.fi\/en\/wp-json\/wp\/v2\/categories?post=11089"},{"taxonomy":"post_tag","embeddable":true,"href":"https:\/\/taiyo.fi\/en\/wp-json\/wp\/v2\/tags?post=11089"}],"curies":[{"name":"wp","href":"https:\/\/api.w.org\/{rel}","templated":true}]}}